{"id":669560,"date":"2025-12-24T19:54:19","date_gmt":"2025-12-24T19:54:19","guid":{"rendered":"https:\/\/www.europesays.com\/de\/669560\/"},"modified":"2025-12-24T19:54:19","modified_gmt":"2025-12-24T19:54:19","slug":"millionen-regen-im-januar-fenerbahce-will-gladbach-star-verpflichten","status":"publish","type":"post","link":"https:\/\/www.europesays.com\/de\/669560\/","title":{"rendered":"Millionen-Regen im Januar? Fenerbah\u00e7e will Gladbach-Star verpflichten"},"content":{"rendered":"<p>    <img decoding=\"async\" class=\"lazy newsimage\" src=\"https:\/\/www.europesays.com\/de\/wp-content\/uploads\/2025\/12\/getty-rocco-reitz-251224152716.jpg\" loading=\"lazy\" alt=\"Rocco Reitz (r.) k\u00f6nnte Gladbach verlassen \" title=\"Rocco Reitz (r.) k\u00f6nnte Gladbach verlassen \"\/><\/p>\n<p>\n    Rocco Reitz (r.) k\u00f6nnte Gladbach verlassen  \u00a9 Christof Koepsel \/  Getty Images<\/p>\n<p>Fenerbah\u00e7e will sich im Januar auf gleich mehreren Positionen verst\u00e4rken. Unter anderem soll sich ein Gladbach-Star im Visier des Istanbuler Ausnahmevereins befinden. <\/p>\n<p>Rocco Reitz hat sich offenbar auf die Liste von Fenerbah\u00e7e gespielt. Laut <a href=\"https:\/\/x.com\/nowsportr\/status\/2003814531815071961\" rel=\"nofollow\">NOW Spor<\/a> aus der T\u00fcrkei besch\u00e4ftigt sich der\u00a0Istanbuler Spitzenverein mit einer Verpflichtung des Mittelfeldspielers.<\/p>\n<p>Reitz spielt schon seit Kindesbeinen an f\u00fcr Borussia M\u00f6nchengladbach und ist am linken Niederrhein vertraglich noch bis 2028 verankert. Zeichnet sich dennoch ein Millionenregen im Januar ab?<\/p>\n<p>Rocco Reitz verf\u00fcgt bei Gladbach \u00fcber Ausstiegsklausel<\/p>\n<p>In Reitz&#8216; Arbeitspapier befindet sich dem Vernehmen nach eine Ausstiegsklausel, die bei 20 Millionen Euro liegt. Ob diese schon f\u00fcr das kommende Wintertransferfenster G\u00fcltigkeit besitzt, ist bisher nicht gekl\u00e4rt.<\/p>\n<p>Bei den Gladbacher Borussen geh\u00f6rt Reitz zu den F\u00fchrungsspielern und leitete das Bundesliga-Ensemble in dieser Saison in jedem Spiel als Kapit\u00e4n an. Im Mittelfeld ist der 23-J\u00e4hrige flexibel einsetzbar, kann defensive wie offensive Rollen \u00fcbernehmen.<\/p>\n<p>In 15 Bundesliga-Spielen dieser Saison erhielt <a href=\"https:\/\/www.fussballeuropa.com\/news\/gladbach-droht-abgang-von-rocco-reitz-flut-von-angeboten-steht-bevor-interesse-aus-der-premier-league-2025-06\" rel=\"nofollow noopener\" target=\"_blank\">der auch in der Premier League gehandelte Reitz<\/a> jedes Mal ein Mandat in der Startelf und verpasste in der Gesamtansicht nur wenige Minuten Spielzeit.<\/p>\n<p>Quelle:  NOW Spor<\/p>\n","protected":false},"excerpt":{"rendered":"Rocco Reitz (r.) k\u00f6nnte Gladbach verlassen \u00a9 Christof Koepsel \/ Getty Images Fenerbah\u00e7e will sich im Januar auf&hellip;\n","protected":false},"author":2,"featured_media":669561,"comment_status":"","ping_status":"","sticky":false,"template":"","format":"standard","meta":{"footnotes":""},"categories":[1849],"tags":[815,299,3364,29,548,663,3934,58808,30,13,4455,14,15,1209,68418,12,56796],"class_list":{"0":"post-669560","1":"post","2":"type-post","3":"status-publish","4":"format-standard","5":"has-post-thumbnail","7":"category-moenchengladbach","8":"tag-borussia-moenchengladbach","9":"tag-bundesliga","10":"tag-de","11":"tag-deutschland","12":"tag-eu","13":"tag-europa","14":"tag-europe","15":"tag-fenerbahce","16":"tag-germany","17":"tag-headlines","18":"tag-moenchengladbach","19":"tag-nachrichten","20":"tag-news","21":"tag-nordrhein-westfalen","22":"tag-rocco-reitz","23":"tag-schlagzeilen","24":"tag-sueper-lig"},"share_on_mastodon":{"url":"https:\/\/pubeurope.com\/@de\/115776302543379084","error":""},"_links":{"self":[{"href":"https:\/\/www.europesays.com\/de\/wp-json\/wp\/v2\/posts\/669560","targetHints":{"allow":["GET"]}}],"collection":[{"href":"https:\/\/www.europesays.com\/de\/wp-json\/wp\/v2\/posts"}],"about":[{"href":"https:\/\/www.europesays.com\/de\/wp-json\/wp\/v2\/types\/post"}],"author":[{"embeddable":true,"href":"https:\/\/www.europesays.com\/de\/wp-json\/wp\/v2\/users\/2"}],"replies":[{"embeddable":true,"href":"https:\/\/www.europesays.com\/de\/wp-json\/wp\/v2\/comments?post=669560"}],"version-history":[{"count":0,"href":"https:\/\/www.europesays.com\/de\/wp-json\/wp\/v2\/posts\/669560\/revisions"}],"wp:featuredmedia":[{"embeddable":true,"href":"https:\/\/www.europesays.com\/de\/wp-json\/wp\/v2\/media\/669561"}],"wp:attachment":[{"href":"https:\/\/www.europesays.com\/de\/wp-json\/wp\/v2\/media?parent=669560"}],"wp:term":[{"taxonomy":"category","embeddable":true,"href":"https:\/\/www.europesays.com\/de\/wp-json\/wp\/v2\/categories?post=669560"},{"taxonomy":"post_tag","embeddable":true,"href":"https:\/\/www.europesays.com\/de\/wp-json\/wp\/v2\/tags?post=669560"}],"curies":[{"name":"wp","href":"https:\/\/api.w.org\/{rel}","templated":true}]}}