{"id":669621,"date":"2025-12-24T20:45:17","date_gmt":"2025-12-24T20:45:17","guid":{"rendered":"https:\/\/www.europesays.com\/de\/669621\/"},"modified":"2025-12-24T20:45:17","modified_gmt":"2025-12-24T20:45:17","slug":"bovenschulte-wuenscht-zu-weihnachten-mehr-gerechtigkeit-2","status":"publish","type":"post","link":"https:\/\/www.europesays.com\/de\/669621\/","title":{"rendered":"Bovenschulte w\u00fcnscht zu Weihnachten \u201emehr Gerechtigkeit\u201c"},"content":{"rendered":"<p>Der Regierungschef von Bremen, Andreas Bovenschulte, lenkt in seiner Weihnachtsansprache den Blick auf Menschen, die sich an den Feiertagen nichts oder nur wenig leisten k\u00f6nnen. \u201eDazu geh\u00f6ren viele Kinder. Aber auch \u00e4ltere Menschen, bei denen die kleine Rente nicht reicht, die jeden Euro zwei- oder dreimal umdrehen m\u00fcssen\u201c, sagte der SPD-Politiker in einer Videobotschaft. <\/p>\n<p>Er w\u00fcnsche sich, \u201edass wir alle daran arbeiten, diese Unterschiede kleiner zu machen. Zwischen denen, die sich auf die Geschenke freuen, auf den Weihnachtsbraten oder ein rauschendes Fest zum Jahreswechsel. Und denen, die sich all das nicht leisten k\u00f6nnen.\u201c Bovenschulte verwies darauf, dass die reichsten zehn Prozent der Bev\u00f6lkerung mehr als die H\u00e4lfte des Verm\u00f6gens in Deutschland besitzen. <\/p>\n<p>\u201eWeniger Ungleichheit und mehr Gerechtigkeit bei der Verteilung von Lebenschancen, das w\u00e4re richtig und wichtig f\u00fcr den gesellschaftlichen Zusammenhalt und f\u00fcr unsere Demokratie\u201c, sagte der B\u00fcrgermeister. <\/p>\n<p>Das kleinste Bundesland Bremen \u00fcbernahm am 1. November die Bundesratspr\u00e4sidentschaft 2025\/2026. Das Jahr steht unter dem Motto \u201eViele St\u00e4rken \u2013 ein Land\u201c. Es werde jeder und jede gebraucht, um das Land nach vorn zu bringen, betonte der Bremer Regierungschef. <\/p>\n","protected":false},"excerpt":{"rendered":"Der Regierungschef von Bremen, Andreas Bovenschulte, lenkt in seiner Weihnachtsansprache den Blick auf Menschen, die sich an den&hellip;\n","protected":false},"author":2,"featured_media":669622,"comment_status":"","ping_status":"","sticky":false,"template":"","format":"standard","meta":{"footnotes":""},"categories":[1824],"tags":[2420,3364,29,2415,30,1724,139,1458,12289],"class_list":{"0":"post-669621","1":"post","2":"type-post","3":"status-publish","4":"format-standard","5":"has-post-thumbnail","7":"category-bremen","8":"tag-bremen","9":"tag-de","10":"tag-deutschland","11":"tag-feiertag","12":"tag-germany","13":"tag-gesellschaft","14":"tag-regierung","15":"tag-soziales","16":"tag-weihnachten"},"share_on_mastodon":{"url":"https:\/\/pubeurope.com\/@de\/115776502170851118","error":""},"_links":{"self":[{"href":"https:\/\/www.europesays.com\/de\/wp-json\/wp\/v2\/posts\/669621","targetHints":{"allow":["GET"]}}],"collection":[{"href":"https:\/\/www.europesays.com\/de\/wp-json\/wp\/v2\/posts"}],"about":[{"href":"https:\/\/www.europesays.com\/de\/wp-json\/wp\/v2\/types\/post"}],"author":[{"embeddable":true,"href":"https:\/\/www.europesays.com\/de\/wp-json\/wp\/v2\/users\/2"}],"replies":[{"embeddable":true,"href":"https:\/\/www.europesays.com\/de\/wp-json\/wp\/v2\/comments?post=669621"}],"version-history":[{"count":0,"href":"https:\/\/www.europesays.com\/de\/wp-json\/wp\/v2\/posts\/669621\/revisions"}],"wp:featuredmedia":[{"embeddable":true,"href":"https:\/\/www.europesays.com\/de\/wp-json\/wp\/v2\/media\/669622"}],"wp:attachment":[{"href":"https:\/\/www.europesays.com\/de\/wp-json\/wp\/v2\/media?parent=669621"}],"wp:term":[{"taxonomy":"category","embeddable":true,"href":"https:\/\/www.europesays.com\/de\/wp-json\/wp\/v2\/categories?post=669621"},{"taxonomy":"post_tag","embeddable":true,"href":"https:\/\/www.europesays.com\/de\/wp-json\/wp\/v2\/tags?post=669621"}],"curies":[{"name":"wp","href":"https:\/\/api.w.org\/{rel}","templated":true}]}}