{"id":669637,"date":"2025-12-24T20:56:21","date_gmt":"2025-12-24T20:56:21","guid":{"rendered":"https:\/\/www.europesays.com\/de\/669637\/"},"modified":"2025-12-24T20:56:21","modified_gmt":"2025-12-24T20:56:21","slug":"als-kaiserslautern-vor-f95-duell-einen-rueckschlag-einsteckte","status":"publish","type":"post","link":"https:\/\/www.europesays.com\/de\/669637\/","title":{"rendered":"Als Kaiserslautern vor F95-Duell einen R\u00fcckschlag einsteckte"},"content":{"rendered":"<p class=\"text_ohne_einzug richtext text-em-55 !leading-serif mx-6 desktop:mx-0\">Als Fortuna im M\u00e4rz beim <a href=\"https:\/\/rp-online.de\/thema\/1-fc-kaiserslautern\/\" target=\"_blank\" rel=\"noopener\">1. FC Kaiserslautern<\/a> antrat, hatte der Gegner wie die D\u00fcsseldorfer mit Verletzungsproblemen zu k\u00e4mpfen. Beim FCK fiel dann auch noch ein wichtiger Stammspieler auf einer Schl\u00fcsselposition aus.<\/p>\n<p class=\"richtext text-em-55 !leading-serif mx-6 desktop:mx-0\"><strong class=\"font-bold dark:text-white-solid\">Die Geschichte dazu ist am 25. M\u00e4rz erschienen und landete in der Liste unserer meistgelesenen Fortuna-Artikel 2025 auf dem achten Platz. So ging sie:<\/strong><\/p>\n<p class=\"text_ohne_einzug richtext text-em-55 !leading-serif mx-6 desktop:mx-0\">In einem Punkt sind zwischen Fortuna und dem 1. FC Kaiserslautern durchaus Parallelen zu erkennen. Auf ihren verbindenden Fakt w\u00fcrden beide Zweitligisten jedoch sicherlich gerne verzichten: die momentan lange Verletztenliste. Wie bei den D\u00fcsseldorfern sind auch beim FCK einige Akteure nicht einsatzbereit. Auf beiden Seiten hat sich der Krankenstand neuerdings noch einmal versch\u00e4rft, bei Fortuna verletzten sich Vincent Vermeij und Karim Affo beim Test in Almelo (0:0), bei den Lauterern hat es j\u00fcngst Stammtorwart Julian Krahl schwer erwischt.<\/p>\n<p class=\"richtext text-em-55 !leading-serif mx-6 desktop:mx-0\">Damit muss die Mannschaft von Trainer Markus Anfang im Duell gegen Fortuna am Samstagabend (20.30 Uhr) gezwungenerma\u00dfen einen Wechsel zwischen den Pfosten vornehmen. Krahl erlitt beim 3:5 des Tabellenvierten in Paderborn \u201eeine Teilruptur des Innenbandes im Knie\u201c, teilte der FCK mit. Die Entstehung dieser Verletzung schockierte nicht nur die Zuschauer im Stadion, auch Krahls Mitspieler f\u00fchlten mit. \u201eDas sah sehr eklig aus bei Julian\u201c, erkl\u00e4rte Ragnar Ache zur Szene, als Krahl kurz vor dem Abpfiff im Rasen h\u00e4ngen geblieben war und sich das Knie verdreht hatte.<\/p>\n<p class=\"richtext text-em-55 !leading-serif mx-6 desktop:mx-0\">Auch FCK-Trainer Markus Anfang war zum einen besorgt, aber zum anderen auch nicht wirklich mit der Bewertung dieser Aktion einverstanden. \u201eZu allem \u00dcberfluss tritt Adriano Grimaldi beim 5:3 Julian ungl\u00fccklicherweise auf den Fu\u00df. Es wird sonst alles vom VAR gecheckt, das aber nicht\u201c, \u00e4rgerte sich der fr\u00fchere Fortuna-Profi, der aufgrund Krahls Verletzung dann Ersatzkeeper Simon Simoni einwechselte.<\/p>\n<p class=\"richtext text-em-55 !leading-serif mx-6 desktop:mx-0\">Nach Krahls Diagnose spricht sehr wenig daf\u00fcr, dass der Torh\u00fcter, der bislang in allen Pflichtspielen des FCK in dieser Saison zwischen den Pfosten gestanden hatte, schnell wieder auf den Platz zur\u00fcckkehren wird. Denn aufgrund seiner Verletzung wird Krahl \u201ein den kommenden Wochen\u201c, wie der Verein mitteilte, pausieren m\u00fcssen. Damit wird Simoni, der seit Mitte Januar bis Juni 2026 von Eintracht Frankfurt ausgeliehen ist, bei den anstehenden Begegnungen im Tor der Mannschaft von Trainer Anfang stehen \u2013 auch am Samstagabend gegen Fortuna.<\/p>\n<p class=\"richtext text-em-55 !leading-serif mx-6 desktop:mx-0\">Morgen geht es weiter mit unserer Serie der meistgelesenen Fortuna-Artikel des Jahres.<\/p>\n","protected":false},"excerpt":{"rendered":"Als Fortuna im M\u00e4rz beim 1. FC Kaiserslautern antrat, hatte der Gegner wie die D\u00fcsseldorfer mit Verletzungsproblemen zu&hellip;\n","protected":false},"author":2,"featured_media":669638,"comment_status":"","ping_status":"","sticky":false,"template":"","format":"standard","meta":{"footnotes":""},"categories":[1831],"tags":[48,17597,3364,29,3405,15608,6223,106039,30,15352,155909,19358,32130,155908,1209,1806,56725,11452],"class_list":{"0":"post-669637","1":"post","2":"type-post","3":"status-publish","4":"format-standard","5":"has-post-thumbnail","7":"category-duesseldorf","8":"tag-48","9":"tag-artikel","10":"tag-de","11":"tag-deutschland","12":"tag-duesseldorf","13":"tag-fck","14":"tag-fortuna","15":"tag-gelesen","16":"tag-germany","17":"tag-kaiserslautern","18":"tag-krahl","19":"tag-liste","20":"tag-markus-anfang","21":"tag-meistgelesenen","22":"tag-nordrhein-westfalen","23":"tag-serie","24":"tag-verletzten","25":"tag-verletztenliste"},"share_on_mastodon":{"url":"https:\/\/pubeurope.com\/@de\/115776545492318428","error":""},"_links":{"self":[{"href":"https:\/\/www.europesays.com\/de\/wp-json\/wp\/v2\/posts\/669637","targetHints":{"allow":["GET"]}}],"collection":[{"href":"https:\/\/www.europesays.com\/de\/wp-json\/wp\/v2\/posts"}],"about":[{"href":"https:\/\/www.europesays.com\/de\/wp-json\/wp\/v2\/types\/post"}],"author":[{"embeddable":true,"href":"https:\/\/www.europesays.com\/de\/wp-json\/wp\/v2\/users\/2"}],"replies":[{"embeddable":true,"href":"https:\/\/www.europesays.com\/de\/wp-json\/wp\/v2\/comments?post=669637"}],"version-history":[{"count":0,"href":"https:\/\/www.europesays.com\/de\/wp-json\/wp\/v2\/posts\/669637\/revisions"}],"wp:featuredmedia":[{"embeddable":true,"href":"https:\/\/www.europesays.com\/de\/wp-json\/wp\/v2\/media\/669638"}],"wp:attachment":[{"href":"https:\/\/www.europesays.com\/de\/wp-json\/wp\/v2\/media?parent=669637"}],"wp:term":[{"taxonomy":"category","embeddable":true,"href":"https:\/\/www.europesays.com\/de\/wp-json\/wp\/v2\/categories?post=669637"},{"taxonomy":"post_tag","embeddable":true,"href":"https:\/\/www.europesays.com\/de\/wp-json\/wp\/v2\/tags?post=669637"}],"curies":[{"name":"wp","href":"https:\/\/api.w.org\/{rel}","templated":true}]}}