{"id":669821,"date":"2025-12-24T23:20:34","date_gmt":"2025-12-24T23:20:34","guid":{"rendered":"https:\/\/www.europesays.com\/de\/669821\/"},"modified":"2025-12-24T23:20:34","modified_gmt":"2025-12-24T23:20:34","slug":"so-lange-haben-aldi-lidl-rewe-edeka-und-kaufland-am-24-dezember-geoeffnet","status":"publish","type":"post","link":"https:\/\/www.europesays.com\/de\/669821\/","title":{"rendered":"So lange haben Aldi, Lidl, Rewe, Edeka und Kaufland am 24. Dezember ge\u00f6ffnet"},"content":{"rendered":"<ol class=\"id-DonaldBreadcrumb lp_west_breadcrumb id-DonaldBreadcrumb--default\" data-k5a-pos=\"west_breadcrumb\">\n<li class=\"id-Breadcrumb-item\"><a href=\"https:\/\/www.merkur.de\/\" class=\"id-Breadcrumb-link\" data-id-ec=\"{\" shn=\"\" textlink=\"\" data-k5a-pos=\"1_startseite\" target=\"_blank\" rel=\"noopener\">Startseite<\/a><\/li>\n<li class=\"id-Breadcrumb-item\"><a href=\"https:\/\/www.merkur.de\/verbraucher\/\" class=\"id-Breadcrumb-link\" data-id-ec=\"{\" shn=\"\" textlink=\"\" data-k5a-pos=\"2_verbraucher\" target=\"_blank\" rel=\"noopener\">Verbraucher<\/a><\/li>\n<\/ol>\n<p class=\"id-Story-timestamp id-Story-timestamp--default\">Stand: 24.12.2025, 19:04 Uhr<\/p>\n<p class=\"id-Story-authors id-Story-authors--default\">Von: <a class=\"id-Story-authors-link lp_west_author\" href=\"https:\/\/www.merkur.de\/autor\/sandra-sporer-yz6bycmh.html\" title=\"Zur Autorenseite von Sandra Sporer\" data-id-ec=\"{\" shn=\"\" author-link=\"\" sporer=\"\" data-k5a-pos=\"west_author\" target=\"_blank\" rel=\"noopener\">Sandra Sporer<\/a><\/p>\n<p class=\"id-Story-interactionBar id-Story-interactionBar--default\">DruckenTeilen<\/p>\n<p class=\"id-StoryElement-leadText\">Wer an Heiligabend bemerkt, dass noch eine Zutat f\u00fcrs Weihnachtsessen fehlt, muss sich beeilen. Denn die Superm\u00e4rkte haben k\u00fcrzer ge\u00f6ffnet als sonst.<\/p>\n<p class=\"id-StoryElement-paragraph\">M\u00fcnchen \u2013 Am 24. Dezember schlie\u00dfen die meisten Superm\u00e4rkte ihre T\u00fcren bereits am Nachmittag. <a href=\"https:\/\/www.ippen.media\/\" rel=\"nofollow noopener\" target=\"_blank\" class=\"id-import-Link id-pageApi-Link--externalDomain\" data-id-ec=\"{&quot;sht&quot;:&quot;Container&quot;,&quot;shn&quot;:&quot;Story&quot;,&quot;p&quot;:{&quot;containerType&quot;:&quot;Paragraph&quot;,&quot;displayType&quot;:&quot;Paragraph InlineLink&quot;,&quot;type&quot;:&quot;INLINE_LINK&quot;,&quot;value&quot;:&quot;Ippen.Media&quot;,&quot;variant&quot;:&quot;standardLink&quot;,&quot;sponsored&quot;:false,&quot;linkHref&quot;:&quot;https:\/\/www.ippen.media\/&quot;,&quot;storyElementPosition&quot;:8,&quot;storyElementCount&quot;:36}}\">Ippen.Media<\/a> hat bei den Superm\u00e4rkten und Discountern nachgefragt, wann sie an den Feiertagen ge\u00f6ffnet haben. Wer danach noch etwas braucht, muss hoffen in der N\u00e4he von einem der Orte zu wohnen, f\u00fcr die Ausnahmeregelungen gelten. Dazu geh\u00f6ren unter anderem Bahnh\u00f6fe.<\/p>\n<p><img decoding=\"async\" class=\"id-RatioPlaceholder-element wv_story_el_image\" src=\"https:\/\/www.europesays.com\/de\/wp-content\/uploads\/2025\/12\/36540510-weihnachtseinkauf-im-supermarkt-das-sind-die-oeffnungszeiten-PLBG.jpg\" loading=\"lazy\"   height=\"734\" width=\"1100\" alt=\"Weihnachtseinkauf im Supermarkt &#x2013; das sind die &#xD6;ffnungszeiten.\"\/>Der Weihnachtseinkauf sollte rechtzeitig erledigt werden \u2013 denn die Gesch\u00e4fte schlie\u00dfen am 24. Dezember meist fr\u00fcher. \u00a9\u00a0Rolf Vennenbernd\/dpa<\/p>\n<p class=\"id-StoryElement-paragraph\">Heiligabend ist zwar kein gesetzlicher Feiertag, dennoch gelten besondere Bestimmungen f\u00fcr den Einzelhandel. Die Laden\u00f6ffnungsgesetze der Bundesl\u00e4nder regeln, wie lange Gesch\u00e4fte am 24. Dezember ihre T\u00fcren f\u00fcr Kunden \u00f6ffnen d\u00fcrfen. Grunds\u00e4tzlich m\u00fcssen die meisten Verkaufsstellen an diesem Tag deutlich fr\u00fcher schlie\u00dfen als gew\u00f6hnlich \u2013 ein Umstand, der Jahr f\u00fcr Jahr zu vollen G\u00e4ngen und langen Warteschlangen in den Superm\u00e4rkten f\u00fchrt.<\/p>\n<p>Gesetzliche Regelungen bestimmen die \u00d6ffnungszeiten  an Weihnachten \u2013 Das gilt f\u00fcr Aldi und Lidl<\/p>\n<p class=\"id-StoryElement-paragraph\">Bei den Discounter-Riesen <a href=\"https:\/\/www.hna.de\/verbraucher\/aldi-discounter-sued-nord-angebote-karl-theo-albrecht-kassel-supermarkt-13698258.html\" class=\"id-import-Link id-pageApi-Link--externalDomain\" data-id-ec=\"{&quot;sht&quot;:&quot;Container&quot;,&quot;shn&quot;:&quot;Story&quot;,&quot;p&quot;:{&quot;containerType&quot;:&quot;Paragraph&quot;,&quot;displayType&quot;:&quot;Paragraph InlineLink&quot;,&quot;type&quot;:&quot;INLINE_LINK&quot;,&quot;value&quot;:&quot;Aldi&quot;,&quot;variant&quot;:&quot;standardLink&quot;,&quot;sponsored&quot;:false,&quot;linkHref&quot;:&quot;https:\/\/www.hna.de\/verbraucher\/aldi-discounter-sued-nord-angebote-karl-theo-albrecht-kassel-supermarkt-13698258.html&quot;,&quot;storyElementPosition&quot;:14,&quot;storyElementCount&quot;:36}}\" target=\"_blank\" rel=\"noopener\">Aldi<\/a> Nord und Aldi S\u00fcd herrschen an Heiligabend 2025 leicht unterschiedliche \u00d6ffnungszeiten. Aldi Nord \u00f6ffnet seine Filialen ab 7 Uhr morgens und garantiert eine \u00d6ffnung bis mindestens 13 Uhr. Allerdings k\u00f6nnen einzelne M\u00e4rkte, insbesondere in Einkaufszentren, abweichende Zeiten haben. Kunden sollten daher die Aush\u00e4nge der jeweiligen Filialen beachten, die fr\u00fchzeitig \u00fcber die konkreten \u00d6ffnungszeiten informieren.<\/p>\n<p class=\"id-StoryElement-paragraph\">Aldi S\u00fcd differenziert hingegen nach Bundesl\u00e4ndern: In Baden-W\u00fcrttemberg und Hessen schlie\u00dfen die Filialen bereits um 13:30 Uhr, w\u00e4hrend in allen anderen Bundesl\u00e4ndern bis 14 Uhr eingekauft werden kann. Auch hier gilt die Besonderheit, dass Filialen in Einkaufscentern sich nach den \u00d6ffnungszeiten des jeweiligen Centers richten und somit von den Standardzeiten abweichen k\u00f6nnen.<\/p>\n<p>Von Gans bis Raclette: Das sind die Favoriten der Deutschen f\u00fcr das Weihnachtsessen<img decoding=\"async\" class=\"id-RatioPlaceholder-element wv_story_el_interstitialImage\" src=\"https:\/\/www.europesays.com\/de\/wp-content\/uploads\/2025\/12\/40701352-serving-roast-chicken-at-vintage-style-christmas-dinner-celebration-festliches-weihnachtses.jpeg\" loading=\"lazy\"   height=\"2874\" width=\"4000\" alt=\"Serving roast chicken at a vintage style Christmas dinner celebration Festliches Weihnachtsessen \"\/><a href=\"https:\/\/www.merkur.de\/leben\/genuss\/die-15-beliebtesten-weihnachtsgerichte-der-deutschen-zr-94068730.html\" class=\"id-StoryElement-intestitialLink-link\" data-id-ec=\"{\" shn=\"\" ansehen=\"\" data-k5a-pos=\"west_story_16_photoGalleryLink\" title=\"Zur Fotostrecke: Von Gans bis Raclette: Das sind die Favoriten der Deutschen f&#xFC;r das Weihnachtsessen\" target=\"_blank\" rel=\"noopener\">Fotostrecke ansehen<\/a><\/p>\n<p class=\"id-StoryElement-paragraph\">Der Discounter <a href=\"https:\/\/www.hna.de\/verbraucher\/lidl-supermarkt-discounter-prospekt-lieferung-oeffnungszeiten-online-shop-90008317.html\" class=\"id-import-Link id-pageApi-Link--externalDomain\" data-id-ec=\"{&quot;sht&quot;:&quot;Container&quot;,&quot;shn&quot;:&quot;Story&quot;,&quot;p&quot;:{&quot;containerType&quot;:&quot;Paragraph&quot;,&quot;displayType&quot;:&quot;Paragraph InlineLink&quot;,&quot;type&quot;:&quot;INLINE_LINK&quot;,&quot;value&quot;:&quot;Lidl&quot;,&quot;variant&quot;:&quot;standardLink&quot;,&quot;sponsored&quot;:false,&quot;linkHref&quot;:&quot;https:\/\/www.hna.de\/verbraucher\/lidl-supermarkt-discounter-prospekt-lieferung-oeffnungszeiten-online-shop-90008317.html&quot;,&quot;storyElementPosition&quot;:18,&quot;storyElementCount&quot;:36}}\" target=\"_blank\" rel=\"noopener\">Lidl<\/a> \u00f6ffnet an Heiligabend 2025 ab 7 Uhr morgens, die Ladenschlusszeiten richten sich nach den \u00d6ffnungszeitengesetzen der jeweiligen Bundesl\u00e4nder. Konkrete Informationen zu den \u00d6ffnungszeiten ihrer Filiale finden Kunden auf Schildern am Eingang jeder Filiale oder auf der Lidl-Website unter www.lidl.de\/de\/filialsuche.<\/p>\n<p>Keine einheitliche \u00d6ffnungszeiten-Regelung bei Edeka \u2013 Rewe und Kaufland dagegen sehr klassisch<\/p>\n<p class=\"id-StoryElement-paragraph\">Bei Edeka gestaltet sich die Situation komplexer: In dem genossenschaftlichen Verbund von rund 3.200 Kaufleuten entscheiden diese eigenst\u00e4ndig \u00fcber die \u00d6ffnungszeiten in ihren M\u00e4rkten. Verbraucher sollten daher die Marktsuche auf www.edeka.de nutzen, um die \u00d6ffnungszeiten ihrer \u00f6rtlichen Filiale zu ermitteln.<\/p>\n<p class=\"id-StoryElement-paragraph\">Die \u00d6ffnungszeiten der <a href=\"https:\/\/www.hna.de\/wirtschaft\/rewe-supermarkt-kassel-lieferung-online-shop-angebote-prospekt-13732807.html\" class=\"id-import-Link id-pageApi-Link--externalDomain\" data-id-ec=\"{&quot;sht&quot;:&quot;Container&quot;,&quot;shn&quot;:&quot;Story&quot;,&quot;p&quot;:{&quot;containerType&quot;:&quot;Paragraph&quot;,&quot;displayType&quot;:&quot;Paragraph InlineLink&quot;,&quot;type&quot;:&quot;INLINE_LINK&quot;,&quot;value&quot;:&quot;Rewe&quot;,&quot;variant&quot;:&quot;standardLink&quot;,&quot;sponsored&quot;:false,&quot;linkHref&quot;:&quot;https:\/\/www.hna.de\/wirtschaft\/rewe-supermarkt-kassel-lieferung-online-shop-angebote-prospekt-13732807.html&quot;,&quot;storyElementPosition&quot;:22,&quot;storyElementCount&quot;:36}}\" target=\"_blank\" rel=\"noopener\">Rewe<\/a>-M\u00e4rkte sind abh\u00e4ngig von den lokalen Gegebenheiten wie Laden\u00f6ffnungsgesetzen, Nachfrage sowie geltenden Ruhezeiten. Ein Gro\u00dfteil der Rewe-M\u00e4rkte hat jedoch bis 13 Uhr ge\u00f6ffnet. Auch <a href=\"https:\/\/www.hna.de\/verbraucher\/alles-rund-um-die-supermarkt-kette-kaufland-geschichte-angebot-und-prospekt-93924714.html\" class=\"id-import-Link id-pageApi-Link--externalDomain\" data-id-ec=\"{&quot;sht&quot;:&quot;Container&quot;,&quot;shn&quot;:&quot;Story&quot;,&quot;p&quot;:{&quot;containerType&quot;:&quot;Paragraph&quot;,&quot;displayType&quot;:&quot;Paragraph InlineLink&quot;,&quot;type&quot;:&quot;INLINE_LINK&quot;,&quot;value&quot;:&quot;Kaufland&quot;,&quot;variant&quot;:&quot;standardLink&quot;,&quot;sponsored&quot;:false,&quot;linkHref&quot;:&quot;https:\/\/www.hna.de\/verbraucher\/alles-rund-um-die-supermarkt-kette-kaufland-geschichte-angebot-und-prospekt-93924714.html&quot;,&quot;storyElementPosition&quot;:22,&quot;storyElementCount&quot;:36}}\" target=\"_blank\" rel=\"noopener\">Kaufland<\/a> h\u00e4lt sich strikt an die gesetzlichen Vorgaben und hat an Heiligabend bis 14 Uhr ge\u00f6ffnet. Wer auf Nummer sicher gehen will, kann sich auch hier sowohl auf der Kaufland-Webseite als auch durch Aush\u00e4nge in den Filialen \u00fcber die genauen \u00d6ffnungszeiten informieren.<\/p>\n<p class=\"id-StoryElement-paragraph\"><strong>Hier noch einmal alle \u00d6ffnungszeiten im \u00dcberblick:<\/strong><\/p>\n<ul class=\"id-StoryElement-list id-StoryElement-list--unordered\">\n<li class=\"id-StoryElement-list-item\">Aldi Nord: 7 bis mindestens 13 Uhr<\/li>\n<li class=\"id-StoryElement-list-item\">Aldi S\u00fcd: 7 bis 14 Uhr, in Baden-W\u00fcrttemberg und Hessen nur bis 13.30 Uhr<\/li>\n<li class=\"id-StoryElement-list-item\">Lidl: ab 7 Uhr morgens, Ladenschluss abh\u00e4ngig von \u00d6ffnungszeitengesetz des jeweiligen Bundeslandes<\/li>\n<li class=\"id-StoryElement-list-item\">Edeka: \u00d6ffnungszeiten je Filiale unterschiedlich<\/li>\n<li class=\"id-StoryElement-list-item\">Rewe: Gro\u00dfteil der M\u00e4rkte von 7 bis 13 Uhr ge\u00f6ffnet<\/li>\n<li class=\"id-StoryElement-list-item\">Kaufland: 7 bis 14 Uhr<\/li>\n<\/ul>\n<p>Online-Services: Wie fr\u00fch Sie bestellen sollten, damit Ihre Lebensmittel noch rechtzeitig ankommen<\/p>\n<p class=\"id-StoryElement-paragraph\">Viele Superm\u00e4rkte bieten ihren Kunden inzwischen auch einen Lieferservice f\u00fcr Lebensmittel an. Auch diese k\u00f6nnen teils noch f\u00fcr Last-Minute-Eink\u00e4ufe genutzt werden. So nimmt etwa der Rewe Lieferservice an Heiligabend bis 6 Uhr morgens Bestellungen entgegen, die dann noch am selben Tag bis 14 Uhr geliefert werden. Allerdings sind diese beliebten Lieferslots schnell ausgebucht, weshalb eine fr\u00fchzeitige Bestellung empfehlenswert ist, erkl\u00e4rt ein Rewe-Sprecher auf Anfrage von Ippen.Media.<\/p>\n<p class=\"id-StoryElement-paragraph\">Auch bei Kaufland kann w\u00e4hrend der Feiertage weiterhin auf kaufland.de eingekauft werden. Die Lieferungen erfolgen zu den <a href=\"https:\/\/www.merkur.de\/verbraucher\/so-treffen-die-weihnachtsgeschenke-rechtzeitig-ein-lieferzeiten-im-ueberblick-zr-93459877.html\" class=\"id-import-Link\" data-id-ec=\"{&quot;sht&quot;:&quot;Container&quot;,&quot;shn&quot;:&quot;Story&quot;,&quot;p&quot;:{&quot;containerType&quot;:&quot;Paragraph&quot;,&quot;displayType&quot;:&quot;Paragraph InlineLink&quot;,&quot;type&quot;:&quot;INLINE_LINK&quot;,&quot;value&quot;:&quot;&#xFC;blichen Zustellzeiten der Paketdienstleister&quot;,&quot;variant&quot;:&quot;standardLink&quot;,&quot;sponsored&quot;:false,&quot;linkHref&quot;:&quot;https:\/\/www.merkur.de\/verbraucher\/so-treffen-die-weihnachtsgeschenke-rechtzeitig-ein-lieferzeiten-im-ueberblick-zr-93459877.html&quot;,&quot;storyElementPosition&quot;:29,&quot;storyElementCount&quot;:36}}\" target=\"_blank\" rel=\"noopener\">\u00fcblichen Zustellzeiten der Paketdienstleister<\/a>. Bei Lidl wird das erwartete Lieferdatum schon im Bestellprozess angezeigt. So k\u00f6nnen Kunden sicherstellen, dass ihre Waren noch rechtzeitig eintreffen. Die Lieferzeit betr\u00e4gt Lidl zufolge zwischen drei und f\u00fcnf Werktagen.<\/p>\n<p>Weihnachten stressfrei feiern: inklusive Men\u00fcplan &amp; Checkliste<img decoding=\"async\" class=\"id-RatioPlaceholder-element wv_story_el_image\" src=\"https:\/\/www.europesays.com\/de\/wp-content\/uploads\/2025\/12\/40619814-tipps-fuer-eine-weihnachtsfeier-ohne-stress-RgBG.jpg\" loading=\"lazy\"   height=\"619\" width=\"1100\" alt=\"Tipps f&#xFC;r eine Weihnachtsfeier ohne Stress.\"\/>Tipps f\u00fcr eine Weihnachtsfeier ohne Stress. \u00a9\u00a0IPPEN.MEDIA<\/p>\n<p class=\"id-StoryElement-factBox-paragraph\">Laden Sie sich unseren Ratgeber f\u00fcr entspannte Weihnachten hier kostenlos herunter und genie\u00dfen Sie die Festtage ohne Stress \u2013 mit Men\u00fcplan und Checkliste.<\/p>\n<p class=\"id-StoryElement-factBox-paragraph\"><a href=\"https:\/\/www.merkur.de\/sub\/elibrary\/product\/8a28b7ac9a960d87019a97a18a3d4c9c\" target=\"_blank\" class=\"id-import-Link--action\" data-id-ec=\"{&quot;sht&quot;:&quot;Container&quot;,&quot;shn&quot;:&quot;Story&quot;,&quot;p&quot;:{&quot;containerType&quot;:&quot;FactBox&quot;,&quot;displayType&quot;:&quot;FactBox InlineLink&quot;,&quot;type&quot;:&quot;INLINE_LINK&quot;,&quot;value&quot;:&quot;HIER k&#xF6;nnen Sie das Magazin herunterladen&quot;,&quot;variant&quot;:&quot;callToAction&quot;,&quot;sponsored&quot;:false,&quot;linkHref&quot;:&quot;https:\/\/www.merkur.de\/sub\/elibrary\/product\/8a28b7ac9a960d87019a97a18a3d4c9c&quot;,&quot;storyElementPosition&quot;:31,&quot;storyElementCount&quot;:36}}\" data-id-av=\"{&quot;sht&quot;:&quot;Container&quot;,&quot;shn&quot;:&quot;Story&quot;,&quot;p&quot;:{&quot;containerType&quot;:&quot;FactBox&quot;,&quot;displayType&quot;:&quot;FactBox InlineLink&quot;,&quot;type&quot;:&quot;INLINE_LINK&quot;,&quot;value&quot;:&quot;HIER k&#xF6;nnen Sie das Magazin herunterladen&quot;,&quot;variant&quot;:&quot;callToAction&quot;,&quot;sponsored&quot;:false,&quot;linkHref&quot;:&quot;https:\/\/www.merkur.de\/sub\/elibrary\/product\/8a28b7ac9a960d87019a97a18a3d4c9c&quot;,&quot;storyElementPosition&quot;:31,&quot;storyElementCount&quot;:36}}\" rel=\"noopener\">HIER k\u00f6nnen Sie das Magazin herunterladen<\/a><\/p>\n<p>Rechtzeitige Planung empfohlen<\/p>\n<p class=\"id-StoryElement-paragraph\">Wer an Heiligabend noch einkaufen muss, sollte seine Besorgungen m\u00f6glichst fr\u00fch am Tag erledigen. Die verk\u00fcrzten \u00d6ffnungszeiten f\u00fchren traditionell zu einem erh\u00f6hten Kundenandrang, besonders in den letzten Stunden vor Ladenschluss. Besser ist es, bereits in der Woche vor Weihnachten die wichtigsten Eink\u00e4ufe zu t\u00e4tigen und Heiligabend nur f\u00fcr wirklich vergessene Kleinigkeiten zu nutzen.<\/p>\n<p class=\"id-StoryElement-paragraph\">Sollte nach dem regul\u00e4ren Ladenschluss noch etwas fehlen, gibt es einige Superm\u00e4rkte, die aufgrund geltender Ausnahmen auch am 24. Dezember l\u00e4nger aufhaben d\u00fcrfen. <a href=\"https:\/\/www.merkur.de\/verbraucher\/supermaerkte-sind-guenstiger-wieso-sich-duty-free-nicht-lohnt-93841112.html\" class=\"id-import-Link\" data-id-ec=\"{&quot;sht&quot;:&quot;Container&quot;,&quot;shn&quot;:&quot;Story&quot;,&quot;p&quot;:{&quot;containerType&quot;:&quot;Paragraph&quot;,&quot;displayType&quot;:&quot;Paragraph InlineLink&quot;,&quot;type&quot;:&quot;INLINE_LINK&quot;,&quot;value&quot;:&quot;Gesch&#xE4;fte an Flugh&#xE4;fen&quot;,&quot;variant&quot;:&quot;standardLink&quot;,&quot;sponsored&quot;:false,&quot;linkHref&quot;:&quot;https:\/\/www.merkur.de\/verbraucher\/supermaerkte-sind-guenstiger-wieso-sich-duty-free-nicht-lohnt-93841112.html&quot;,&quot;storyElementPosition&quot;:35,&quot;storyElementCount&quot;:36}}\" target=\"_blank\" rel=\"noopener\">Gesch\u00e4fte an Flugh\u00e4fen<\/a> und Bahnh\u00f6fen<strong> <\/strong>d\u00fcrfen Heiligabend bis 17 Uhr ge\u00f6ffnet bleiben, wie das Portal <a href=\"https:\/\/www.gesetze-im-internet.de\/ladschlg\/BJNR008750956.html\" rel=\"nofollow noopener\" target=\"_blank\" class=\"id-import-Link id-pageApi-Link--externalDomain\" data-id-ec=\"{&quot;sht&quot;:&quot;Container&quot;,&quot;shn&quot;:&quot;Story&quot;,&quot;p&quot;:{&quot;containerType&quot;:&quot;Paragraph&quot;,&quot;displayType&quot;:&quot;Paragraph InlineLink&quot;,&quot;type&quot;:&quot;INLINE_LINK&quot;,&quot;value&quot;:&quot;gesetze-im-internet.de&quot;,&quot;variant&quot;:&quot;standardLink&quot;,&quot;sponsored&quot;:false,&quot;linkHref&quot;:&quot;https:\/\/www.gesetze-im-internet.de\/ladschlg\/BJNR008750956.html&quot;,&quot;storyElementPosition&quot;:35,&quot;storyElementCount&quot;:36}}\">gesetze-im-internet.de<\/a> informiert. Allerdings ist dort ausschlie\u00dflich der Verkauf von Reisebedarf gestattet. Dazu z\u00e4hlen Zeitungen, Reisetoilettenartikel, Lebens- und Genussmittel in kleineren Mengen sowie Reiseandenken. Eine Sonderregelung gilt laut der <a href=\"https:\/\/www.ihk-muenchen.de\/ratgeber\/recht\/gewerberecht\/heiligabend\/\" rel=\"nofollow noopener\" target=\"_blank\" class=\"id-import-Link id-pageApi-Link--externalDomain\" data-id-ec=\"{&quot;sht&quot;:&quot;Container&quot;,&quot;shn&quot;:&quot;Story&quot;,&quot;p&quot;:{&quot;containerType&quot;:&quot;Paragraph&quot;,&quot;displayType&quot;:&quot;Paragraph InlineLink&quot;,&quot;type&quot;:&quot;INLINE_LINK&quot;,&quot;value&quot;:&quot;IHK M&#xFC;nchen&quot;,&quot;variant&quot;:&quot;standardLink&quot;,&quot;sponsored&quot;:false,&quot;linkHref&quot;:&quot;https:\/\/www.ihk-muenchen.de\/ratgeber\/recht\/gewerberecht\/heiligabend\/&quot;,&quot;storyElementPosition&quot;:35,&quot;storyElementCount&quot;:36}}\">IHK M\u00fcnchen<\/a> f\u00fcr die Flugh\u00e4fen M\u00fcnchen und N\u00fcrnberg, die auch Waren des t\u00e4glichen Bedarfs und Geschenkartikel verkaufen d\u00fcrfen. (Quellen: eigene Recherche, gesetze-im-internet.de, IHK M\u00fcnchen) (sp)<\/p>\n<p class=\"id-StoryElement-paragraph\">Haben Sie eine Meinung zu diesem Artikel oder \u00e4hnliche Erfahrungen gemacht? Haben Sie Fehler entdeckt? Schreiben Sie direkt an unsere Autorin\/unseren Autor \u2013 die Kontaktdaten finden Sie im Autorenprofil.<\/p>\n","protected":false},"excerpt":{"rendered":"Startseite Verbraucher Stand: 24.12.2025, 19:04 Uhr Von: Sandra Sporer DruckenTeilen Wer an Heiligabend bemerkt, dass noch eine Zutat&hellip;\n","protected":false},"author":2,"featured_media":668251,"comment_status":"","ping_status":"","sticky":false,"template":"","format":"standard","meta":{"footnotes":""},"categories":[134],"tags":[175,170,169,29,30,171,174,173,172],"class_list":{"0":"post-669821","1":"post","2":"type-post","3":"status-publish","4":"format-standard","5":"has-post-thumbnail","7":"category-unternehmen-maerkte","8":"tag-business","9":"tag-companies","10":"tag-companies-markets","11":"tag-deutschland","12":"tag-germany","13":"tag-markets","14":"tag-maerkte","15":"tag-unternehmen","16":"tag-unternehmen-maerkte"},"share_on_mastodon":{"url":"https:\/\/pubeurope.com\/@de\/115777112708117056","error":""},"_links":{"self":[{"href":"https:\/\/www.europesays.com\/de\/wp-json\/wp\/v2\/posts\/669821","targetHints":{"allow":["GET"]}}],"collection":[{"href":"https:\/\/www.europesays.com\/de\/wp-json\/wp\/v2\/posts"}],"about":[{"href":"https:\/\/www.europesays.com\/de\/wp-json\/wp\/v2\/types\/post"}],"author":[{"embeddable":true,"href":"https:\/\/www.europesays.com\/de\/wp-json\/wp\/v2\/users\/2"}],"replies":[{"embeddable":true,"href":"https:\/\/www.europesays.com\/de\/wp-json\/wp\/v2\/comments?post=669821"}],"version-history":[{"count":0,"href":"https:\/\/www.europesays.com\/de\/wp-json\/wp\/v2\/posts\/669821\/revisions"}],"wp:featuredmedia":[{"embeddable":true,"href":"https:\/\/www.europesays.com\/de\/wp-json\/wp\/v2\/media\/668251"}],"wp:attachment":[{"href":"https:\/\/www.europesays.com\/de\/wp-json\/wp\/v2\/media?parent=669821"}],"wp:term":[{"taxonomy":"category","embeddable":true,"href":"https:\/\/www.europesays.com\/de\/wp-json\/wp\/v2\/categories?post=669821"},{"taxonomy":"post_tag","embeddable":true,"href":"https:\/\/www.europesays.com\/de\/wp-json\/wp\/v2\/tags?post=669821"}],"curies":[{"name":"wp","href":"https:\/\/api.w.org\/{rel}","templated":true}]}}