{"id":669842,"date":"2025-12-24T23:56:19","date_gmt":"2025-12-24T23:56:19","guid":{"rendered":"https:\/\/www.europesays.com\/de\/669842\/"},"modified":"2025-12-24T23:56:19","modified_gmt":"2025-12-24T23:56:19","slug":"greenpeace-anhaenger-gehen-aus-protest-im-kuhsee-baden","status":"publish","type":"post","link":"https:\/\/www.europesays.com\/de\/669842\/","title":{"rendered":"Greenpeace-Anh\u00e4nger gehen aus Protest im Kuhsee baden"},"content":{"rendered":"<p class=\"mb-6 text-xs md:text-m lg:text-l font-serif group-[.font-sans]:font-sans \">\n    Es ist bereits zu einer Tradition geworden, dass Aktive der Augsburger Greenpeace-Gruppe an Heiligabend im Kuhsee baden gehen.  Auch in diesem Jahr trugen sie ein gelbes Banner in der Hand. Darauf forderten sie Klimagerechtigkeit. Mit der Badeaktion setzen sich die Ehrenamtlichen bereits im zw\u00f6lften Jahr in Folge f\u00fcr mehr Klimaschutz ein.\n  <\/p>\n<p class=\"mb-6 text-xs md:text-m lg:text-l font-serif group-[.font-sans]:font-sans \">\n    \u201eIn den Jahren, in denen wir die weihnachtliche Badeaktion machen, wurden bereits einige Weichen f\u00fcr den Klimaschutz gestellt\u201c, erkl\u00e4rt Michael Renner von Greenpeace Augsburg. \u201eAber leider m\u00fcssen wir immer wieder feststellen, dass dennoch nicht genug passiert. Das liegt auch daran, weil auf gro\u00df angek\u00fcndigte Pl\u00e4ne oft nicht die n\u00f6tigen Taten folgen.\u201c\n  <\/p>\n<p>            Klimaabkommen wurde in Augsburg symbolisch zu Grabe getragen<\/p>\n<p class=\"mb-6 text-xs md:text-m lg:text-l font-serif group-[.font-sans]:font-sans \">\n    In einer Mitteilung von Greenpeace wurden zwei Beispiele genannt: das gekippte Verbrenner-Aus und das Pariser Klimaabkommen, das Klimaaktive in Augsburg am 12. Dezember symbolisch zu Grabe trugen. \u201eDer Klimaschutz geht baden. Um das zu verdeutlichen, steigen auch wir ins Wasser \u2013 und zittern ganz buchst\u00e4blich um unsere Zukunft\u201c, so Michael Renner. (AZ, ziss)\n  <\/p>\n<ul data-module-id=\"DragDropModule\" class=\"flex flex-wrap justify-start group-[.no-bookmarks]:hidden\">\n<li class=\"mb-3 mr-3\">\n    Greenpeace<\/p>\n<p>      Icon Haken im Kreis gesetzt<\/p>\n<p>      Icon Plus im Kreis<\/p>\n<\/li>\n<li class=\"mb-3 mr-3\">\n    Augsburg<\/p>\n<p>      Icon Haken im Kreis gesetzt<\/p>\n<p>      Icon Plus im Kreis<\/p>\n<\/li>\n<li class=\"mb-3 mr-3\">\n    Michael Renner<\/p>\n<p>      Icon Haken im Kreis gesetzt<\/p>\n<p>      Icon Plus im Kreis<\/p>\n<\/li>\n<\/ul>\n","protected":false},"excerpt":{"rendered":"Es ist bereits zu einer Tradition geworden, dass Aktive der Augsburger Greenpeace-Gruppe an Heiligabend im Kuhsee baden gehen.&hellip;\n","protected":false},"author":2,"featured_media":669843,"comment_status":"","ping_status":"","sticky":false,"template":"","format":"standard","meta":{"footnotes":""},"categories":[1846],"tags":[680,155939,772,3364,29,548,663,3934,30,57820,13,5527,155938,14,15,12,155940],"class_list":{"0":"post-669842","1":"post","2":"type-post","3":"status-publish","4":"format-standard","5":"has-post-thumbnail","7":"category-augsburg","8":"tag-augsburg","9":"tag-badeaktion","10":"tag-bayern","11":"tag-de","12":"tag-deutschland","13":"tag-eu","14":"tag-europa","15":"tag-europe","16":"tag-germany","17":"tag-greenpeace","18":"tag-headlines","19":"tag-heiligabend","20":"tag-michael-renner","21":"tag-nachrichten","22":"tag-news","23":"tag-schlagzeilen","24":"tag-uebereinkommen-von-paris"},"share_on_mastodon":{"url":"https:\/\/pubeurope.com\/@de\/115777253286843521","error":""},"_links":{"self":[{"href":"https:\/\/www.europesays.com\/de\/wp-json\/wp\/v2\/posts\/669842","targetHints":{"allow":["GET"]}}],"collection":[{"href":"https:\/\/www.europesays.com\/de\/wp-json\/wp\/v2\/posts"}],"about":[{"href":"https:\/\/www.europesays.com\/de\/wp-json\/wp\/v2\/types\/post"}],"author":[{"embeddable":true,"href":"https:\/\/www.europesays.com\/de\/wp-json\/wp\/v2\/users\/2"}],"replies":[{"embeddable":true,"href":"https:\/\/www.europesays.com\/de\/wp-json\/wp\/v2\/comments?post=669842"}],"version-history":[{"count":0,"href":"https:\/\/www.europesays.com\/de\/wp-json\/wp\/v2\/posts\/669842\/revisions"}],"wp:featuredmedia":[{"embeddable":true,"href":"https:\/\/www.europesays.com\/de\/wp-json\/wp\/v2\/media\/669843"}],"wp:attachment":[{"href":"https:\/\/www.europesays.com\/de\/wp-json\/wp\/v2\/media?parent=669842"}],"wp:term":[{"taxonomy":"category","embeddable":true,"href":"https:\/\/www.europesays.com\/de\/wp-json\/wp\/v2\/categories?post=669842"},{"taxonomy":"post_tag","embeddable":true,"href":"https:\/\/www.europesays.com\/de\/wp-json\/wp\/v2\/tags?post=669842"}],"curies":[{"name":"wp","href":"https:\/\/api.w.org\/{rel}","templated":true}]}}