{"id":669860,"date":"2025-12-25T00:09:16","date_gmt":"2025-12-25T00:09:16","guid":{"rendered":"https:\/\/www.europesays.com\/de\/669860\/"},"modified":"2025-12-25T00:09:16","modified_gmt":"2025-12-25T00:09:16","slug":"das-ist-einfach-eine-nummer-zu-gross","status":"publish","type":"post","link":"https:\/\/www.europesays.com\/de\/669860\/","title":{"rendered":"\u201eDas ist einfach eine Nummer zu gro\u00df\u201c"},"content":{"rendered":"<p class=\"text_ohne_einzug richtext text-em-55 !leading-serif mx-6 desktop:mx-0\"> Das geplante Bauprojekt Edeka-Vollsortimenter mitten im Anrather Ortskern sorgt f\u00fcr viel Unmut bei den Anwohnern. Das Team St\u00e4dtebauliche Planung hatte zu einer B\u00fcrgerinfo ins Technische Rathaus in Neersen \u2013 also nicht nach Anrath, schon das gefiel so manchem nicht \u2013 eingeladen. Rund 100 Anratherinnen und Anrather kamen dorthin, um Fragen zu stellen, Bedenken zu \u00e4u\u00dfern \u2013 und das waren einige. Das Team der Stadtverwaltung hatte gro\u00dfe M\u00fche, aufgebrachte Anwohnerinnen und Anwohner zu beruhigen, auf Zwischenrufe einzugehen, Fragen so zu beantworten, dass die Fragestellenden mit den Antworten auch zufrieden waren. Ein Anwohner versuchte zu vermitteln: \u201eIch glaube, die meisten finden es ja grunds\u00e4tzlich in Ordnung, dass da was passiert. Aber das ist einfach eine Nummer zu gro\u00df\u201c, sagte er und erntete Applaus.<\/p>\n","protected":false},"excerpt":{"rendered":"Das geplante Bauprojekt Edeka-Vollsortimenter mitten im Anrather Ortskern sorgt f\u00fcr viel Unmut bei den Anwohnern. Das Team St\u00e4dtebauliche&hellip;\n","protected":false},"author":2,"featured_media":669861,"comment_status":"","ping_status":"","sticky":false,"template":"","format":"standard","meta":{"footnotes":""},"categories":[1840],"tags":[26442,61899,155947,14769,42126,155946,3364,29,1024,20218,30,1209,4847,2218,524,4051,155945,4418],"class_list":{"0":"post-669860","1":"post","2":"type-post","3":"status-publish","4":"format-standard","5":"has-post-thumbnail","7":"category-wuppertal","8":"tag-anwohnerinnen","9":"tag-anrath","10":"tag-anratherinnen","11":"tag-anwohner","12":"tag-anwohnerin","13":"tag-bogenstrasse","14":"tag-de","15":"tag-deutschland","16":"tag-edeka","17":"tag-geplant","18":"tag-germany","19":"tag-nordrhein-westfalen","20":"tag-parkplatz","21":"tag-rathaus","22":"tag-strasse","23":"tag-team","24":"tag-vollsortimenter","25":"tag-wuppertal"},"share_on_mastodon":{"url":"https:\/\/pubeurope.com\/@de\/115777304375996626","error":""},"_links":{"self":[{"href":"https:\/\/www.europesays.com\/de\/wp-json\/wp\/v2\/posts\/669860","targetHints":{"allow":["GET"]}}],"collection":[{"href":"https:\/\/www.europesays.com\/de\/wp-json\/wp\/v2\/posts"}],"about":[{"href":"https:\/\/www.europesays.com\/de\/wp-json\/wp\/v2\/types\/post"}],"author":[{"embeddable":true,"href":"https:\/\/www.europesays.com\/de\/wp-json\/wp\/v2\/users\/2"}],"replies":[{"embeddable":true,"href":"https:\/\/www.europesays.com\/de\/wp-json\/wp\/v2\/comments?post=669860"}],"version-history":[{"count":0,"href":"https:\/\/www.europesays.com\/de\/wp-json\/wp\/v2\/posts\/669860\/revisions"}],"wp:featuredmedia":[{"embeddable":true,"href":"https:\/\/www.europesays.com\/de\/wp-json\/wp\/v2\/media\/669861"}],"wp:attachment":[{"href":"https:\/\/www.europesays.com\/de\/wp-json\/wp\/v2\/media?parent=669860"}],"wp:term":[{"taxonomy":"category","embeddable":true,"href":"https:\/\/www.europesays.com\/de\/wp-json\/wp\/v2\/categories?post=669860"},{"taxonomy":"post_tag","embeddable":true,"href":"https:\/\/www.europesays.com\/de\/wp-json\/wp\/v2\/tags?post=669860"}],"curies":[{"name":"wp","href":"https:\/\/api.w.org\/{rel}","templated":true}]}}