{"id":669920,"date":"2025-12-25T01:00:13","date_gmt":"2025-12-25T01:00:13","guid":{"rendered":"https:\/\/www.europesays.com\/de\/669920\/"},"modified":"2025-12-25T01:00:13","modified_gmt":"2025-12-25T01:00:13","slug":"jovan-milosevic-leihe-partizan-belgrad-vfb-stuttgart-forum-seite-66","status":"publish","type":"post","link":"https:\/\/www.europesays.com\/de\/669920\/","title":{"rendered":"Jovan Milosevic [Leihe Partizan Belgrad] &#8211; VfB Stuttgart &#8211; Forum | Seite 66"},"content":{"rendered":"<p>                    <b>Zitat von <a href=\"https:\/\/www.transfermarkt.de\/pfc1991\/index\/profil\/819987\" target=\"_blank\" rel=\"noopener\">pfc1991<\/a><\/b> <br \/>\nHabe mir heute noch mal ein ausf\u00fchrliches Interview von Mijatovic (einer der beiden Hauptverantwortlichen f\u00fcr den sportlichen Bereich) angeh\u00f6rt. <\/p>\n<p>Er hat noch mal wiederholt und betont, wie wichtig Milosevic f\u00fcr unser Spiel ist. Er hat auch den Wunsch von Milosevic wiederholt, in Belgrad zu bleiben. Gleichzeitig hat er aber auch gesagt, Milosevic ab 01.01. wieder Stuttgart &#8222;geh\u00f6rt&#8220; und man sich mit Stuttgart einigen muss. <\/p>\n<p>Mijatovic hat gesagt, dass Partizan bereit ist, \u00fcber die eigenen Grenzen zu gehen um Milosevic im besten Fall fest zu verpflichten oder zumindest die Leihe zu verl\u00e4ngern. <br \/>F\u00fcr Partizan macht es eigentlich nur Sinn, eine m\u00f6gliche Leihe nicht nur bis zum Sommer, sondern aufgrund der europ\u00e4ischen Spieler mindestens bis zum n\u00e4chsten Winter zu verl\u00e4ngern. Das bedeutet aber auch, dass Stuttgart den Vertrag mit Milosevic vorzeitig verl\u00e4ngern muss. Denn ab n\u00e4chsten Winter brechen seine letzten 6 Monate Vertrag in Stuttgart an und er k\u00f6nnte sofort frei mit neuen Vereinen verhandeln. <\/p>\n<p>\u00dcber die eigenen Grenzen wird Partizan aber wohl nur gehen k\u00f6nnen, wenn Andrej Kostic an den AC Milan verkauft wird (angeblich f\u00fcr etwa 5 Millionen Euro). Zus\u00e4tzlich will man sich noch bei Banken verschulden, um die bestehenden Verbindlichkeiten umzustrukturieren. <\/p>\n<p>Und noch eine Info zu seiner Verletzung. Ein kleiner Knochen im Handgelenk ist wohl gebrochen. Theoretisch h\u00e4tte er beim letzten Ligaspiel spielen k\u00f6nnen. Allerdings wollte man es nicht riskieren, dass er einen Schlag auf das Handgelenk abbekommt. Das h\u00e4tte wohl eine OP zur Folge haben k\u00f6nnen. So muss er etwa 10-15 Tage pausieren und kann wieder mit dem Training loslegen. Unabh\u00e4ngig davon, ob er in Belgrad bleibt oder nicht, wollte man das Risiko einer OP und damit einer l\u00e4ngeren Pause nicht eingehen.<\/p>\n<p>Danke f\u00fcr die Infos. <\/p>\n<p>Riky Palm hat sich auch zum Thema Milosevic ge\u00e4u\u00dfert. <\/p>\n<p><a href=\"https:\/\/youtu.be\/fDjsp3tFE64?t=7450\" class=\"intforum track_me\" target=\"_blank\" style=\"background-color:transparent;\" rel=\"noopener\"><a href=\"https:\/\/youtu.be\/fDjsp3tFE64?t=7450\" class=\"intforum track_me\" target=\"_blank\" style=\"background-color:transparent;\" rel=\"noopener\">https:\/\/youtu.be\/fDjsp3tFE64?t=7450<\/a> <\/p>\n<p>Key Points: <\/p>\n<p>&#8211; Der VfB beobachtet die Entwicklung Milosevics und ist sehr angetan. <br \/>&#8211; Milosevic will aber wohl spielen. Startelf. Anders als Avelaro sieht er sich nicht als Spieler, der zun\u00e4chst \u00fcber Kurzeins\u00e4tze herangef\u00fchrt wird. <br \/>&#8211; Das ist nat\u00fcrlich schwierig, weil man ihn jetzt (noch) nicht unbedingt vor Undav und Demi sieht. <br \/>&#8211; Mit der Verpflichtung Avelaros ist das noch schwieriger geworden. Die beiden m\u00fcssten sich ja ggf. Spielzeit teilen. <br \/>&#8211; Milosevic will auch nicht zum VfB zur\u00fcck, weil er bef\u00fcrchtet, nicht Stammelf zu spielen (da wird man ihm auch keine Zusicherung geben). <br \/>&#8211; Es dringt auch etwas durch, dass Hoene\u00df eher einen mitspielenden St\u00fcrmer als einen klassischen 9er bevorzugt. <\/p>\n<p>&#8212;&#8212;&#8212;&#8212;&#8212; <\/p>\n<p>Alles in allem klingt es so, wie wenn Milosevic im Winter nicht zur\u00fcckkommt, aber man jetzt \u00fcber akzeptable Modalit\u00e4ten f\u00fcr alle Seiten verhandelt (klingt f\u00fcr mich nach Leihverl\u00e4ngerung mit VVL als wahrscheinlichster Option, falls alle 3 Seiten sich da irgendwie einigen k\u00f6nnen).                <\/p>\n","protected":false},"excerpt":{"rendered":"Zitat von pfc1991 Habe mir heute noch mal ein ausf\u00fchrliches Interview von Mijatovic (einer der beiden Hauptverantwortlichen f\u00fcr&hellip;\n","protected":false},"author":2,"featured_media":8110,"comment_status":"","ping_status":"","sticky":false,"template":"","format":"standard","meta":{"footnotes":""},"categories":[1830],"tags":[1634,3364,29,30,1441],"class_list":{"0":"post-669920","1":"post","2":"type-post","3":"status-publish","4":"format-standard","5":"has-post-thumbnail","7":"category-stuttgart","8":"tag-baden-wuerttemberg","9":"tag-de","10":"tag-deutschland","11":"tag-germany","12":"tag-stuttgart"},"share_on_mastodon":{"url":"https:\/\/pubeurope.com\/@de\/115777504960223514","error":""},"_links":{"self":[{"href":"https:\/\/www.europesays.com\/de\/wp-json\/wp\/v2\/posts\/669920","targetHints":{"allow":["GET"]}}],"collection":[{"href":"https:\/\/www.europesays.com\/de\/wp-json\/wp\/v2\/posts"}],"about":[{"href":"https:\/\/www.europesays.com\/de\/wp-json\/wp\/v2\/types\/post"}],"author":[{"embeddable":true,"href":"https:\/\/www.europesays.com\/de\/wp-json\/wp\/v2\/users\/2"}],"replies":[{"embeddable":true,"href":"https:\/\/www.europesays.com\/de\/wp-json\/wp\/v2\/comments?post=669920"}],"version-history":[{"count":0,"href":"https:\/\/www.europesays.com\/de\/wp-json\/wp\/v2\/posts\/669920\/revisions"}],"wp:featuredmedia":[{"embeddable":true,"href":"https:\/\/www.europesays.com\/de\/wp-json\/wp\/v2\/media\/8110"}],"wp:attachment":[{"href":"https:\/\/www.europesays.com\/de\/wp-json\/wp\/v2\/media?parent=669920"}],"wp:term":[{"taxonomy":"category","embeddable":true,"href":"https:\/\/www.europesays.com\/de\/wp-json\/wp\/v2\/categories?post=669920"},{"taxonomy":"post_tag","embeddable":true,"href":"https:\/\/www.europesays.com\/de\/wp-json\/wp\/v2\/tags?post=669920"}],"curies":[{"name":"wp","href":"https:\/\/api.w.org\/{rel}","templated":true}]}}