{"id":669925,"date":"2025-12-25T01:03:13","date_gmt":"2025-12-25T01:03:13","guid":{"rendered":"https:\/\/www.europesays.com\/de\/669925\/"},"modified":"2025-12-25T01:03:13","modified_gmt":"2025-12-25T01:03:13","slug":"koeln-masken-mann-sorgt-fuer-aufregung-bei-weihnachtsgottesdienst-regional","status":"publish","type":"post","link":"https:\/\/www.europesays.com\/de\/669925\/","title":{"rendered":"K\u00f6ln: Masken-Mann sorgt f\u00fcr Aufregung bei Weihnachtsgottesdienst | Regional"},"content":{"rendered":"<p>K\u00f6ln \u2013 <b>An Heiligabend str\u00f6mten Tausende Menschen in den K\u00f6lner Dom, um den Weihnachtsgottesdienst zu feiern und gemeinsam festliche Lieder zu singen. Doch pl\u00f6tzlich sorgte ein maskierter Mann mit einem bizarren Auftritt f\u00fcr Aufregung.<\/b><\/p>\n<p><img decoding=\"async\" width=\"992\" height=\"558\" alt=\"Die Christvesper im K\u00f6lner Dom an Heiligabend\" src=\"https:\/\/www.europesays.com\/de\/wp-content\/uploads\/2025\/12\/ea3f2aedc2d1d4aeaccd0245554fe6df,2d2c5e38\"   class=\"landscape\" loading=\"lazy\"\/><\/p>\n<p class=\"fig__caption__text\">Die Christvesper im K\u00f6lner Dom an Heiligabend<\/p>\n<p>Foto: picture alliance\/dpa<\/p>\n<p>Was als besinnliche Christvesper um 16.30 Uhr begann, entwickelte sich kurzzeitig zur kuriosesten Szene des Abends. Wie die <a href=\"https:\/\/www.bild.de\/regional\/koeln\/koeln-regional\/home-16344378.bild.html\" class=\"text-link\" target=\"_blank\" rel=\"noopener\">Polizei K\u00f6ln<\/a> gegen\u00fcber BILD auf Nachfrage best\u00e4tigt, sprang eine Person aus dem Publikum nach vorn \u2013 komplett vermummt in einem schwarzen Umhang und mit einer auff\u00e4lligen goldenen Maske.<\/p>\n<p>Masken-Mann st\u00f6rt mit Tanzauftritt<\/p>\n<p>Vorn angekommen, legte der mysteri\u00f6se Maskierte, der sogar Pl\u00fcschohren trug, eine Tanzeinlage hin. Die Domschweizer \u2013 so nennt man die Ordnungsh\u00fcter des Gotteshauses \u2013 reagierten umgehend und f\u00fchrten den improvisierten T\u00e4nzer ohne Widerstand aus dem Dom. Ein auf Instagram verbreitetes Video zeigt den Abgang des Masken-Manns.<\/p>\n<p> An dieser Stelle findest du Inhalte aus Instagram <\/p>\n<p> Um mit Inhalten aus Instagram und anderen sozialen Netzwerken zu interagieren oder diese darzustellen, brauchen wir deine Zustimmung. <\/p>\n<p> soziale Netzwerke aktivieren  Um eingebettete Inhalte anzuzeigen, ist Ihre jederzeit widerrufliche Einwilligung (\u00fcber den Schalter oder \u00fcber &#8220; <a class=\"embed-placeholder__text-link\" href=\"#\" rel=\"noopener noreferrer\" title=\"Tracking widerrufen\"> Widerruf Tracking und Cookies<\/a> &#8220; am Seitenende) zur Verarbeitung personenbezogener Daten n\u00f6tig.  Dabei k\u00f6nnen Daten in Drittl\u00e4nder wie die USA \u00fcbermittelt werden (Art. 49 Abs. 1 lit. a DSGVO). Mit dem Aktivieren des Inhalts stimmen Sie zu. Weitere Infos finden Sie <a class=\"embed-placeholder__text-link\" href=\"#\" rel=\"noopener noreferrer\" title=\"Zu den Privatsph\u00e4re Einstellungen\"> hier<\/a>. <\/p>\n<p>Die Polizei musste nicht eingreifen, niemand wurde verletzt, und die Christvesper ging weiter, als w\u00e4re nichts geschehen \u2013 abgesehen von einem kollektiven \u201eHast du das gerade gesehen?!\u201c unter den Besuchern. <\/p>\n<p>Reaktionen auf Vorfall im K\u00f6lner Dom<\/p>\n<p>Die Aktion des St\u00f6rers st\u00f6\u00dft sowohl bei den Gottesdienstbesuchern als auch im Netz auf deutliche Kritik. Ein Mann, der mit seiner Familie im Dom war, schreibt: \u201eMeine Kids hatten f\u00fcr einen Moment echt Angst.\u201c Eine andere Person kommentiert: \u201eIch finde das \u00fcberhaupt nicht lustig. Respekt geht vor.\u201c Ein weiterer Nutzer mahnt: \u201eEgal welcher Glauben \u2026 Bist du in der Kirche, benimm dich auch so.\u201c<\/p>\n<p>Was hinter dem Auftritt an <a href=\"https:\/\/www.bild.de\/news\/saisonal\/weihnachten\/news-und-videos-zum-weihnachtsfest-53888236.bild.html\" class=\"text-link\" target=\"_blank\" rel=\"noopener\">Heiligabend<\/a> im K\u00f6lner Dom steckt und ob es sich um eine Mutprobe handelte, ist bislang unklar. Bislang wurde keine Strafanzeige gegen den St\u00f6rer bei der K\u00f6lner Polizei gestellt.<\/p>\n","protected":false},"excerpt":{"rendered":"K\u00f6ln \u2013 An Heiligabend str\u00f6mten Tausende Menschen in den K\u00f6lner Dom, um den Weihnachtsgottesdienst zu feiern und gemeinsam&hellip;\n","protected":false},"author":2,"featured_media":669926,"comment_status":"","ping_status":"","sticky":false,"template":"","format":"standard","meta":{"footnotes":""},"categories":[1828],"tags":[29,30,1420,2029,1209,121,45,12289],"class_list":{"0":"post-669925","1":"post","2":"type-post","3":"status-publish","4":"format-standard","5":"has-post-thumbnail","7":"category-koeln","8":"tag-deutschland","9":"tag-germany","10":"tag-koeln","11":"tag-koelner-dom","12":"tag-nordrhein-westfalen","13":"tag-polizei","14":"tag-texttospeech","15":"tag-weihnachten"},"share_on_mastodon":{"url":"https:\/\/pubeurope.com\/@de\/115777516691944221","error":""},"_links":{"self":[{"href":"https:\/\/www.europesays.com\/de\/wp-json\/wp\/v2\/posts\/669925","targetHints":{"allow":["GET"]}}],"collection":[{"href":"https:\/\/www.europesays.com\/de\/wp-json\/wp\/v2\/posts"}],"about":[{"href":"https:\/\/www.europesays.com\/de\/wp-json\/wp\/v2\/types\/post"}],"author":[{"embeddable":true,"href":"https:\/\/www.europesays.com\/de\/wp-json\/wp\/v2\/users\/2"}],"replies":[{"embeddable":true,"href":"https:\/\/www.europesays.com\/de\/wp-json\/wp\/v2\/comments?post=669925"}],"version-history":[{"count":0,"href":"https:\/\/www.europesays.com\/de\/wp-json\/wp\/v2\/posts\/669925\/revisions"}],"wp:featuredmedia":[{"embeddable":true,"href":"https:\/\/www.europesays.com\/de\/wp-json\/wp\/v2\/media\/669926"}],"wp:attachment":[{"href":"https:\/\/www.europesays.com\/de\/wp-json\/wp\/v2\/media?parent=669925"}],"wp:term":[{"taxonomy":"category","embeddable":true,"href":"https:\/\/www.europesays.com\/de\/wp-json\/wp\/v2\/categories?post=669925"},{"taxonomy":"post_tag","embeddable":true,"href":"https:\/\/www.europesays.com\/de\/wp-json\/wp\/v2\/tags?post=669925"}],"curies":[{"name":"wp","href":"https:\/\/api.w.org\/{rel}","templated":true}]}}