{"id":670038,"date":"2025-12-25T03:18:15","date_gmt":"2025-12-25T03:18:15","guid":{"rendered":"https:\/\/www.europesays.com\/de\/670038\/"},"modified":"2025-12-25T03:18:15","modified_gmt":"2025-12-25T03:18:15","slug":"unfall-in-dortmund-derne-ice-prallt-gegen-auto-auf-bahnuebergang-schranke-umfahren-panorama","status":"publish","type":"post","link":"https:\/\/www.europesays.com\/de\/670038\/","title":{"rendered":"Unfall in Dortmund-Derne: ICE prallt gegen Auto auf Bahn\u00fcbergang &#8211; Schranke umfahren? &#8211; Panorama"},"content":{"rendered":"<p>Dortmund (dpa) &#8211; Auf einem Bahn\u00fcbergang in Dortmund ist ein ICE auf ein Auto geprallt. Der 75 Jahre alte Fahrer des Autos habe wahrscheinlich versucht, die Halbschranke zu umfahren, sagte eine Sprecherin der Bundespolizei am Abend. &#8222;Der Pkw stand auf den Gleisen.&#8220; Der Fahrer habe sein Auto zuvor noch verlassen und sei nicht von dem Zug getroffen worden. Dennoch erlitt der Mann Kopf- und Armverletzungen und wurde in eine Klinik gebracht. Wie er sich die Verletzungen zuzog, sei Gegenstand der Ermittlungen.\u00a0<\/p>\n<p>Der ICE 615 hatte der Sprecherin zufolge 218 Personen an Bord, von den Passagieren habe eine Person nach dem Unfall in Dortmund-Derne medizinisch betreut werden m\u00fcssen. Es gebe keine weiteren Verletzten, sagte die Bundespolizistin. Das Auto des 75-J\u00e4hrigen, das von dem ICE vorn seitlich getroffen wurde, werde nun untersucht.\u00a0<\/p>\n<p><strong>ICE-Fahrg\u00e4ste mussten in anderen Zug umsteigen<\/strong><\/p>\n<p>Der Zug konnte bis zum Dortmunder Hauptbahnhof weiterfahren. Die Fahrg\u00e4ste stiegen dort in einen bereitgestellten anderen ICE um. Die Evakuierung war laut Deutscher Bahn gegen 21.25 Uhr abgeschlossen. Insgesamt mussten die Fahrg\u00e4ste laut einem Bahnsprecher etwa zwei Stunden Versp\u00e4tung hinnehmen. &#8222;Wir w\u00fcnschen allen Beteiligten eine sichere Weiterfahrt und bitten f\u00fcr die Unannehmlichkeiten um Entschuldigung&#8220;, teilte die Bahn mit.<\/p>\n<p>Die Feuerwehr berichtete, dass die Einsatzkr\u00e4fte den Autofahrer ansprechbar und stehend neben dem Bahn\u00fcbergang angetroffen habe. Der ICE sei mit hoher Geschwindigkeit auf den Pkw geprallt. Um 18.30 Uhr sei der Notruf eingegangen.<\/p>\n<p>\u00a9 dpa-infocom, dpa:251224-930-464985\/2<\/p>\n","protected":false},"excerpt":{"rendered":"Dortmund (dpa) &#8211; Auf einem Bahn\u00fcbergang in Dortmund ist ein ICE auf ein Auto geprallt. Der 75 Jahre&hellip;\n","protected":false},"author":2,"featured_media":670039,"comment_status":"","ping_status":"","sticky":false,"template":"","format":"standard","meta":{"footnotes":""},"categories":[1833],"tags":[34664,3364,29,217,30,2046,1724,1209,1974,1802],"class_list":{"0":"post-670038","1":"post","2":"type-post","3":"status-publish","4":"format-standard","5":"has-post-thumbnail","7":"category-dortmund","8":"tag-aus-aller-welt","9":"tag-de","10":"tag-deutschland","11":"tag-dortmund","12":"tag-germany","13":"tag-geschichten","14":"tag-gesellschaft","15":"tag-nordrhein-westfalen","16":"tag-panorama","17":"tag-prominente"},"share_on_mastodon":{"url":"https:\/\/pubeurope.com\/@de\/115778047395722947","error":""},"_links":{"self":[{"href":"https:\/\/www.europesays.com\/de\/wp-json\/wp\/v2\/posts\/670038","targetHints":{"allow":["GET"]}}],"collection":[{"href":"https:\/\/www.europesays.com\/de\/wp-json\/wp\/v2\/posts"}],"about":[{"href":"https:\/\/www.europesays.com\/de\/wp-json\/wp\/v2\/types\/post"}],"author":[{"embeddable":true,"href":"https:\/\/www.europesays.com\/de\/wp-json\/wp\/v2\/users\/2"}],"replies":[{"embeddable":true,"href":"https:\/\/www.europesays.com\/de\/wp-json\/wp\/v2\/comments?post=670038"}],"version-history":[{"count":0,"href":"https:\/\/www.europesays.com\/de\/wp-json\/wp\/v2\/posts\/670038\/revisions"}],"wp:featuredmedia":[{"embeddable":true,"href":"https:\/\/www.europesays.com\/de\/wp-json\/wp\/v2\/media\/670039"}],"wp:attachment":[{"href":"https:\/\/www.europesays.com\/de\/wp-json\/wp\/v2\/media?parent=670038"}],"wp:term":[{"taxonomy":"category","embeddable":true,"href":"https:\/\/www.europesays.com\/de\/wp-json\/wp\/v2\/categories?post=670038"},{"taxonomy":"post_tag","embeddable":true,"href":"https:\/\/www.europesays.com\/de\/wp-json\/wp\/v2\/tags?post=670038"}],"curies":[{"name":"wp","href":"https:\/\/api.w.org\/{rel}","templated":true}]}}