{"id":670354,"date":"2025-12-25T07:29:18","date_gmt":"2025-12-25T07:29:18","guid":{"rendered":"https:\/\/www.europesays.com\/de\/670354\/"},"modified":"2025-12-25T07:29:18","modified_gmt":"2025-12-25T07:29:18","slug":"attacke-gegen-late-night-host-trump-fordert-cbs-auf-stephen-colbert-einzuschlaefern","status":"publish","type":"post","link":"https:\/\/www.europesays.com\/de\/670354\/","title":{"rendered":"Attacke gegen Late-Night-Host: Trump fordert CBS auf, Stephen Colbert &#8222;einzuschl\u00e4fern&#8220;"},"content":{"rendered":"<p>Attacke gegen Late-Night-HostTrump fordert CBS auf, Stephen Colbert &#8222;einzuschl\u00e4fern&#8220;<\/p>\n<p>25.12.2025, 07:01 Uhr <\/p>\n<p>Artikel anh\u00f6ren(03:00 min)<\/p>\n<p><img decoding=\"async\" class=\"Image_img__fQCi0 Image_Img_16_9__4BLfH widget-picture-inline_maximizable__t_E7h\" loading=\"eager\" fetchpriority=\"high\" src=\"https:\/\/www.europesays.com\/de\/wp-content\/uploads\/2025\/12\/Stephen-Colbert-poses-on-the-red-carpet-at-the-77th-Primetime-Emmy-Awards-in-Los-Angeles-California-.webp\" alt=\"Stephen-Colbert-poses-on-the-red-carpet-at-the-77th-Primetime-Emmy-Awards-in-Los-Angeles-California-U-S-September-14-2025\"\/>Stephen Colbert ist einer der sch\u00e4rfsten Kritiker Trumps. Seine Sendung wird im Mai kommenden Jahres eingestellt. (Foto: REUTERS)TeilenFolgen auf:<a href=\"https:\/\/www.whatsapp.com\/channel\/0029Va5cdVJD8SDp5YZgYF01\" title=\"Auf WhatsApp folgen\" target=\"_blank\" rel=\"noopener\"><img decoding=\"async\" src=\"https:\/\/www.n-tv.de\/socialIcons\/whatsapp.svg\" alt=\"whatsapp\" class=\"ArticleShare_icon__FsrC2\"\/><\/a><a href=\"https:\/\/news.google.com\/publications\/CAAiEPMdif5mpRNxiLOeUpHCwwsqFAgKIhDzHYn-ZqUTcYiznlKRwsML?hl=de&amp;gl=DE&amp;ceid=DE%3Ade\" title=\"Auf Google News folgen\" target=\"_blank\" rel=\"noopener\"><img decoding=\"async\" src=\"https:\/\/www.n-tv.de\/socialIcons\/google.svg\" alt=\"whatsapp\" class=\"ArticleShare_icon__FsrC2\"\/><\/a><\/p>\n<p class=\"Typography_text-m__XI0da Typography_weight-bold__uT6mq storyline_lead_text_leadtext__q_wg8\">In einer beispiellosen Tirade zieht Donald Trump einmal mehr \u00fcber den Moderator Stephen Colbert her. Der US-Pr\u00e4sident nennt den Satiriker ein &#8222;erb\u00e4rmliches Desaster&#8220;. Und dabei bel\u00e4sst er es nicht.<\/p>\n<p class=\"Typography_text-default__P3otY Typography_weight-normal__pqUbH storyline_paragraph_p__qSR5N\">US-Pr\u00e4sident Donald Trump hat den Satiriker und Talkshow-Moderator Stephen Colbert scharf angegriffen. Der US-Sender CBS, der Colberts Sendung &#8222;The Late Show&#8220; ausstrahlt, sollte diesen &#8222;einschl\u00e4fern&#8220;, erkl\u00e4rte Trump auf Truth Social. &#8222;Das ist das einzig Menschliche, was man tun kann&#8220;, f\u00fcgte er hinzu. Colbert sei seit der Bekanntgabe der Absetzung seiner Sendung &#8222;tats\u00e4chlich schlechter geworden&#8220;, erkl\u00e4rte Trump. Der Satiriker sei ein &#8222;erb\u00e4rmliches Desaster&#8220;, f\u00fcgte er hinzu.<\/p>\n<p class=\"Typography_text-default__P3otY Typography_weight-normal__pqUbH storyline_paragraph_p__qSR5N\">Colberts Sendung soll im Mai 2026 eingestellt werden. CBS hatte das im Juli bekannt gegeben. Im gleichen Monat hatte der Sender eingewilligt, in einem Rechtsstreit mit Trump 16 Millionen Dollar an den Pr\u00e4sidenten zu zahlen. CBS zufolge war die Absetzung der Sendung &#8222;eine rein finanzielle Entscheidung&#8220;. <\/p>\n<p class=\"Typography_text-default__P3otY Typography_weight-normal__pqUbH storyline_paragraph_p__qSR5N\">&#8222;Alle sagen, dass ich allein f\u00fcr die Entlassung von Stephen Colbert bei CBS Late Night verantwortlich bin. Das stimmt nicht!&#8220;, schrieb Trump Ende Juli dazu auf Truth Social. &#8222;Der Grund f\u00fcr seine Entlassung war sein v\u00f6lliger Mangel an Talent und die Tatsache, dass dieser Mangel CBS j\u00e4hrlich 50 Millionen Dollar an Verlusten einbrachte.&#8220; Das Showbusiness sei ein sehr einfaches Gesch\u00e4ft: Wenn die Einschaltquoten nicht stimmten, werde man geopfert. &#8222;Colbert wurde zum Opfer seiner selbst&#8220;, behauptete der Republikaner.<\/p>\n<p class=\"Typography_text-default__P3otY Typography_weight-normal__pqUbH storyline_paragraph_p__qSR5N\">Colbert ist einer der sch\u00e4rfsten Kritiker Trumps, seine &#8222;Late Show&#8220; die beliebteste Late-Night-Show in den USA. Der Mutterkonzern von CBS, Paramount Skydance, wird von David Ellison geleitet, Sohn des Milliard\u00e4rs und Verb\u00fcndeten Trumps, Larry Ellison. Nach Ellisons \u00dcbernahme in diesem Jahr ernannte der Konzern die konservative Journalistin Bari Weiss zur Chefredakteurin.<\/p>\n<p class=\"Typography_text-default__P3otY Typography_weight-normal__pqUbH storyline_paragraph_p__qSR5N\">Die in Amerika beliebten Late-Night-Shows gelten seit der Wahl Trumps zum Pr\u00e4sidenten als m\u00e4chtiges Format, um dem Rechtspopulismus des Pr\u00e4sidenten zu begegnen. W\u00e4hrend traditionelle Medienformate wegen der vielen Unwahrheiten und Verzerrungen der Realit\u00e4t bei der Berichterstattung \u00fcber Trump an ihre Grenzen sto\u00dfen k\u00f6nnen, setzen die Comedy-Talker ihm bissigen Spott entgegen, der Trump vor dem Publikum der L\u00e4cherlichkeit preisgibt.<\/p>\n<p class=\"Typography_text-s__wu_cm Typography_weight-normal__pqUbH Typography_color-darkgrey__sZEnP article-detail-footer_source__KslPc\">Quelle: ntv.de, fz\u00f6\/AFP\/dpa<\/p>\n","protected":false},"excerpt":{"rendered":"Attacke gegen Late-Night-HostTrump fordert CBS auf, Stephen Colbert &#8222;einzuschl\u00e4fern&#8220; 25.12.2025, 07:01 Uhr Artikel anh\u00f6ren(03:00 min) Stephen Colbert ist&hellip;\n","protected":false},"author":2,"featured_media":670355,"comment_status":"","ping_status":"","sticky":false,"template":"","format":"standard","meta":{"footnotes":""},"categories":[1773],"tags":[29,106,214,30,11314,9823,471,1780,684,215,64],"class_list":{"0":"post-670354","1":"post","2":"type-post","3":"status-publish","4":"format-standard","5":"has-post-thumbnail","7":"category-serien","8":"tag-deutschland","9":"tag-donald-trump","10":"tag-entertainment","11":"tag-germany","12":"tag-meinungsfreiheit","13":"tag-pressefreiheit","14":"tag-serien","15":"tag-series","16":"tag-tv","17":"tag-unterhaltung","18":"tag-usa"},"share_on_mastodon":{"url":"https:\/\/pubeurope.com\/@de\/115779035392222486","error":""},"_links":{"self":[{"href":"https:\/\/www.europesays.com\/de\/wp-json\/wp\/v2\/posts\/670354","targetHints":{"allow":["GET"]}}],"collection":[{"href":"https:\/\/www.europesays.com\/de\/wp-json\/wp\/v2\/posts"}],"about":[{"href":"https:\/\/www.europesays.com\/de\/wp-json\/wp\/v2\/types\/post"}],"author":[{"embeddable":true,"href":"https:\/\/www.europesays.com\/de\/wp-json\/wp\/v2\/users\/2"}],"replies":[{"embeddable":true,"href":"https:\/\/www.europesays.com\/de\/wp-json\/wp\/v2\/comments?post=670354"}],"version-history":[{"count":0,"href":"https:\/\/www.europesays.com\/de\/wp-json\/wp\/v2\/posts\/670354\/revisions"}],"wp:featuredmedia":[{"embeddable":true,"href":"https:\/\/www.europesays.com\/de\/wp-json\/wp\/v2\/media\/670355"}],"wp:attachment":[{"href":"https:\/\/www.europesays.com\/de\/wp-json\/wp\/v2\/media?parent=670354"}],"wp:term":[{"taxonomy":"category","embeddable":true,"href":"https:\/\/www.europesays.com\/de\/wp-json\/wp\/v2\/categories?post=670354"},{"taxonomy":"post_tag","embeddable":true,"href":"https:\/\/www.europesays.com\/de\/wp-json\/wp\/v2\/tags?post=670354"}],"curies":[{"name":"wp","href":"https:\/\/api.w.org\/{rel}","templated":true}]}}