{"id":670421,"date":"2025-12-25T08:30:30","date_gmt":"2025-12-25T08:30:30","guid":{"rendered":"https:\/\/www.europesays.com\/de\/670421\/"},"modified":"2025-12-25T08:30:30","modified_gmt":"2025-12-25T08:30:30","slug":"faehren-zu-ostfriesischen-inseln-ostwind-sorgt-fuer-ausfaelle","status":"publish","type":"post","link":"https:\/\/www.europesays.com\/de\/670421\/","title":{"rendered":"F\u00e4hren zu Ostfriesischen Inseln: Ostwind sorgt f\u00fcr Ausf\u00e4lle"},"content":{"rendered":"<p>        <img decoding=\"async\" src=\"https:\/\/www.europesays.com\/de\/wp-content\/uploads\/2025\/12\/frisia198.webp\" alt=\"Das F\u00e4hrschiff Frisia II der AG Reederei Norden-Frisia liegt im Hafen von Norderney.\" title=\"Das F\u00e4hrschiff Frisia II der AG Reederei Norden-Frisia liegt im Hafen von Norderney. | picture alliance, Rupert Oberh\u00e4user\" class=\"responsive\"\/><\/p>\n<p>\n                Stand: 25.12.2025 08:33 Uhr<\/p>\n<p class=\"preface\">Wegen des starken Ostwindes an der Nordsee fallen F\u00e4hren an den Feiertagen zu einigen Ostfriesischen Inseln aus oder fahren zu anderen Zeiten. So fallen heute etwa nach Juist Verbindungen aus.<\/p>\n<p class=\"\">Die Reederei <a href=\"https:\/\/www.frisonaut.de\/de\/mobilitaet\/faehre\" title=\"F\u00e4hren nach Norderney und Juist\" class=\"js-link-dialog\" data-type=\"external\" target=\"_blank\" rel=\"noopener\">Norden-Frisia<\/a> teilte mit, dass es neben den heutigen Fahrtausf\u00e4llen zur Insel Juist bei den Fahrten am zweiten Weihnachtsfeiertag zu anderen Abfahrtszeiten komme. Auch zur Insel Norderney soll es am ersten und zweiten Weihnachtstag zu \u00c4nderungen im F\u00e4hrverkehr kommen. Dabei entfallen teils die Verbindungen am Morgen. Von und zur Insel Langeoog verschieben sich laut <a href=\"https:\/\/www.ndr.de\/nachrichten\/niedersachsen\/textlink89076~splash.html\" title=\"Schifffahrt Langeoog\" data-url=\"https:\/\/www.langeoog.de\/schiffahrt-langeoog\/der-offizielle-taegliche-fahrplan-der-schiffahrt\" class=\"js-link-dialog\" data-type=\"external\" target=\"_blank\" rel=\"noopener\">Webseite<\/a> der Inselgemeinde heute die Abfahrten von Bensersiel (Landkreis Wittmund) und Langeoog. Die Reederei <a href=\"https:\/\/www.ndr.de\/nachrichten\/niedersachsen\/baltrumlinie-100~splash.html\" title=\"Hinweis der Baltrum-Linie\" data-url=\"https:\/\/www.baltrum-linie.de\/tidebedingte-aenderung-der-fahrten-von-und-zur-insel-baltrum-am-donnerstag-den-25-12-2025\/\" class=\"js-link-dialog\" data-type=\"external\" target=\"_blank\" rel=\"noopener\">Baltrum-Linie<\/a> meldete ebenfalls ge\u00e4nderte Abfahrtszeiten f\u00fcr die F\u00e4hre von Ne\u00dfmersiel (Landkreis Aurich) nach Baltrum sowie zur\u00fcck ans Festland.<\/p>\n<p>    Fahrtausf\u00e4lle und Fahrtverschiebungen auf mehreren Routen<\/p>\n<p class=\"\">Reisende sollten die aktuellen Fahrpl\u00e4ne im Blick haben, wie es an Heiligabend von den F\u00e4hrgesellschaften hie\u00df. Seit Mittwoch komme es wegen Niedrigwassers zu Fahrplan\u00e4nderungen. Am ersten und zweiten Weihnachtsfeiertag fallen die urspr\u00fcnglich geplanten je zwei Abfahrten von und zur Insel Wangerooge aus, wie die <a href=\"https:\/\/www.ndr.de\/wangerooge752~splash.html\" title=\"Wangerooge F\u00e4hrverkehr\" data-url=\"https:\/\/www.siw-wangerooge.de\/siw-de\/\" class=\"js-link-dialog\" data-type=\"external\" target=\"_blank\" rel=\"noopener\">Deutsche Bahn<\/a> mitteilte. Die Bahn betreibt den F\u00e4hrverkehr mit einer Tochterfirma. Es gebe stattdessen Ersatzfahrten zu anderen Zeiten.<\/p>\n<p>    Ostwind dr\u00fcckt Wasser von der K\u00fcste weg<\/p>\n<p class=\"\">Die Wetterlage ist zu dieser Jahreszeit nichts ungew\u00f6hnliches. Der Ostwind dr\u00fcckt das Wasser von der K\u00fcste weg, wodurch die F\u00e4hren dann nicht oder nur eingeschr\u00e4nkt fahren k\u00f6nnen. Das Bundesamt f\u00fcr Seeschifffahrt und Hydrographie (BSH) in Hamburg erwartete, dass das Hochwasser an der Nordseek\u00fcste an Heiligabend und am ersten Weihnachtsfeiertag bis zu einem dreiviertel Meter niedriger sein wird als das mittlere Hochwasser.<\/p>\n<p>        <img decoding=\"async\" src=\"https:\/\/www.europesays.com\/de\/wp-content\/uploads\/2025\/12\/wetterbild-3918.webp\" alt=\"Am fr\u00fchen Morgen \u00fcber einer Wiese in Bornhorst zeigt sich die Sonne hinter einem Baum.\" title=\"Am fr\u00fchen Morgen \u00fcber einer Wiese in Bornhorst zeigt sich die Sonne hinter einem Baum. | NDR, Doris Bruns\" class=\"responsive\" loading=\"lazy\"\/><\/p>\n<p>\u00dcber die Feiertage gibt es teils deutliche Minusgrade im Norden. Doch Schnee f\u00e4llt dazu leider nicht.<\/p>\n<p>        <img decoding=\"async\" src=\"https:\/\/www.europesays.com\/de\/wp-content\/uploads\/2025\/12\/wetterbild14870.webp\" alt=\"Schnee am Strand bei Norden.\" title=\"Schnee am Strand bei Norden. | NDR, Helmut Fassbender\" class=\"responsive\" loading=\"lazy\"\/><\/p>\n<p>Regen? Schnee? Sonne? Sturm? Hier finden Sie das aktuelle Wetter und die Vorhersage f\u00fcr ganz Norddeutschland.<\/p>\n<p>        <img decoding=\"async\" src=\"https:\/\/www.europesays.com\/de\/wp-content\/uploads\/2025\/12\/podcast5048.webp\" alt=\"Wetterfahne und Meer mit blauem Himmel (Bildmontage)\" title=\"Wetterfahne und Meer mit blauem Himmel (Bildmontage) | artocalypse\/Iakov Kalinin\" class=\"responsive\" loading=\"lazy\"\/><\/p>\n<p>Das Seewetter f\u00fcr die Nord- und Ostsee vom Deutschen Wetterdienst.<\/p>\n<p>Dieses Thema im Programm:<\/p>\n<p>                NDR 1 Niedersachsen | Aktuell | 25.12.2025 | 08:00 Uhr<\/p>\n","protected":false},"excerpt":{"rendered":"Stand: 25.12.2025 08:33 Uhr Wegen des starken Ostwindes an der Nordsee fallen F\u00e4hren an den Feiertagen zu einigen&hellip;\n","protected":false},"author":2,"featured_media":670422,"comment_status":"","ping_status":"","sticky":false,"template":"","format":"standard","meta":{"footnotes":""},"categories":[5],"tags":[331,332,2899,3364,29,12262,30,13,14,15,156020,104003,156021,12,156022,12289],"class_list":{"0":"post-670421","1":"post","2":"type-post","3":"status-publish","4":"format-standard","5":"has-post-thumbnail","7":"category-nachrichten","8":"tag-aktuelle-nachrichten","9":"tag-aktuelle-news","10":"tag-ausfaelle","11":"tag-de","12":"tag-deutschland","13":"tag-faehren","14":"tag-germany","15":"tag-headlines","16":"tag-nachrichten","17":"tag-news","18":"tag-ostfriesische-insel","19":"tag-ostfriesland-und-inseln","20":"tag-ostwind","21":"tag-schlagzeilen","22":"tag-verschiebungen","23":"tag-weihnachten"},"share_on_mastodon":{"url":"https:\/\/pubeurope.com\/@de\/115779277405958327","error":""},"_links":{"self":[{"href":"https:\/\/www.europesays.com\/de\/wp-json\/wp\/v2\/posts\/670421","targetHints":{"allow":["GET"]}}],"collection":[{"href":"https:\/\/www.europesays.com\/de\/wp-json\/wp\/v2\/posts"}],"about":[{"href":"https:\/\/www.europesays.com\/de\/wp-json\/wp\/v2\/types\/post"}],"author":[{"embeddable":true,"href":"https:\/\/www.europesays.com\/de\/wp-json\/wp\/v2\/users\/2"}],"replies":[{"embeddable":true,"href":"https:\/\/www.europesays.com\/de\/wp-json\/wp\/v2\/comments?post=670421"}],"version-history":[{"count":0,"href":"https:\/\/www.europesays.com\/de\/wp-json\/wp\/v2\/posts\/670421\/revisions"}],"wp:featuredmedia":[{"embeddable":true,"href":"https:\/\/www.europesays.com\/de\/wp-json\/wp\/v2\/media\/670422"}],"wp:attachment":[{"href":"https:\/\/www.europesays.com\/de\/wp-json\/wp\/v2\/media?parent=670421"}],"wp:term":[{"taxonomy":"category","embeddable":true,"href":"https:\/\/www.europesays.com\/de\/wp-json\/wp\/v2\/categories?post=670421"},{"taxonomy":"post_tag","embeddable":true,"href":"https:\/\/www.europesays.com\/de\/wp-json\/wp\/v2\/tags?post=670421"}],"curies":[{"name":"wp","href":"https:\/\/api.w.org\/{rel}","templated":true}]}}