{"id":670680,"date":"2025-12-25T11:23:14","date_gmt":"2025-12-25T11:23:14","guid":{"rendered":"https:\/\/www.europesays.com\/de\/670680\/"},"modified":"2025-12-25T11:23:14","modified_gmt":"2025-12-25T11:23:14","slug":"die-andere-geschichte-russlands-juedische-allgemeine","status":"publish","type":"post","link":"https:\/\/www.europesays.com\/de\/670680\/","title":{"rendered":"Die andere Geschichte Russlands | J\u00fcdische Allgemeine"},"content":{"rendered":"<p>Nach Einsch\u00e4tzung der russisch-j\u00fcdischen B\u00fcrgerrechtlerin Irina Scherbakowa ist Russland unter Kremlchef Wladimir Putin weniger stabil als die fr\u00fchere Sowjetunion. Das sowjetische System sei am Ende morsch und unglaubw\u00fcrdig gewesen, doch es habe klare Regeln f\u00fcr die Staatsf\u00fchrung, die Kommunistische Partei und die Verwaltung gegeben, sagte die Mitbegr\u00fcnderin der Menschenrechtsorganisation Memorial in Berlin. \u00bbDas hat Putin alles nicht.\u00ab<\/p>\n<p>Dessen System sei autorit\u00e4r und richte sich \u00bbnach dem Mafia-Prinzip, nach der pers\u00f6nlichen Treue\u00ab, sagte Scherbakowa (76) der Deutschen Presse-Agentur. Alles h\u00e4nge an Putin (73). \u00bbUnd das kann dazu f\u00fchren, dass, wenn irgendetwas mit dieser Person geschieht, alles anf\u00e4ngt zu zerfallen.\u00ab <\/p>\n<p>Sie rechne aber auch nach fast vier Jahren Angriffskrieg gegen die Ukraine nicht mit einem raschen Zusammenbruch von Putins Herrschaft. \u00bbDie Krise wird immer st\u00e4rker, trotzdem hat das Land noch Kapazit\u00e4ten, und die Macht hat Kapazit\u00e4ten. Der Sicherheitsapparat ist sehr stark.\u00ab<\/p>\n<p class=\"u-teaser-list__headline\">Lesen Sie auch<\/p>\n<p class=\"u-teaser-list__headline\">Lesen Sie auch<\/p>\n<p>Zu Putins Propaganda geh\u00f6re ein Umschreiben der Geschichte, eine Verkl\u00e4rung einer angeblich heroischen russischen Vergangenheit, sagte Scherbakowa. Dagegen setze Memorial trotz des Verbots 2021 in Russland \u00bbdie Aufarbeitung der Geschichte der politischen Repressionen und des Widerstandes\u00ab fort.\u00a0 <\/p>\n<p>Das gr\u00f6\u00dfte nicht-staatliche Archiv zur politischen Verfolgung in der Sowjetunion<\/p>\n<p>Die Arbeit von Memorial, 2022 mit dem Friedensnobelpreis geehrt, \u00e4ndere sich im Exil, sagte Scherbakowa. Sie selbst musste Moskau kurz nach Kriegsbeginn verlassen und ist in Deutschland Vorsitzende des Vereins Zukunft Memorial. Die B\u00fcrgerrechtsorganisation verf\u00fcge \u00fcber das gr\u00f6\u00dfte nicht-staatliche Archiv zur politischen Verfolgung in der Sowjetunion, zum Lagersystem, zu den T\u00e4tern, zu den Kriegen in Tschetschenien und Georgien, sagt sie. \u00bbUnd wir m\u00f6chten, dass Menschen Zugang zu unseren Dokumenten und Materialien bekommen.\u00ab<\/p>\n<p>Das russische Archiv mit mehreren Millionen Namen und Hunderttausenden Dokumenten soll weiter digitalisiert und erschlossen werden. Daneben ist eine Multimedia-Plattform auf Deutsch, Russisch und Englisch geplant. Das Projekt \u00bbLanterna\u00ab (dt. Laterne) soll die Erfahrungen mit dem sowjetischen und russischen Staatsterror in Einzelschicksalen f\u00fcr ein junges Publikum erz\u00e4hlen. <\/p>\n<p>Auch soll \u00bbLanterna\u00ab \u00fcber das russische Beispiel hinausreichen. \u00bbEs ist uns wichtig, daraus ein internationales Gespr\u00e4ch zu machen\u00ab, sagt Filipp Dzyadko, der bei Zukunft Memorial zust\u00e4ndig f\u00fcr das Projekt ist. So werde es auch um die Aufarbeitung von Diktatur in Deutschland, Argentinien, S\u00fcdafrika und anderen L\u00e4ndern gehen. dpa\/ja<\/p>\n","protected":false},"excerpt":{"rendered":"Nach Einsch\u00e4tzung der russisch-j\u00fcdischen B\u00fcrgerrechtlerin Irina Scherbakowa ist Russland unter Kremlchef Wladimir Putin weniger stabil als die fr\u00fchere&hellip;\n","protected":false},"author":2,"featured_media":670681,"comment_status":"","ping_status":"","sticky":false,"template":"","format":"standard","meta":{"footnotes":""},"categories":[4013],"tags":[331,332,573,574,13,411,570,576,572,80,14,15,16,575,4043,4044,850,307,12,571],"class_list":{"0":"post-670680","1":"post","2":"type-post","3":"status-publish","4":"format-standard","5":"has-post-thumbnail","7":"category-russland","8":"tag-aktuelle-nachrichten","9":"tag-aktuelle-news","10":"tag-berichte","11":"tag-blogs","12":"tag-headlines","13":"tag-israel","14":"tag-juedische-allgemeine","15":"tag-juedisches-leben","16":"tag-kommentare","17":"tag-kultur","18":"tag-nachrichten","19":"tag-news","20":"tag-politik","21":"tag-religion","22":"tag-russia","23":"tag-russian-federation","24":"tag-russische-foederation","25":"tag-russland","26":"tag-schlagzeilen","27":"tag-wochenzeitung"},"share_on_mastodon":{"url":"https:\/\/pubeurope.com\/@de\/115779954578517852","error":""},"_links":{"self":[{"href":"https:\/\/www.europesays.com\/de\/wp-json\/wp\/v2\/posts\/670680","targetHints":{"allow":["GET"]}}],"collection":[{"href":"https:\/\/www.europesays.com\/de\/wp-json\/wp\/v2\/posts"}],"about":[{"href":"https:\/\/www.europesays.com\/de\/wp-json\/wp\/v2\/types\/post"}],"author":[{"embeddable":true,"href":"https:\/\/www.europesays.com\/de\/wp-json\/wp\/v2\/users\/2"}],"replies":[{"embeddable":true,"href":"https:\/\/www.europesays.com\/de\/wp-json\/wp\/v2\/comments?post=670680"}],"version-history":[{"count":0,"href":"https:\/\/www.europesays.com\/de\/wp-json\/wp\/v2\/posts\/670680\/revisions"}],"wp:featuredmedia":[{"embeddable":true,"href":"https:\/\/www.europesays.com\/de\/wp-json\/wp\/v2\/media\/670681"}],"wp:attachment":[{"href":"https:\/\/www.europesays.com\/de\/wp-json\/wp\/v2\/media?parent=670680"}],"wp:term":[{"taxonomy":"category","embeddable":true,"href":"https:\/\/www.europesays.com\/de\/wp-json\/wp\/v2\/categories?post=670680"},{"taxonomy":"post_tag","embeddable":true,"href":"https:\/\/www.europesays.com\/de\/wp-json\/wp\/v2\/tags?post=670680"}],"curies":[{"name":"wp","href":"https:\/\/api.w.org\/{rel}","templated":true}]}}