{"id":670714,"date":"2025-12-25T11:44:16","date_gmt":"2025-12-25T11:44:16","guid":{"rendered":"https:\/\/www.europesays.com\/de\/670714\/"},"modified":"2025-12-25T11:44:16","modified_gmt":"2025-12-25T11:44:16","slug":"scheunenbrand-auf-kinder-und-jugendfarm-grosseinsatz-an-heiligabend","status":"publish","type":"post","link":"https:\/\/www.europesays.com\/de\/670714\/","title":{"rendered":"Scheunenbrand auf Kinder- und Jugendfarm: Gro\u00dfeinsatz an Heiligabend"},"content":{"rendered":"<p class=\"text\">\nAuf einer Kinder und Jugendfarm in Dresden-Wei\u00dfig ist Heiligabend ein Feuer ausgebrochen. Wie die Polizei MDR SACHSEN sagte, wurde dabei niemand verletzt. Laut Feuerwehr brach der Brand kurz nach 19 Uhr zun\u00e4chst in einer Scheune aus. Gegen 22 Uhr sei das Feuer dann unter Kontrolle gewesen. Die Kameraden seien aber die ganze Nacht und auch am Vormittag noch vor Ort gewesen, um restliche L\u00f6scharbeiten vorzunehmen.\u00a0\n<\/p>\n<p>Tiere mussten gerettet und eingefangen werden<\/p>\n<p class=\"text\">\nNachbarn und anderen Helfern war es laut Polizei gelungen, auf dem Gel\u00e4nde lebende Tiere in Sicherheit zu bringen. Einige Pferde fl\u00fcchteten demnach und wurden sp\u00e4ter wieder unverletzt eingefangen. Zur H\u00f6he des Schadens gibt es noch keine Angaben. Auch die Brandursache muss noch ermittelt werden.\n<\/p>\n<p class=\"text\">\nWegen des starken Brandgeruchs wurde die Bev\u00f6lkerung \u00fcber eine Warnapp informiert. In der Spitze seien 148 Einsatzkr\u00e4fte am Brandort gewesen, teilte die Feuerwehr mit.\n<\/p>\n<p class=\"text\">\nDie &#8222;Spielwiese&#8220; ist ein Projekt der offenen Kinder- und Jugendarbeit. Kinder und Jugendliche k\u00f6nnen hier Tiere versorgen oder einfach nur spielen. Auf der Farm leben Pferde, Ziegen, Schafe, Katzen und ein Schwein.\n<\/p>\n<p class=\"text\">\nMDR (nok\/jcz), dpa, Feuerwehr<\/p>\n","protected":false},"excerpt":{"rendered":"Auf einer Kinder und Jugendfarm in Dresden-Wei\u00dfig ist Heiligabend ein Feuer ausgebrochen. Wie die Polizei MDR SACHSEN sagte,&hellip;\n","protected":false},"author":2,"featured_media":670715,"comment_status":"","ping_status":"","sticky":false,"template":"","format":"standard","meta":{"footnotes":""},"categories":[1835],"tags":[2919,3364,29,2386,141393,985,30,156065,81,14,5880,859,156064],"class_list":{"0":"post-670714","1":"post","2":"type-post","3":"status-publish","4":"format-standard","5":"has-post-thumbnail","7":"category-dresden","8":"tag-brand","9":"tag-de","10":"tag-deutschland","11":"tag-dresden","12":"tag-dresden-weissig","13":"tag-feuerwehr","14":"tag-germany","15":"tag-kinder-und-jugendfarm","16":"tag-mdr","17":"tag-nachrichten","18":"tag-pferde","19":"tag-sachsen","20":"tag-scheunen"},"share_on_mastodon":{"url":"https:\/\/pubeurope.com\/@de\/115780037233741768","error":""},"_links":{"self":[{"href":"https:\/\/www.europesays.com\/de\/wp-json\/wp\/v2\/posts\/670714","targetHints":{"allow":["GET"]}}],"collection":[{"href":"https:\/\/www.europesays.com\/de\/wp-json\/wp\/v2\/posts"}],"about":[{"href":"https:\/\/www.europesays.com\/de\/wp-json\/wp\/v2\/types\/post"}],"author":[{"embeddable":true,"href":"https:\/\/www.europesays.com\/de\/wp-json\/wp\/v2\/users\/2"}],"replies":[{"embeddable":true,"href":"https:\/\/www.europesays.com\/de\/wp-json\/wp\/v2\/comments?post=670714"}],"version-history":[{"count":0,"href":"https:\/\/www.europesays.com\/de\/wp-json\/wp\/v2\/posts\/670714\/revisions"}],"wp:featuredmedia":[{"embeddable":true,"href":"https:\/\/www.europesays.com\/de\/wp-json\/wp\/v2\/media\/670715"}],"wp:attachment":[{"href":"https:\/\/www.europesays.com\/de\/wp-json\/wp\/v2\/media?parent=670714"}],"wp:term":[{"taxonomy":"category","embeddable":true,"href":"https:\/\/www.europesays.com\/de\/wp-json\/wp\/v2\/categories?post=670714"},{"taxonomy":"post_tag","embeddable":true,"href":"https:\/\/www.europesays.com\/de\/wp-json\/wp\/v2\/tags?post=670714"}],"curies":[{"name":"wp","href":"https:\/\/api.w.org\/{rel}","templated":true}]}}