{"id":670734,"date":"2025-12-25T11:55:30","date_gmt":"2025-12-25T11:55:30","guid":{"rendered":"https:\/\/www.europesays.com\/de\/670734\/"},"modified":"2025-12-25T11:55:30","modified_gmt":"2025-12-25T11:55:30","slug":"moskauer-gericht-setzt-ersten-prozesstag-fuer-30-dezember-an","status":"publish","type":"post","link":"https:\/\/www.europesays.com\/de\/670734\/","title":{"rendered":"Moskauer Gericht setzt ersten Prozesstag f\u00fcr 30. Dezember an"},"content":{"rendered":"<p class=\"richtext text-em-55 !leading-serif mx-6 desktop:mx-0\">Die russische Justiz hat im Strafverfahren gegen <a href=\"https:\/\/rp-online.de\/thema\/jacques-tilly\/\" target=\"_blank\" rel=\"noopener\">Jacques Tilly<\/a> wegen seiner Karnevalswagen mit Abbildungen von Kremlchef <a href=\"https:\/\/rp-online.de\/thema\/wladimir-putin\/\" target=\"_blank\" rel=\"noopener\">Wladimir Putin<\/a> den ersten \u00f6ffentlichen Prozesstermin f\u00fcr n\u00e4chsten Dienstag angesetzt. In der Sache beginne das Verfahren am 30. Dezember, 9.30 Uhr (7.30 Uhr unserer Zeit), teilte das Gericht in <a href=\"https:\/\/rp-online.de\/thema\/moskau\/\" target=\"_blank\" rel=\"noopener\">Moskau<\/a> mit. Der Prozess l\u00e4uft in Abwesenheit des Angeklagten.<\/p>\n<p class=\"richtext text-em-55 !leading-serif mx-6 desktop:mx-0\">Demnach muss sich Tilly wegen Verunglimpfung der russischen Armee verantworten. Nach russischem Gesetz drohen daf\u00fcr eine Geldstrafe oder Freiheitsentzug bis zu 10 Jahren. Eingereicht wurde der Fall laut Gericht am 15. Dezember, die erste nicht \u00f6ffentliche Voranh\u00f6rung in dem Strafverfahren lief am Mittwochmorgen. N\u00e4here Angaben machte eine Gerichtssprecherin auf Anfrage der Deutschen Presse-Agentur in Moskau nicht.<\/p>\n<p class=\"richtext text-em-55 !leading-serif mx-6 desktop:mx-0\">Nach solchen Anschuldigungen sind in <a href=\"https:\/\/rp-online.de\/thema\/russland\/\" target=\"_blank\" rel=\"noopener\">Russland<\/a> schon viele Kriegsgegner der von Putin befohlenen Invasion der <a href=\"https:\/\/rp-online.de\/thema\/ukraine\/\" target=\"_blank\" rel=\"noopener\">Ukraine<\/a> verurteilt worden. Die Entscheidungen stehen international als Unrechtsurteil der russischen Willk\u00fcrjustiz in der Kritik.<\/p>\n<p>Tilly bezeichnet Verfahren als l\u00e4cherlich      <\/p>\n<p class=\"richtext text-em-55 !leading-serif mx-6 desktop:mx-0\">Tilly wird laut Anklage vorgeworfen, Unwahrheiten \u00fcber die russische Armee verbreitet zu haben, weil seine Werke eine Beleidigung f\u00fcr Putin als Oberbefehlshaber in seinem Angriffskrieg gegen die Ukraine seien, hatte das Portal \u201eOstoroschno Nowosti\u201c berichtet. Tilly werde beschuldigt, aus eigenn\u00fctzigen Motiven und aus politischem Hass Falschdarstellungen \u00fcber die Armee verbreitet zu haben.<\/p>\n<p class=\"richtext text-em-55 !leading-serif mx-6 desktop:mx-0\">Der 62-J\u00e4hrige hatte nach Bekanntgabe des Termins betont gelassen reagiert. Die Vorw\u00fcrfe seien absurd, sachlich falsch und rein politisch motiviert. Kritiker mundtot zu machen, sei Staatsr\u00e4son des Diktators Putin. Er sei das Ziel seiner Angriffe und werde nach Strich und Faden verspottet, nicht die Armee. \u201eWenn die Russen mich anklagen m\u00f6chten, dann doch bitte wegen Angriffen auf ihren geliebten Pr\u00e4sidenten\u201c,Kostenpflichtiger Inhalt <a href=\"https:\/\/rp-online.de\/nrw\/staedte\/duesseldorf\/duesseldorf-russland-klagt-karnevalskuenstler-tilly-an-bis-zu-10-jahre-haft-v1_aid-140929841\" target=\"_blank\" rel=\"noopener\"> sagte Tilly Ende der vergangenen Woche unserer Redaktion.\u202f<\/a><\/p>\n<p>R\u00fcckendeckung aus Politik und Brauchtum      <\/p>\n<p class=\"richtext text-em-55 !leading-serif mx-6 desktop:mx-0\">Am Dienstag erkl\u00e4rte Tilly dann im Deutschlandfunk erneut, nicht nach Moskau reisen zu wollen. \u201eIch habe nicht die geringste Absicht meine Zeit und mein Geld daf\u00fcr zu investieren so eine Farce noch zu unterst\u00fctzen\u201c, <a href=\"https:\/\/rp-online.de\/nrw\/staedte\/duesseldorf\/jacques-tilly-in-moskau-angeklagt-es-tut-den-richtigen-leuten-weh_aid-141200891\" target=\"_blank\" rel=\"noopener\">sagte der D\u00fcsseldorfer dem Sender.<\/a><\/p>\n<p class=\"richtext text-em-55 !leading-serif mx-6 desktop:mx-0\">Tilly hatte in den vergangenen Tagen breite R\u00fcckendeckung aus Politik und Brauchtum erhalten. \u201eKunst und <a href=\"https:\/\/rp-online.de\/thema\/karneval\/\" target=\"_blank\" rel=\"noopener\">Karneval<\/a> sind gelebter Ausdruck unserer demokratischen Meinungsfreiheit\u201c, Kostenpflichtiger Inhalt <a href=\"https:\/\/rp-online.de\/nrw\/panorama\/jacques-tilly-strafverfahren-hendrik-wuest-verteidigt-tillys-satire_aid-141007701\" target=\"_blank\" rel=\"noopener\">sagte Ministerpr\u00e4sident Hendrik W\u00fcst unserer Redaktion.<\/a> \u201eDass Russland jetzt gegen Jacques Tilly wegen seiner Mottowagen ein Strafverfahren eingeleitet hat, offenbart wieder einmal, dass Despoten und Autokraten Kunst immer dann f\u00fcrchten, wenn sie sich nicht vereinnahmen l\u00e4sst\u201c, erg\u00e4nzte der Ministerpr\u00e4sident.<\/p>\n","protected":false},"excerpt":{"rendered":"Die russische Justiz hat im Strafverfahren gegen Jacques Tilly wegen seiner Karnevalswagen mit Abbildungen von Kremlchef Wladimir Putin&hellip;\n","protected":false},"author":2,"featured_media":670735,"comment_status":"","ping_status":"","sticky":false,"template":"","format":"standard","meta":{"footnotes":""},"categories":[1831],"tags":[13204,51313,3364,29,3405,3679,2690,27364,156068,30,57989,44743,156067,11810,1209,178,1269,38738,156069,22066,12217,77345],"class_list":{"0":"post-670734","1":"post","2":"type-post","3":"status-publish","4":"format-standard","5":"has-post-thumbnail","7":"category-duesseldorf","8":"tag-karneval","9":"tag-armee","10":"tag-de","11":"tag-deutschland","12":"tag-duesseldorf","13":"tag-duesseldorfer","14":"tag-gericht","15":"tag-gerichtssprecherin","16":"tag-gerichtsverfahrens","17":"tag-germany","18":"tag-jacques-tilly","19":"tag-karnevalswagen","20":"tag-karnevalswagenbauer","21":"tag-kremlchef","22":"tag-nordrhein-westfalen","23":"tag-presse","24":"tag-prozess","25":"tag-prozesstag","26":"tag-prozesstermin","27":"tag-russische","28":"tag-russischem","29":"tag-wladimir-wladimirowitsch-putin"},"share_on_mastodon":{"url":"https:\/\/pubeurope.com\/@de\/115780080402962840","error":""},"_links":{"self":[{"href":"https:\/\/www.europesays.com\/de\/wp-json\/wp\/v2\/posts\/670734","targetHints":{"allow":["GET"]}}],"collection":[{"href":"https:\/\/www.europesays.com\/de\/wp-json\/wp\/v2\/posts"}],"about":[{"href":"https:\/\/www.europesays.com\/de\/wp-json\/wp\/v2\/types\/post"}],"author":[{"embeddable":true,"href":"https:\/\/www.europesays.com\/de\/wp-json\/wp\/v2\/users\/2"}],"replies":[{"embeddable":true,"href":"https:\/\/www.europesays.com\/de\/wp-json\/wp\/v2\/comments?post=670734"}],"version-history":[{"count":0,"href":"https:\/\/www.europesays.com\/de\/wp-json\/wp\/v2\/posts\/670734\/revisions"}],"wp:featuredmedia":[{"embeddable":true,"href":"https:\/\/www.europesays.com\/de\/wp-json\/wp\/v2\/media\/670735"}],"wp:attachment":[{"href":"https:\/\/www.europesays.com\/de\/wp-json\/wp\/v2\/media?parent=670734"}],"wp:term":[{"taxonomy":"category","embeddable":true,"href":"https:\/\/www.europesays.com\/de\/wp-json\/wp\/v2\/categories?post=670734"},{"taxonomy":"post_tag","embeddable":true,"href":"https:\/\/www.europesays.com\/de\/wp-json\/wp\/v2\/tags?post=670734"}],"curies":[{"name":"wp","href":"https:\/\/api.w.org\/{rel}","templated":true}]}}