{"id":670736,"date":"2025-12-25T11:56:17","date_gmt":"2025-12-25T11:56:17","guid":{"rendered":"https:\/\/www.europesays.com\/de\/670736\/"},"modified":"2025-12-25T11:56:17","modified_gmt":"2025-12-25T11:56:17","slug":"stadtbahnunfall-in-stuttgart-ost-stadtbahn-kollidiert-mit-auto-und-springt-aus-gleisen-eine-verletzte-person","status":"publish","type":"post","link":"https:\/\/www.europesays.com\/de\/670736\/","title":{"rendered":"Stadtbahnunfall in Stuttgart-Ost: Stadtbahn kollidiert mit Auto und springt aus Gleisen \u2013 eine verletzte Person"},"content":{"rendered":"<p>In <a href=\"https:\/\/www.stuttgarter-zeitung.de\/thema\/Stuttgart\" title=\"Stuttgart\" class=\"art_thema\" target=\"_blank\" rel=\"noopener\">Stuttgart<\/a>-Ost ist es am Donnerstagvormittag zu einem <a href=\"https:\/\/www.stuttgarter-zeitung.de\/thema\/Unfall\" title=\"Unfall\" class=\"art_thema\" target=\"_blank\" rel=\"noopener\">Unfall<\/a> zwischen einer <a href=\"https:\/\/www.stuttgarter-zeitung.de\/thema\/Stadtbahn\" title=\"Stadtbahn\" class=\"art_thema\" target=\"_blank\" rel=\"noopener\">Stadtbahn<\/a> und einem Auto gekommen. Wie ein Sprecher der <a href=\"https:\/\/www.stuttgarter-zeitung.de\/thema\/Polizei\" title=\"Polizei\" class=\"art_thema\" target=\"_blank\" rel=\"noopener\">Polizei<\/a> mitteilt, stie\u00dfen gegen 11.15 Uhr ein Pkw und eine Stadtbahn der Linie U15 in Fahrtrichtung Ruhbank an der Kreuzung Gerokstra\u00dfe\/Stafflenbergstra\u00dfe zusammen. <\/p>\n<p>Die Wucht des Zusammensto\u00dfes war demnach so gro\u00df, dass die Stadtbahn aus den Gleisen sprang. Bei dem Unfall wurde nach ersten Informationen der Polizei ein Mensch verletzt. Wie die Feuerwehr auf X mitteilt, konnte sich die Person selbst aus dem Auto befreien. Vor Ort wurde sie erstversorgt, anschlie\u00dfend vom Rettungsdienst in eine Klinik gebracht. <\/p>\n<p>Die Fahrg\u00e4ste der Stadtbahn blieben ersten Informationen zufolge unverletzt. Nach Angaben der Feuerwehr konnten f\u00fcnf unverletzte Personen die Stadtbahn \u00fcber Nottreppen verlassen. Wie genau es zum Unfall kam, ist noch unklar. Die Polizei ist vor Ort und ermittelt. <\/p>\n<p>Stadtbahnunfall sorgt f\u00fcr Versp\u00e4tungen und Ausf\u00e4lle  <\/p>\n<p>Da die Stadtbahn erst wieder eingegleist werden muss, kommt es aktuell zu Versp\u00e4tungen im Stadtbahnverkehr. Wie viele Stadtbahnen im Stuttgarter Netz aktuell versp\u00e4tet sind oder ausfallen, zeigt unsere Tabelle. Wir werten daf\u00fcr Echtzeitdaten aus, die Tabelle aktualisiert sich automatisch alle zehn Minuten. Klicken Sie auf eine der Linien, um Details zu erfahren:<\/p>\n<p>Wann die Stadtbahnen der Linie U15 wieder normal fahren, ist noch unklar. Erst vor wenigen Wochen <a href=\"https:\/\/www.stuttgarter-zeitung.de\/inhalt.stadtbahnunfall-in-bad-cannstatt-stadtbahn-entgleist-nach-kollision-mit-auto-streckenunterbrechung.546500c4-6f64-4986-a3bc-08f07eb3c223.html\" target=\"_blank\" rel=\"noopener\">entgleiste eine Stadtbahn in Bad Cannstatt nach dem Zusammensto\u00df mit einem Auto<\/a>. Damals dauerte es Stunden, bis die Stadtbahn wieder auf die Gleise gehoben und der Stadtbahnverkehr wieder aufgenommen werden konnte.<\/p>\n","protected":false},"excerpt":{"rendered":"In Stuttgart-Ost ist es am Donnerstagvormittag zu einem Unfall zwischen einer Stadtbahn und einem Auto gekommen. Wie ein&hellip;\n","protected":false},"author":2,"featured_media":670737,"comment_status":"","ping_status":"","sticky":false,"template":"","format":"standard","meta":{"footnotes":""},"categories":[1830],"tags":[1634,3364,29,30,6597,121,8248,11238,1441,1284],"class_list":{"0":"post-670736","1":"post","2":"type-post","3":"status-publish","4":"format-standard","5":"has-post-thumbnail","7":"category-stuttgart","8":"tag-baden-wuerttemberg","9":"tag-de","10":"tag-deutschland","11":"tag-germany","12":"tag-infografik","13":"tag-polizei","14":"tag-polizeibericht-stuttgart","15":"tag-stadtbahn","16":"tag-stuttgart","17":"tag-unfall"},"share_on_mastodon":{"url":"https:\/\/pubeurope.com\/@de\/115780084293540062","error":""},"_links":{"self":[{"href":"https:\/\/www.europesays.com\/de\/wp-json\/wp\/v2\/posts\/670736","targetHints":{"allow":["GET"]}}],"collection":[{"href":"https:\/\/www.europesays.com\/de\/wp-json\/wp\/v2\/posts"}],"about":[{"href":"https:\/\/www.europesays.com\/de\/wp-json\/wp\/v2\/types\/post"}],"author":[{"embeddable":true,"href":"https:\/\/www.europesays.com\/de\/wp-json\/wp\/v2\/users\/2"}],"replies":[{"embeddable":true,"href":"https:\/\/www.europesays.com\/de\/wp-json\/wp\/v2\/comments?post=670736"}],"version-history":[{"count":0,"href":"https:\/\/www.europesays.com\/de\/wp-json\/wp\/v2\/posts\/670736\/revisions"}],"wp:featuredmedia":[{"embeddable":true,"href":"https:\/\/www.europesays.com\/de\/wp-json\/wp\/v2\/media\/670737"}],"wp:attachment":[{"href":"https:\/\/www.europesays.com\/de\/wp-json\/wp\/v2\/media?parent=670736"}],"wp:term":[{"taxonomy":"category","embeddable":true,"href":"https:\/\/www.europesays.com\/de\/wp-json\/wp\/v2\/categories?post=670736"},{"taxonomy":"post_tag","embeddable":true,"href":"https:\/\/www.europesays.com\/de\/wp-json\/wp\/v2\/tags?post=670736"}],"curies":[{"name":"wp","href":"https:\/\/api.w.org\/{rel}","templated":true}]}}