{"id":670742,"date":"2025-12-25T11:59:27","date_gmt":"2025-12-25T11:59:27","guid":{"rendered":"https:\/\/www.europesays.com\/de\/670742\/"},"modified":"2025-12-25T11:59:27","modified_gmt":"2025-12-25T11:59:27","slug":"neuer-stadtteil-mit-6-800-wohnungen-geplant","status":"publish","type":"post","link":"https:\/\/www.europesays.com\/de\/670742\/","title":{"rendered":"Neuer Stadtteil mit 6.800 Wohnungen geplant"},"content":{"rendered":"<p>Wohnungen f\u00fcr 17.000 Menschen <\/p>\n<p>Frankfurt bekommt einen neuen Stadtteil<\/p>\n<p>Aktualisiert am 25.12.2025 &#8211; 10:13 UhrLesedauer: 1 Min.<\/p>\n<p><a href=\"#focus-0\" class=\"transition-colors duration-200 block text-current relative\" data-sctrack=\"FocusGalleryImage.Reference\"><img fetchpriority=\"high\" data-testid=\"Opener.Image\" style=\"--lqipURL:url('https:\/\/images.t-online.de\/2025\/02\/3GCPs58DoVSb\/275x0:1499x843\/fit-in\/150x0\/filters:blur(25)\/frankfurt-moechte-gerne-einen-neuen-stadtteil-oestlich-der-a5-hinten-im-bild-bauen-aber-was-sagt-die-regionalversammlung-dazu-foto-produktion.jpg')\"   loading=\"eager\" src=\"https:\/\/www.europesays.com\/de\/wp-content\/uploads\/2025\/12\/frankfurt-moechte-gerne-einen-neuen-stadtteil-oestlich-der-a5-hinten-im-bild-bauen-aber-was-sagt-die.jpeg\" alt=\"Entscheidung zu neuem Frankfurter Stadtteil\" title=\"Entscheidung zu neuem Frankfurter Stadtteil\" width=\"1499\" height=\"843\" class=\"bg-[url:var(--lqipURL)] bg-cover bg-center flex h-full w-full max-w-full\" decoding=\"async\"\/><img style=\"--width:32;--height:32\" loading=\"lazy\" src=\"https:\/\/frankfurt.t-online.de\/s\/paper\/_next\/static\/media\/zoom-in.f7dae02f.svg\" alt=\"Vergr\u00f6\u00dfern des Bildes\" title=\"Vergr\u00f6\u00dfern des Bildes\" class=\"block h-[calc(var(--height)_\/_16_*_1rem)] w-[calc(var(--width)_\/_16_*_1rem)] max-w-none absolute bottom-8 right-8 rounded-4 bg-snow p-8\" decoding=\"async\"\/><\/a><\/p>\n<p>A5 im Nordwesten Frankfurts (Archivbild): Entlang der Autobahn soll der neue Stadtteil entstehen. (Quelle: Arne Dedert\/dpa\/dpa-bilder)<\/p>\n<p class=\"font-bold text-18 leading-17\">Das Projekt &#8222;Frankfurt Nordwest&#8220; soll kommen. Die Pl\u00e4ne umfassen drei Quartiere, neue Infrastruktur. Doch bis dahin sind weitere H\u00fcrden zu nehmen.<\/p>\n<p class=\"text-18 leading-17\">Im Nordwesten Frankfurts soll ein neuer Stadtteil entstehen. Am Donnerstag haben die Stadtverordneten f\u00fcr die Entwicklung des Projekts &#8222;Frankfurt Nordwest \u2013 Stadtteil der Quartiere&#8220; gestimmt.<\/p>\n<p class=\"text-18 leading-17\">Damit wurde eine &#8222;st\u00e4dtische Entwicklungsma\u00dfnahme&#8220; f\u00fcr den Stadtteil \u00f6stlich der A5 beschlossen. Nach Angaben des Planungsdezernats steht den ersten Bebauungspl\u00e4nen f\u00fcr den neuen Stadtteil nun nichts mehr im Wege. Danach sind aber noch weitere Abstimmungen n\u00f6tig, unter anderem mit der Region.<\/p>\n<p class=\"text-18 leading-17\">Geplant sind rund <a class=\"transition-colors duration-200 cursor-pointer text-inherit no-underline text-salemsfur md:hover:text-magenta md:hover:border-magenta md:focus:text-magenta border-current border-b border-solid break-words\" href=\"https:\/\/frankfurt.t-online.de\/region\/frankfurt-am-main\/id_101001124\/frankfurt-6800-wohnungen-im-stadtteil-der-quartiere-abstimmung.html\" data-sctrack=\"BodyAnchor\" rel=\"nofollow noopener\" target=\"_blank\">6.800 Wohnungen f\u00fcr etwa 17.000 Menschen<\/a> sowie 5.300 Arbeitspl\u00e4tze. Der Stadtteil gliedert sich laut Rahmenplan in drei Quartiere: das &#8222;Produktive Praunheim&#8220;, das &#8222;Lachgrabenquartier&#8220; und die &#8222;Neu-Weststadt&#8220;. Vorgesehen sind Schulen, Kitas, Gr\u00fcnz\u00fcge, Sport- und Freizeitfl\u00e4chen sowie sogenannte CYC-Hubs \u2013 zentrale Quartiers- und Mobilit\u00e4tsgeb\u00e4ude mit Nahversorgung, Sozialangeboten und Quartiersgaragen.<\/p>\n<p class=\"text-18 leading-17\">Die Quartiere sollen autoarm werden. F\u00fcr die Anbindung sind die Verl\u00e4ngerung der U7 und mehrere Haltestellen der Regionaltangente West vorgesehen. Westlich der A5 bleibt das Gebiet hingegen unbebaut. Dort soll ein &#8222;Landwirtschaftspark&#8220; entstehen \u2013 als Mischung aus Naherholung, Ausgleichsfl\u00e4chen und gesicherten Agrarbereichen.<\/p>\n<p class=\"text-18 leading-17\">Die gesch\u00e4tzten Gesamtkosten liegen bei knapp einer Milliarde Euro. Die Finanzierung soll unter anderem durch den Verkauf von Grundst\u00fccken im neuen Stadtteil erfolgen. Bei planm\u00e4\u00dfigem Verlauf k\u00f6nnten die Arbeiten vor Ort Ende dieses Jahrzehnts beginnen.<\/p>\n","protected":false},"excerpt":{"rendered":"Wohnungen f\u00fcr 17.000 Menschen Frankfurt bekommt einen neuen Stadtteil Aktualisiert am 25.12.2025 &#8211; 10:13 UhrLesedauer: 1 Min. A5&hellip;\n","protected":false},"author":2,"featured_media":670743,"comment_status":"","ping_status":"","sticky":false,"template":"","format":"standard","meta":{"footnotes":""},"categories":[1829],"tags":[522,3092,29,2050,2051,30,2052,8926,6053,2192,11030],"class_list":{"0":"post-670742","1":"post","2":"type-post","3":"status-publish","4":"format-standard","5":"has-post-thumbnail","7":"category-frankfurt-am-main","8":"tag-522","9":"tag-3092","10":"tag-deutschland","11":"tag-frankfurt","12":"tag-frankfurt-am-main","13":"tag-germany","14":"tag-hessen","15":"tag-stadtentwicklung","16":"tag-stadtteil","17":"tag-wohnungsbau","18":"tag-wohnungsnot"},"share_on_mastodon":{"url":"https:\/\/pubeurope.com\/@de\/115780097471938985","error":""},"_links":{"self":[{"href":"https:\/\/www.europesays.com\/de\/wp-json\/wp\/v2\/posts\/670742","targetHints":{"allow":["GET"]}}],"collection":[{"href":"https:\/\/www.europesays.com\/de\/wp-json\/wp\/v2\/posts"}],"about":[{"href":"https:\/\/www.europesays.com\/de\/wp-json\/wp\/v2\/types\/post"}],"author":[{"embeddable":true,"href":"https:\/\/www.europesays.com\/de\/wp-json\/wp\/v2\/users\/2"}],"replies":[{"embeddable":true,"href":"https:\/\/www.europesays.com\/de\/wp-json\/wp\/v2\/comments?post=670742"}],"version-history":[{"count":0,"href":"https:\/\/www.europesays.com\/de\/wp-json\/wp\/v2\/posts\/670742\/revisions"}],"wp:featuredmedia":[{"embeddable":true,"href":"https:\/\/www.europesays.com\/de\/wp-json\/wp\/v2\/media\/670743"}],"wp:attachment":[{"href":"https:\/\/www.europesays.com\/de\/wp-json\/wp\/v2\/media?parent=670742"}],"wp:term":[{"taxonomy":"category","embeddable":true,"href":"https:\/\/www.europesays.com\/de\/wp-json\/wp\/v2\/categories?post=670742"},{"taxonomy":"post_tag","embeddable":true,"href":"https:\/\/www.europesays.com\/de\/wp-json\/wp\/v2\/tags?post=670742"}],"curies":[{"name":"wp","href":"https:\/\/api.w.org\/{rel}","templated":true}]}}