{"id":670767,"date":"2025-12-25T12:16:19","date_gmt":"2025-12-25T12:16:19","guid":{"rendered":"https:\/\/www.europesays.com\/de\/670767\/"},"modified":"2025-12-25T12:16:19","modified_gmt":"2025-12-25T12:16:19","slug":"lets-dance-weihnachtsspecial-fan-frust-voting-aerger-kritik","status":"publish","type":"post","link":"https:\/\/www.europesays.com\/de\/670767\/","title":{"rendered":"Let\u2019s Dance-Weihnachtsspecial: Fan-Frust, Voting-\u00c4rger &#038; Kritik"},"content":{"rendered":"<p class=\"richtext text-em-55 !leading-serif mx-6 desktop:mx-0\">Das \u201e<a href=\"https:\/\/www.saarbruecker-zeitung.de\/thema\/let-s-dance\/\" target=\"_blank\" rel=\"noopener\">Let\u2019s Dance<\/a>\u201c-Weihnachtsspecial sollte f\u00fcr RTL ein festlicher Ausklang der Tanzsaison werden und auch die Zeit bis zur kommenden Staffel f\u00fcr die Fans der beliebten Tanzshow \u00fcberbr\u00fccken. Und auch wenn die Jury voll des Lobes f\u00fcr alle Tanzpaare war \u2013 schlechteste Wertung am Abend waren 25 Punkte \u2013 kamen nicht alle Zuschauer zu diesem Ergebnis.<\/p>\n<p><strong class=\"font-bold dark:text-white-solid\">Warum ist das \u201eLet\u2019s Dance\u201c-Weihnachtsspecial nicht live?<\/strong>      <\/p>\n<p class=\"richtext text-em-55 !leading-serif mx-6 desktop:mx-0\">Einer der gr\u00f6\u00dften Kritikpunkte: Das \u201eLet\u2019s Dance\u201c-Weihnachtsspecial ist nicht live. Obwohl der Sender im Vorfeld bereits kommuniziert hatte, dass es sich um eine Aufzeichnung von vor einigen Monaten handelt, waren einige der Zuschauer irritiert. So schreibt ein User exemplarisch: \u201eDachte, das w\u00e4re live? Schade! Ich liebe Liveshows! Wie macht ihr das dann mit den Anrufen? Steht der Sieger schon fest?\u201c F\u00fcr viele geh\u00f6rt der Live-Charakter offenbar fest zu \u201eLet\u2019s Dance\u201c \u2013 und die vermeintliche Intransparenz sorgte f\u00fcr ordentlich Z\u00fcndstoff.<\/p>\n<p class=\"richtext text-em-55 !leading-serif mx-6 desktop:mx-0\">Tats\u00e4chlich ist das Weihnachtsspecial seit 2022 in jedem Jahr eine aufgezeichnete Produktion. Laut RTL habe dies \u201epraktische Gr\u00fcnde\u201c, wie die Bild schreibt. Kurz gesagt: F\u00fcr die Produktion ist es deutlich einfacher, die \u201eLet\u2019s Dance\u201c-Weihnachtsshow unmittelbar im Anschluss an die regul\u00e4re Staffel abzudrehen, als im Dezember noch einmal das komplette Set aufzubauen sowie Promis und Profis zusammenzutrommeln.<\/p>\n<p class=\"richtext text-em-55 !leading-serif mx-6 desktop:mx-0\">Damit die Zuschauer dennoch wie gewohnt mitentscheiden k\u00f6nnen, arbeitet die Produktion mit einem besonderen Dreh: F\u00fcr jedes Tanzpaar werden unterschiedliche Reaktionen auf das Ergebnis gedreht. Sprich: In der Theorie durfte jeder mal gewinnen. Das endg\u00fcltige Ergebnis erlebten die Tanzpaare dann aber dennoch erst Freitagabend von der Couch aus, da Zuschauer im Laufe der Sendung anrufen und abstimmen konnten.<\/p>\n<p><strong class=\"font-bold dark:text-white-solid\">Kritik auf Instagram: Zuschauer f\u00fchlen sich get\u00e4uscht<\/strong>      <\/p>\n<p class=\"richtext text-em-55 !leading-serif mx-6 desktop:mx-0\">Auf dem Instagram-Kanal von \u201eLet\u2019s Dance\u201c postete die Social Media-Redaktion w\u00e4hrend der Show fast 30 Clips und Fotos, um \u00fcber die Geschehnisse zumindest live zu berichten. Doch die Kommentare darunter wurden rasch zur digitalen Protestversammlung. \u201eLeider nicht live\u201c war einer der am meisten vorgetragenen \u201eVorw\u00fcrfe\u201c in Richtung RTL. Der \u201eLet\u2019s Dance\u201c-Account reagierte schlie\u00dflich und stellte klar: Ja, die Show sei aufgezeichnet \u2013 aber die Zuschauerabstimmung entscheide dar\u00fcber, welche der gedrehten Enden gesendet werde.<\/p>\n<p class=\"richtext text-em-55 !leading-serif mx-6 desktop:mx-0\">Neben all den kritischen Stimmen gab es aber auch User, die sich auf die Seite des Formats stellten. So schrieb ein Account: \u201eSo eine Show macht sich nicht von selbst. Erwartet ihr wirklich, dass die Profis und Promis kurz vor Weihnachten noch mal antanzen, nur damit es live ist?\u201c Ein Beitrag, der auch Aufsehen bei der Jury sorgt. So kommentiert an dieser Stelle Motsi Mabuse schlicht mit einigen Herzchen.<\/p>\n<p><strong class=\"font-bold dark:text-white-solid\">Streit ums Voting: \u201eLet\u2019s Dance\u201c-Fans zweifeln Ergebnis und Regeln an<\/strong>      <\/p>\n<p class=\"richtext text-em-55 !leading-serif mx-6 desktop:mx-0\">Eine weitere Sache, die Zuschauer besch\u00e4ftigte, ist, ob die Show fair war. So waren Vanessa Mai oder Nicolas Puschmann klare Favoriten in der Jury und hatten beide mit ihren jeweiligen Partnern je zwei Mal perfekte 30 Punkte ergattert. Am Ende machten Diego Pooth mit seiner Tanzpartnerin Ekaterina Leonova jedoch das Rennen, was unter dem Gewinner-Post f\u00fcr fiese Kommentare sorgte wie \u201eWarum gewinnt Ekat immer mit mittelm\u00e4\u00dfigen Partnern?\u201c oder \u201eDas Ergebnis ist gekauft!\u201c<\/p>\n<p class=\"richtext text-em-55 !leading-serif mx-6 desktop:mx-0\">Einige Fans wenden sich vor allem gegen das Voting-System: Das Punktesystem funktioniere anders als in der regul\u00e4ren Staffel, kritisierten User. So analysiert ein Zuschauer, dass bei Punktegleichstand normalerweise Punktwerte \u00fcbersprungen werden \u2013 was in der Weihnachtsshow offenbar anders gehandhabt wurde. Sprich: Vanessa und Nicolas h\u00e4tten f\u00fcr den geteilten Platz 1 jeweils sechs Punkte erhalten m\u00fcssen. Diego dann auf Platz drei folgend vier Punkte \u2013 in der Tat wurden ihm aber f\u00fcnf Punkte zugesprochen, was ihm laut Kommentaren erst erm\u00f6glicht haben soll, sich am Schluss auf den Thron zu schieben.<\/p>\n<p><strong class=\"font-bold dark:text-white-solid\">\u201eLet\u2019s Dance\u201c-Fans sind vom Ergebnis entt\u00e4uscht<\/strong>      <\/p>\n<p class=\"richtext text-em-55 !leading-serif mx-6 desktop:mx-0\">Besonders heftig traf der Frust die Fangemeinden von Vanessa Mai und Nicolas Puschmann. Beide galten nach hervorragenden Performances und dem Jury-Lob f\u00fcr viele Zuschauer als Favoriten. Der Vorwurf, Zuschauer w\u00fcrden eher nach Bekanntheitsgrad als nach Tanzleistung voten, begleitet \u201eLet\u2019s Dance\u201c zwar schon l\u00e4nger \u2013 doch beim Weihnachtsspecial kochte diese Debatte besonders hoch. Die Entt\u00e4uschung vieler Fans war dabei gro\u00df und schlug sich in Kommentaren nieder wie: \u201eVanessa war viel besser\u201c, \u201eLeistung sollte z\u00e4hlen, nicht Sympathie\u201c oder \u201eDas Voting ist unfair\u201c.<\/p>\n<p class=\"richtext text-em-55 !leading-serif mx-6 desktop:mx-0\">Zwischen all den Vorw\u00fcrfen meldeten sich aber auch User zu Wort, die das Gewinnerpaar verteidigten \u2013 und vor allem den Umgangston kritisierten. \u201eWarum muss man immer rummotzen?\u201c, fragte ein Nutzer. \u201eDie beiden haben auch Instagram und lesen das! Dann steht alles voll, dass sie es nicht verdient haben. Wer anderer Meinung ist, h\u00e4tte f\u00fcr andere mehr anrufen m\u00fcssen. Schreibt doch einfach bei Vanessa und Nicolas drunter, dass ihr es ihnen geg\u00f6nnt h\u00e4ttet. Das hier ist echt einfach nicht nice.\u201c<\/p>\n","protected":false},"excerpt":{"rendered":"Das \u201eLet\u2019s Dance\u201c-Weihnachtsspecial sollte f\u00fcr RTL ein festlicher Ausklang der Tanzsaison werden und auch die Zeit bis zur&hellip;\n","protected":false},"author":2,"featured_media":670768,"comment_status":"","ping_status":"","sticky":false,"template":"","format":"standard","meta":{"footnotes":""},"categories":[1773],"tags":[29,214,30,471,1780,215],"class_list":{"0":"post-670767","1":"post","2":"type-post","3":"status-publish","4":"format-standard","5":"has-post-thumbnail","7":"category-serien","8":"tag-deutschland","9":"tag-entertainment","10":"tag-germany","11":"tag-serien","12":"tag-series","13":"tag-unterhaltung"},"share_on_mastodon":{"url":"","error":""},"_links":{"self":[{"href":"https:\/\/www.europesays.com\/de\/wp-json\/wp\/v2\/posts\/670767","targetHints":{"allow":["GET"]}}],"collection":[{"href":"https:\/\/www.europesays.com\/de\/wp-json\/wp\/v2\/posts"}],"about":[{"href":"https:\/\/www.europesays.com\/de\/wp-json\/wp\/v2\/types\/post"}],"author":[{"embeddable":true,"href":"https:\/\/www.europesays.com\/de\/wp-json\/wp\/v2\/users\/2"}],"replies":[{"embeddable":true,"href":"https:\/\/www.europesays.com\/de\/wp-json\/wp\/v2\/comments?post=670767"}],"version-history":[{"count":0,"href":"https:\/\/www.europesays.com\/de\/wp-json\/wp\/v2\/posts\/670767\/revisions"}],"wp:featuredmedia":[{"embeddable":true,"href":"https:\/\/www.europesays.com\/de\/wp-json\/wp\/v2\/media\/670768"}],"wp:attachment":[{"href":"https:\/\/www.europesays.com\/de\/wp-json\/wp\/v2\/media?parent=670767"}],"wp:term":[{"taxonomy":"category","embeddable":true,"href":"https:\/\/www.europesays.com\/de\/wp-json\/wp\/v2\/categories?post=670767"},{"taxonomy":"post_tag","embeddable":true,"href":"https:\/\/www.europesays.com\/de\/wp-json\/wp\/v2\/tags?post=670767"}],"curies":[{"name":"wp","href":"https:\/\/api.w.org\/{rel}","templated":true}]}}