{"id":670881,"date":"2025-12-25T13:26:13","date_gmt":"2025-12-25T13:26:13","guid":{"rendered":"https:\/\/www.europesays.com\/de\/670881\/"},"modified":"2025-12-25T13:26:13","modified_gmt":"2025-12-25T13:26:13","slug":"autos-in-stuttgart-in-brand-wohnhaus-beschaedigt","status":"publish","type":"post","link":"https:\/\/www.europesays.com\/de\/670881\/","title":{"rendered":"Autos in Stuttgart in Brand &#8211; Wohnhaus besch\u00e4digt"},"content":{"rendered":"<p class=\"is-first-paragraph\" data-external=\"Article.FirstParagraph\">Brennende Autos haben in Stuttgart ein Wohnhaus besch\u00e4digt. Durch die Hitze sei eine Fensterscheibe im Erdgeschoss zersprungen, teilte die Feuerwehr mit. Menschen wurden nach Polizeiangaben nicht verletzt. Die Polizei habe nun die Ermittlungen zur Brandursache aufgenommen, sagte eine Polizeisprecherin. \u00abNormalerweise geraten Autos nicht einfach so in Brand\u00bb, sagte sie.<\/p>\n<p>Laut der Mitteilung war eins der vor dem Wohnhaus abgestellten Autos am fr\u00fchen Morgen des ersten Weihnachtsfeiertags bereits in Brand, als die Feuerwehr eintraf. Ein weiteres davor abgestelltes Auto hatte ebenfalls schon Feuer gefangen. \u00abIn letzter Minute\u00bb, so hei\u00dft es in der Mitteilung, verhinderten die Einsatzkr\u00e4fte, dass die Flammen auf das Haus \u00fcbergriffen.<\/p>\n<p>W\u00e4hrend des Einsatzes wurden die Bewohner angewiesen, in ihren Wohnungen zu bleiben &#8211; der Hauseingang war in Gefahr. Die Feuerwehr l\u00f6schte die Flammen, dabei entstand viel Rauch. Im Anschluss kontrollierten sie die Fahrzeuge mit einer W\u00e4rmebildkamera.<\/p>\n","protected":false},"excerpt":{"rendered":"Brennende Autos haben in Stuttgart ein Wohnhaus besch\u00e4digt. Durch die Hitze sei eine Fensterscheibe im Erdgeschoss zersprungen, teilte&hellip;\n","protected":false},"author":2,"featured_media":670882,"comment_status":"","ping_status":"","sticky":false,"template":"","format":"standard","meta":{"footnotes":""},"categories":[1830],"tags":[1634,3364,29,30,1441],"class_list":{"0":"post-670881","1":"post","2":"type-post","3":"status-publish","4":"format-standard","5":"has-post-thumbnail","7":"category-stuttgart","8":"tag-baden-wuerttemberg","9":"tag-de","10":"tag-deutschland","11":"tag-germany","12":"tag-stuttgart"},"share_on_mastodon":{"url":"https:\/\/pubeurope.com\/@de\/115780438168998933","error":""},"_links":{"self":[{"href":"https:\/\/www.europesays.com\/de\/wp-json\/wp\/v2\/posts\/670881","targetHints":{"allow":["GET"]}}],"collection":[{"href":"https:\/\/www.europesays.com\/de\/wp-json\/wp\/v2\/posts"}],"about":[{"href":"https:\/\/www.europesays.com\/de\/wp-json\/wp\/v2\/types\/post"}],"author":[{"embeddable":true,"href":"https:\/\/www.europesays.com\/de\/wp-json\/wp\/v2\/users\/2"}],"replies":[{"embeddable":true,"href":"https:\/\/www.europesays.com\/de\/wp-json\/wp\/v2\/comments?post=670881"}],"version-history":[{"count":0,"href":"https:\/\/www.europesays.com\/de\/wp-json\/wp\/v2\/posts\/670881\/revisions"}],"wp:featuredmedia":[{"embeddable":true,"href":"https:\/\/www.europesays.com\/de\/wp-json\/wp\/v2\/media\/670882"}],"wp:attachment":[{"href":"https:\/\/www.europesays.com\/de\/wp-json\/wp\/v2\/media?parent=670881"}],"wp:term":[{"taxonomy":"category","embeddable":true,"href":"https:\/\/www.europesays.com\/de\/wp-json\/wp\/v2\/categories?post=670881"},{"taxonomy":"post_tag","embeddable":true,"href":"https:\/\/www.europesays.com\/de\/wp-json\/wp\/v2\/tags?post=670881"}],"curies":[{"name":"wp","href":"https:\/\/api.w.org\/{rel}","templated":true}]}}