{"id":671021,"date":"2025-12-25T15:00:22","date_gmt":"2025-12-25T15:00:22","guid":{"rendered":"https:\/\/www.europesays.com\/de\/671021\/"},"modified":"2025-12-25T15:00:22","modified_gmt":"2025-12-25T15:00:22","slug":"bahn-stoerung-laehmt-verkehr-an-weihnachten","status":"publish","type":"post","link":"https:\/\/www.europesays.com\/de\/671021\/","title":{"rendered":"Bahn-St\u00f6rung l\u00e4hmt Verkehr an Weihnachten"},"content":{"rendered":"<p>Probleme am 1. Feiertag <\/p>\n<p>Bahn-St\u00f6rung am Flughafen: Nur noch Schritttempo<\/p>\n<p>25.12.2025 &#8211; 14:43 UhrLesedauer: 1 Min.<\/p>\n<p><a href=\"#focus-0\" class=\"transition-colors duration-200 block text-current relative\" data-sctrack=\"FocusGalleryImage.Reference\"><img fetchpriority=\"high\" data-testid=\"Opener.Image\" style=\"--lqipURL:url('https:\/\/images.t-online.de\/2025\/12\/D6y9mjaI19Vn\/0x209:4000x2250\/fit-in\/150x0\/filters:blur(25)\/die-bahnstation-am-duesseldorfer-flughafen-symbolfoto-am-1-weihnachtsfeiertag-kommt-es-hier-zu-problemen-im-bahnverkehr.jpg')\"   loading=\"eager\" src=\"https:\/\/www.europesays.com\/de\/wp-content\/uploads\/2025\/12\/die-bahnstation-am-duesseldorfer-flughafen-symbolfoto-am-1-weihnachtsfeiertag-kommt-es-hier-zu-probl.jpeg\" alt=\"Die Bahnstation am D\u00fcsseldorfer Flughafen (Symbolfoto): Am 1. Weihnachtsfeiertag kommt es hier zu Problemen im Bahnverkehr.\" title=\"Die Bahnstation am D\u00fcsseldorfer Flughafen (Symbolfoto): Am 1. Weihnachtsfeiertag kommt es hier zu Problemen im Bahnverkehr.\" width=\"4000\" height=\"2250\" class=\"bg-[url:var(--lqipURL)] bg-cover bg-center flex h-full w-full max-w-full\" decoding=\"async\"\/><img style=\"--width:32;--height:32\" loading=\"lazy\" src=\"https:\/\/duesseldorf.t-online.de\/s\/paper\/_next\/static\/media\/zoom-in.f7dae02f.svg\" alt=\"Vergr\u00f6\u00dfern des Bildes\" title=\"Vergr\u00f6\u00dfern des Bildes\" class=\"block h-[calc(var(--height)_\/_16_*_1rem)] w-[calc(var(--width)_\/_16_*_1rem)] max-w-none absolute bottom-8 right-8 rounded-4 bg-snow p-8\" decoding=\"async\"\/><\/a><\/p>\n<p>Die Bahnstation am D\u00fcsseldorfer Flughafen (Symbolfoto): Am 1. Weihnachtsfeiertag kommt es hier zu Problemen im Bahnverkehr. (Quelle: oarding2Now\/imago)<\/p>\n<p class=\"font-bold text-18 leading-17\">Signalst\u00f6rung legt Bahnverkehr am D\u00fcsseldorfer Flughafen lahm. Sechs Linien sind betroffen. Wie lange m\u00fcssen Reisende noch warten?<\/p>\n<p class=\"text-18 leading-17\">Am ersten Weihnachtsfeiertag sorgt eine Signalst\u00f6rung zwischen D\u00fcsseldorf Flughafen und D\u00fcsseldorf Hauptbahnhof f\u00fcr erhebliche Beeintr\u00e4chtigungen im Bahnverkehr.<\/p>\n<p class=\"text-18 leading-17\">Seit 14 Uhr m\u00fcssen Z\u00fcge auf der Strecke im Schritttempo fahren, w\u00e4hrend Techniker an der Reparatur des defekten Signals arbeiten.<\/p>\n<p class=\"text-18 leading-17\">Betroffen sind sechs Regional-Express-Linien: RE 1, RE 3, RE 5, RE 6, RE 11 sowie RE 19. Die Deutsche Bahn rechnet damit, dass die Arbeiten bis etwa 16.30 Uhr andauern werden. Reisende m\u00fcssen mit Versp\u00e4tungen rechnen.<\/p>\n<p class=\"text-18 leading-17\">Die Bahn empfiehlt Fahrg\u00e4sten, ihre Verbindungen unmittelbar vor der Abfahrt zu \u00fcberpr\u00fcfen. Besonders betroffen sind Reisende, die den <a class=\"transition-colors duration-200 cursor-pointer text-inherit no-underline text-salemsfur md:hover:text-magenta md:hover:border-magenta md:focus:text-magenta border-current border-b border-solid break-words\" href=\"https:\/\/www.t-online.de\/themen\/flughafen-duesseldorf\/\" data-sctrack=\"BodyAnchor\" target=\"_blank\" rel=\"noopener\">Flughafen D\u00fcsseldorf<\/a> ansteuern oder von dort aus weiterfahren wollen.<\/p>\n","protected":false},"excerpt":{"rendered":"Probleme am 1. Feiertag Bahn-St\u00f6rung am Flughafen: Nur noch Schritttempo 25.12.2025 &#8211; 14:43 UhrLesedauer: 1 Min. Die Bahnstation&hellip;\n","protected":false},"author":2,"featured_media":671022,"comment_status":"","ping_status":"","sticky":false,"template":"","format":"standard","meta":{"footnotes":""},"categories":[1831],"tags":[48380,116926,67379,2227,3364,2030,29,3405,13049,2415,2109,14121,30,1209,156112,2783,118972,6427,2869],"class_list":{"0":"post-671021","1":"post","2":"type-post","3":"status-publish","4":"format-standard","5":"has-post-thumbnail","7":"category-duesseldorf","8":"tag-48380","9":"tag-116926","10":"tag-bahnstation","11":"tag-bahnverkehr","12":"tag-de","13":"tag-deutsche-bahn","14":"tag-deutschland","15":"tag-duesseldorf","16":"tag-duesseldorf-hauptbahnhof","17":"tag-feiertag","18":"tag-flughafen","19":"tag-flughafen-duesseldorf-international","20":"tag-germany","21":"tag-nordrhein-westfalen","22":"tag-schritttempo","23":"tag-signalstoerung","24":"tag-weihnachtsfeiertag","25":"tag-zugausfall","26":"tag-zugverkehr"},"share_on_mastodon":{"url":"https:\/\/pubeurope.com\/@de\/115780809541654891","error":""},"_links":{"self":[{"href":"https:\/\/www.europesays.com\/de\/wp-json\/wp\/v2\/posts\/671021","targetHints":{"allow":["GET"]}}],"collection":[{"href":"https:\/\/www.europesays.com\/de\/wp-json\/wp\/v2\/posts"}],"about":[{"href":"https:\/\/www.europesays.com\/de\/wp-json\/wp\/v2\/types\/post"}],"author":[{"embeddable":true,"href":"https:\/\/www.europesays.com\/de\/wp-json\/wp\/v2\/users\/2"}],"replies":[{"embeddable":true,"href":"https:\/\/www.europesays.com\/de\/wp-json\/wp\/v2\/comments?post=671021"}],"version-history":[{"count":0,"href":"https:\/\/www.europesays.com\/de\/wp-json\/wp\/v2\/posts\/671021\/revisions"}],"wp:featuredmedia":[{"embeddable":true,"href":"https:\/\/www.europesays.com\/de\/wp-json\/wp\/v2\/media\/671022"}],"wp:attachment":[{"href":"https:\/\/www.europesays.com\/de\/wp-json\/wp\/v2\/media?parent=671021"}],"wp:term":[{"taxonomy":"category","embeddable":true,"href":"https:\/\/www.europesays.com\/de\/wp-json\/wp\/v2\/categories?post=671021"},{"taxonomy":"post_tag","embeddable":true,"href":"https:\/\/www.europesays.com\/de\/wp-json\/wp\/v2\/tags?post=671021"}],"curies":[{"name":"wp","href":"https:\/\/api.w.org\/{rel}","templated":true}]}}