{"id":671170,"date":"2025-12-25T16:28:15","date_gmt":"2025-12-25T16:28:15","guid":{"rendered":"https:\/\/www.europesays.com\/de\/671170\/"},"modified":"2025-12-25T16:28:15","modified_gmt":"2025-12-25T16:28:15","slug":"fw-stuttgart-feuerwehr-stuttgart-am-1-weihnachtsfeiertag-im-dauereinsatz","status":"publish","type":"post","link":"https:\/\/www.europesays.com\/de\/671170\/","title":{"rendered":"FW Stuttgart: Feuerwehr Stuttgart am 1. Weihnachtsfeiertag im Dauereinsatz"},"content":{"rendered":"<p class=\"date\">25.12.2025 \u2013 17:12<\/p>\n<p class=\"customer\">\n                        <a class=\"story-customer\" title=\"weiter zum newsroom von Feuerwehr Stuttgart\" href=\"https:\/\/www.presseportal.de\/blaulicht\/nr\/161590\" target=\"_blank\" rel=\"noopener\">Feuerwehr Stuttgart<\/a>\n                    <\/p>\n<p><a data-category=\"citylink-story-view\" data-action=\"click\" data-label=\"Citylink in Meldungsansicht\" class=\"story-city event-trigger\" href=\"https:\/\/www.presseportal.de\/regional\/Stuttgart\" title=\"News aus Stuttgart \" target=\"_blank\" rel=\"noopener\">Stuttgart<\/a> (ots)<\/p>\n<p>   &#8211;\tMehrere Br\u00e4nde &#8211; darunter auch Weihnachtsgesteck   &#8211;\tStadtbahn in Stuttgart-Mitte nach Verkehrsunfall entgleist   &#8211;\t\u00dcber 100 haupt- und ehrenamtliche Einsatzkr\u00e4fte im Dauereinsatz   &#8211;\tAnwohner versorgen Einsatzkr\u00e4fte mit hei\u00dfen Getr\u00e4nken und<br \/>\nWeihnachtsmen\u00fc<\/p>\n<p>\u00dcber 100 Einsatzkr\u00e4fte von Berufsfeuerwehr und Freiwilliger Feuerwehr waren am 1. Weihnachtsfeiertage zum Teil gleichzeitig im Dauereinsatz. Bereits in den fr\u00fchen Morgenstunden kam es zu einem Brand von Weihnachtsgesteck in einer Wohnung und es musste der Brand\u00fcberschlag von zwei brennenden PKW auf ein Wohngeb\u00e4ude verhindert werden. Siehe separate Pressemitteilungen:<\/p>\n<p><a target=\"_blank\" class=\"uri-ext outbound\" rel=\"noopener\" href=\"https:\/\/www.presseportal.de\/blaulicht\/pm\/161590\/6185865\">https:\/\/www.presseportal.de\/blaulicht\/pm\/161590\/6185865<\/a><\/p>\n<p><a target=\"_blank\" class=\"uri-ext outbound\" rel=\"noopener\" href=\"https:\/\/www.presseportal.de\/blaulicht\/pm\/161590\/6185830\">https:\/\/www.presseportal.de\/blaulicht\/pm\/161590\/6185830<\/a><\/p>\n<p>Stadtbahn entgleist nach Verkehrsunfall mit PKW<\/p>\n<p>Gegen 11:15 Uhr meldeten mehrere Anrufer der Integrierten Leitstelle Stuttgart den Zusammensto\u00df zwischen einem PKW und einer Stadtbahn in der Stafflenbergstra\u00dfe in Stuttgart-Mitte. Erste Meldungen \u00fcber eine eingeklemmte Person im PKW best\u00e4tigten sich zum Gl\u00fcck nicht. Der PKW-Fahrer konnte sich selbst aus dem PKW retten und musste nach einer Erstversorgung vor Ort mit schweren Verletzungen in eine Stuttgarter Klinik transportiert werden.<\/p>\n<p>Da die Stadtbahn im vorderen Bereich entgleist war, musste die Bahn von der Feuerwehr mit schwerem technischem Ger\u00e4t eingegleist werden. Hierf\u00fcr h\u00e4lt die Feuerwehr Stuttgart in enger Zusammenarbeit mit der SSB AG Spezialfahrzeuge wie den R\u00fcstwagen-Schiene vor und bildete ihrer Einsatzkr\u00e4fte regelm\u00e4\u00dfig in diesem Themengebiet aus. Die rund 30 Einsatzkr\u00e4fte von Berufsfeuerwehr und Freiwilliger Feuerwehr konnten gegen 14 Uhr wieder einr\u00fccken.<\/p>\n<p>Ausgedehnter Kellerbrand<\/p>\n<p>W\u00e4hrend der oben genannte Einsatz noch lief, meldete gegen 12:10 Uhr ein Anrufer \u00fcber den europaweiten Notruf 112 eine starke Rauchentwicklung aus einem Wohn- und Gesch\u00e4ftshaus in der Leonhardstra\u00dfe in Stuttgart-Mitte. Bei Eintreffen stellten die Einsatzkr\u00e4fte einen ausgedehnten Kellerbrand mit einer starken Rauchentwicklung im gesamten Geb\u00e4ude fest. Daraufhin musste das Einsatzstichwort erh\u00f6ht und weitere Einsatzkr\u00e4fte alarmiert werden.<\/p>\n<p>Nach rund einer Stunde konnte der Brand unter Kontrolle gebracht werden. Eine Herausforderung war die starke Rauchentwicklung, welche auch in ein benachbartes Geb\u00e4ude zog. Zur Entrauchung des Brandgeb\u00e4udes kam ein spezielles Entl\u00fcftungsger\u00e4t der Feuerwehr zum Einsatz, welches den Brandrauch \u00fcber Sauglutten aus dem Keller saugte.<\/p>\n<p>F\u00fcr die umfangreichen Nachl\u00f6scharbeiten musste der Keller teilweise ausger\u00e4umt und der Brandschutt in einer Mulde der Feuerwehr abtransportiert werden. Neben zahlreichen Einsatzkr\u00e4ften der Berufsfeuerwehr unterst\u00fctzen auch zwei Abteilungen der Freiwilligen Feuerwehr mit weiteren Atemschutzger\u00e4tetr\u00e4gern. Die Einsatzma\u00dfnahmen der Feuerwehr konnten gegen 17 Uhr beendet werden. Ob das Geb\u00e4ude weiterhin bewohnt werden kann, steht aktuell noch nicht fest.<\/p>\n<p>W\u00e4hrend der langwierigen L\u00f6scharbeiten meldeten sich Anwohnerinnen und Anwohner bei der Feuerwehr und boten R\u00e4umlichkeiten sowie hei\u00dfe Getr\u00e4nke und ein ganzes Weihnachtsmen\u00fc f\u00fcr die Einsatzkr\u00e4fte an. Die Lebensmittel waren von den Feierlichkeiten am Vortag \u00fcbrig und bereiteten den Einsatzkr\u00e4ften trotz des kr\u00e4ftezehrenden Einsatzes etwas Weihnachtsstimmung. Die Feuerwehr Stuttgart bedankt sich vielmals f\u00fcr diese sch\u00f6ne Geste am 1. Weihnachtsfeiertag.<\/p>\n<p>Zahlreiche Paralleleins\u00e4tze<\/p>\n<p>Um trotz der zwei Gro\u00dfeins\u00e4tze weitere Einsatzstellen schnell erreichen zu k\u00f6nnen, wurden zwei Feuerwachen der Berufsfeuerwehr durch weitere Einsatzkr\u00e4fte der Freiwilligen Feuerwehr besetzt. Das dies dringend notwendig war zeigt sich an den zahlreihen Paralleleins\u00e4tzen.<\/p>\n<p>So mussten mehrere T\u00fcren im gesamten Stadtgebiet durch die Feuerwehr ge\u00f6ffnet werden, da sich dahinter hilflose Personen befanden. Auch mehrere ausgel\u00f6ste Rauchmelder wurden durch die Feuerwehr \u00fcberpr\u00fcft.<\/p>\n<p>Gegen 13 Uhr meldeten Anrufer einen Wohnungsbrand in einem Hochhaus im Max-Brod-Weg in Stuttgart-Freiberg. Gl\u00fccklicherweise stellte sich vor Ort heraus, dass lediglich ein Grill auf einem Balkon in Brand geraten ist. Der Brand konnte bereits von den Bewohnern gel\u00f6scht werden. In der Bismarckstra\u00dfe in Stuttgart-West kam es gegen 13:40 Uhr zu einem kleineren Brand in einer Wohnung eines Mehrfamilienhauses. Der Brand konnte noch vor Eintreffen der Feuerwehr gel\u00f6scht werden. Die Einsatzstelle wurde von der Feuerwehr \u00fcberpr\u00fcft und eine Person zur ambulanten Behandlung an den Rettungsdienst \u00fcbergeben.<\/p>\n<p>Gegen 16:45 Uhr kam es zu angebrannten Speisen in einem Pflegeheim in Flundernweg in Stuttgart-M\u00f6nchfeld und wenige Minuten sp\u00e4ter zu einem gemeldeten Feuerschein aus einer Wohnung in der Paul-Lincke-Stra\u00dfe in Stuttgart-Botnang. Auch hier war der Alarmierungsgrund ein Grillfeuer auf einem Balkon.<\/p>\n<p>Gegen 17:15 Uhr haben sich die Einsatzzahlen wieder etwas reduziert, auch wenn weiterhin mehrere Feuerwachen im Einsatz sind.<\/p>\n<p class=\"contact-headline\">R\u00fcckfragen bitte an:<\/p>\n<p class=\"contact-text\">Feuerwehr Stuttgart<br \/>Presse- und \u00d6ffentlichkeitsarbeit<\/p>\n<p>0711 216 73555<br \/><a href=\"https:\/\/www.presseportal.de\/blaulicht\/pm\/161590\/mailto: 37-Pressestelle@stuttgart.de\" class=\"uri-mailto\" target=\"_blank\" rel=\"noopener\"> 37-Pressestelle@stuttgart.de<\/a><br \/><a target=\"_blank\" class=\"uri-ext outbound\" rel=\"noopener\" href=\"https:\/\/www.feuerwehr-stuttgart.de\">www.feuerwehr-stuttgart.de<\/a><\/p>\n<p class=\"originator\">Original-Content von: Feuerwehr Stuttgart, \u00fcbermittelt durch news aktuell<\/p>\n","protected":false},"excerpt":{"rendered":"25.12.2025 \u2013 17:12 Feuerwehr Stuttgart Stuttgart (ots) &#8211; Mehrere Br\u00e4nde &#8211; darunter auch Weihnachtsgesteck &#8211; Stadtbahn in Stuttgart-Mitte&hellip;\n","protected":false},"author":2,"featured_media":386213,"comment_status":"","ping_status":"","sticky":false,"template":"","format":"standard","meta":{"footnotes":""},"categories":[1830],"tags":[1634,2919,6187,3364,29,985,30,178,180,179,181,1441,1284],"class_list":{"0":"post-671170","1":"post","2":"type-post","3":"status-publish","4":"format-standard","5":"has-post-thumbnail","7":"category-stuttgart","8":"tag-baden-wuerttemberg","9":"tag-brand","10":"tag-bw","11":"tag-de","12":"tag-deutschland","13":"tag-feuerwehr","14":"tag-germany","15":"tag-presse","16":"tag-pressemeldung","17":"tag-pressemitteilung","18":"tag-pressemitteilungen","19":"tag-stuttgart","20":"tag-unfall"},"share_on_mastodon":{"url":"https:\/\/pubeurope.com\/@de\/115781154029878387","error":""},"_links":{"self":[{"href":"https:\/\/www.europesays.com\/de\/wp-json\/wp\/v2\/posts\/671170","targetHints":{"allow":["GET"]}}],"collection":[{"href":"https:\/\/www.europesays.com\/de\/wp-json\/wp\/v2\/posts"}],"about":[{"href":"https:\/\/www.europesays.com\/de\/wp-json\/wp\/v2\/types\/post"}],"author":[{"embeddable":true,"href":"https:\/\/www.europesays.com\/de\/wp-json\/wp\/v2\/users\/2"}],"replies":[{"embeddable":true,"href":"https:\/\/www.europesays.com\/de\/wp-json\/wp\/v2\/comments?post=671170"}],"version-history":[{"count":0,"href":"https:\/\/www.europesays.com\/de\/wp-json\/wp\/v2\/posts\/671170\/revisions"}],"wp:featuredmedia":[{"embeddable":true,"href":"https:\/\/www.europesays.com\/de\/wp-json\/wp\/v2\/media\/386213"}],"wp:attachment":[{"href":"https:\/\/www.europesays.com\/de\/wp-json\/wp\/v2\/media?parent=671170"}],"wp:term":[{"taxonomy":"category","embeddable":true,"href":"https:\/\/www.europesays.com\/de\/wp-json\/wp\/v2\/categories?post=671170"},{"taxonomy":"post_tag","embeddable":true,"href":"https:\/\/www.europesays.com\/de\/wp-json\/wp\/v2\/tags?post=671170"}],"curies":[{"name":"wp","href":"https:\/\/api.w.org\/{rel}","templated":true}]}}