{"id":671181,"date":"2025-12-25T16:38:25","date_gmt":"2025-12-25T16:38:25","guid":{"rendered":"https:\/\/www.europesays.com\/de\/671181\/"},"modified":"2025-12-25T16:38:25","modified_gmt":"2025-12-25T16:38:25","slug":"eisbachwelle-ist-zurueck-surfer-wieder-unterwegs","status":"publish","type":"post","link":"https:\/\/www.europesays.com\/de\/671181\/","title":{"rendered":"Eisbachwelle ist zur\u00fcck \u2013 Surfer wieder unterwegs"},"content":{"rendered":"<p>Weihnachtswunder f\u00fcr Surfer <\/p>\n<p>Die Eisbachwelle ist zur\u00fcck<\/p>\n<p>25.12.2025 &#8211; 17:15 UhrLesedauer: 2 Min.<\/p>\n<p><a href=\"#focus-0\" class=\"transition-colors duration-200 block text-current relative\" data-sctrack=\"FocusGalleryImage.Reference\"><img fetchpriority=\"high\" data-testid=\"Opener.Image\" style=\"--lqipURL:url('https:\/\/images.t-online.de\/2025\/12\/Y1i8Gyqkfbh1\/0x414:3291x1851\/fit-in\/150x0\/filters:blur(25)\/muenchner-surfer-im-sommer-auf-der-eisbachwelle-archivfoto-nach-einer-wochenlangen-pause-ist-die-welle-waehrend-der-feiertage-zurueckgekehrt.jpg')\"   loading=\"eager\" src=\"https:\/\/www.europesays.com\/de\/wp-content\/uploads\/2025\/12\/muenchner-surfer-im-sommer-auf-der-eisbachwelle-archivfoto-nach-einer-wochenlangen-pause-ist-die-wel.jpeg\" alt=\"M\u00fcnchner Surfer im Sommer auf der Eisbachwelle (Archivfoto): Nach einer wochenlangen Pause ist die Welle w\u00e4hrend der Feiertage zur\u00fcckgekehrt.\" title=\"M\u00fcnchner Surfer im Sommer auf der Eisbachwelle (Archivfoto): Nach einer wochenlangen Pause ist die Welle w\u00e4hrend der Feiertage zur\u00fcckgekehrt.\" width=\"3291\" height=\"1851\" class=\"bg-[url:var(--lqipURL)] bg-cover bg-center flex h-full w-full max-w-full\" decoding=\"async\"\/><img style=\"--width:32;--height:32\" loading=\"lazy\" src=\"https:\/\/muenchen.t-online.de\/s\/paper\/_next\/static\/media\/zoom-in.f7dae02f.svg\" alt=\"Vergr\u00f6\u00dfern des Bildes\" title=\"Vergr\u00f6\u00dfern des Bildes\" class=\"block h-[calc(var(--height)_\/_16_*_1rem)] w-[calc(var(--width)_\/_16_*_1rem)] max-w-none absolute bottom-8 right-8 rounded-4 bg-snow p-8\" decoding=\"async\"\/><\/a><\/p>\n<p>M\u00fcnchner Surfer im Sommer auf der Eisbachwelle (Archivfoto): Nach einer wochenlangen Pause ist die Welle w\u00e4hrend der Feiertage zur\u00fcckgekehrt. (Quelle: IMAGO\/Sandra Alkado\/imago)<\/p>\n<p class=\"font-bold text-18 leading-17\">Pl\u00f6tzlich surfen sie wieder am Eisbach. Ein Transparent verk\u00fcndet: &#8222;Merry X-Mas&#8220;. Was ist da im Englischen Garten passiert?<\/p>\n<p class=\"text-18 leading-17\">\u00dcberraschung an den Feiertagen: Die <a class=\"transition-colors duration-200 cursor-pointer text-inherit no-underline text-salemsfur md:hover:text-magenta md:hover:border-magenta md:focus:text-magenta border-current border-b border-solid break-words\" href=\"https:\/\/muenchen.t-online.de\/region\/muenchen\/id_101022126\/muenchen-experten-machen-hoffnung-dass-eisbachwelle-zurueckkommt.html\" data-sctrack=\"BodyAnchor\" rel=\"nofollow noopener\" target=\"_blank\">M\u00fcnchner Eisbachwelle<\/a> ist zur\u00fcck. Seit dem ersten Weihnachtstag k\u00f6nnen Surfer wieder auf der stehenden Welle reiten \u2013 offenbar dank n\u00e4chtlicher Eigeninitiative der Surf-Community.<\/p>\n<p class=\"text-18 leading-17\">Am 1. Weihnachtsfeiertag tummelten sich die ersten Surfer im Wasser, nachdem die Welle seit Ende Oktober verschwunden war. Ein Transparent am Br\u00fcckengel\u00e4nder verk\u00fcndete laut der &#8222;S\u00fcddeutschen Zeitung&#8220; schlicht: &#8222;Just watch. Merry X-Mas.&#8220;<\/p>\n<p class=\"text-18 leading-17\">Was genau \u00fcber Nacht ver\u00e4ndert wurde, blieb unklar. Vom Ufer aus sind dem Bericht zufolge mehrere Seile sichtbar, die vom Br\u00fcckenpfeiler ins Wasser f\u00fchren.<\/p>\n<p class=\"text-18 leading-17\">Dass Surfer an der Welle selbst basteln, ist kein neues Ph\u00e4nomen: Erst k\u00fcrzlich wurde bekannt, dass bereits in fr\u00fcheren Jahren der Aufbau der Welle ver\u00e4ndert worden war. Die Welle hatte im Fr\u00fchjahr nach einem t\u00f6dlichen Unfall einer Surferin wochenlang gesperrt bleiben m\u00fcssen.<\/p>\n<p class=\"text-18 leading-17\">In der Nacht zum 17. April dieses Jahres war die 33-J\u00e4hrige mit ihrem Lebensgef\u00e4hrten, beide laut Staatsanwaltschaft ge\u00fcbte Surfer, zum Surfen an die Welle am Englischen Garten gekommen. Gegen 23.30 Uhr h\u00f6rte der Lebensgef\u00e4hrte pl\u00f6tzlich Hilfeschreie und sah, wie seine Freundin samt Brett unter der Wasseroberfl\u00e4che verschwand. Die Frau kam in lebensbedrohlichem Zustand ins Krankenhaus, wo sie etwa eine Woche sp\u00e4ter starb.<\/p>\n","protected":false},"excerpt":{"rendered":"Weihnachtswunder f\u00fcr Surfer Die Eisbachwelle ist zur\u00fcck 25.12.2025 &#8211; 17:15 UhrLesedauer: 2 Min. M\u00fcnchner Surfer im Sommer auf&hellip;\n","protected":false},"author":2,"featured_media":671182,"comment_status":"","ping_status":"","sticky":false,"template":"","format":"standard","meta":{"footnotes":""},"categories":[1827],"tags":[141911,152072,772,29,25027,30,1268,4403,12289],"class_list":{"0":"post-671181","1":"post","2":"type-post","3":"status-publish","4":"format-standard","5":"has-post-thumbnail","7":"category-muenchen","8":"tag-weihnachtswunder","9":"tag-1-weihnachtstag","10":"tag-bayern","11":"tag-deutschland","12":"tag-eisbachwelle","13":"tag-germany","14":"tag-muenchen","15":"tag-sz","16":"tag-weihnachten"},"share_on_mastodon":{"url":"https:\/\/pubeurope.com\/@de\/115781194976387401","error":""},"_links":{"self":[{"href":"https:\/\/www.europesays.com\/de\/wp-json\/wp\/v2\/posts\/671181","targetHints":{"allow":["GET"]}}],"collection":[{"href":"https:\/\/www.europesays.com\/de\/wp-json\/wp\/v2\/posts"}],"about":[{"href":"https:\/\/www.europesays.com\/de\/wp-json\/wp\/v2\/types\/post"}],"author":[{"embeddable":true,"href":"https:\/\/www.europesays.com\/de\/wp-json\/wp\/v2\/users\/2"}],"replies":[{"embeddable":true,"href":"https:\/\/www.europesays.com\/de\/wp-json\/wp\/v2\/comments?post=671181"}],"version-history":[{"count":0,"href":"https:\/\/www.europesays.com\/de\/wp-json\/wp\/v2\/posts\/671181\/revisions"}],"wp:featuredmedia":[{"embeddable":true,"href":"https:\/\/www.europesays.com\/de\/wp-json\/wp\/v2\/media\/671182"}],"wp:attachment":[{"href":"https:\/\/www.europesays.com\/de\/wp-json\/wp\/v2\/media?parent=671181"}],"wp:term":[{"taxonomy":"category","embeddable":true,"href":"https:\/\/www.europesays.com\/de\/wp-json\/wp\/v2\/categories?post=671181"},{"taxonomy":"post_tag","embeddable":true,"href":"https:\/\/www.europesays.com\/de\/wp-json\/wp\/v2\/tags?post=671181"}],"curies":[{"name":"wp","href":"https:\/\/api.w.org\/{rel}","templated":true}]}}