{"id":673576,"date":"2025-12-26T20:48:17","date_gmt":"2025-12-26T20:48:17","guid":{"rendered":"https:\/\/www.europesays.com\/de\/673576\/"},"modified":"2025-12-26T20:48:17","modified_gmt":"2025-12-26T20:48:17","slug":"grosses-feuerwerk-schon-zwei-tage-vor-silvester","status":"publish","type":"post","link":"https:\/\/www.europesays.com\/de\/673576\/","title":{"rendered":"Gro\u00dfes Feuerwerk schon zwei Tage vor Silvester"},"content":{"rendered":"<p class=\"paragraph tw-mx-auto tw-mb-6\">Vor dem ganz gro\u00dfen Feuerwerk wird in Neubrandenburg schon mal etwas vorgeb\u00f6llert. Zwei Tage vor Silvester l\u00e4dt das Bethanien-Center zu einem H\u00f6henfeuerwerk auf dem gro\u00dfen Parkplatz vor dem Einkaufszentrum ein.<\/p>\n<p>Einstimmung ab 16 Uhr auf dem Parkplatz<\/p>\n<p class=\"paragraph tw-mx-auto tw-mb-6\">Die Pyro-Show des Centers soll am Montag, 29. Dezember, um 17 Uhr beginnen, hei\u00dft es in einer Ank\u00fcndigung. Ab 16 Uhr k\u00f6nnen sich Schaulustige bei musikalischer Begleitung mit Gl\u00fchwein und Metzgerei-Spezialit\u00e4ten einstimmen. Um 8 Uhr startet am Montag zudem der Feuerwerksverkauf im Bethanien-Center, einige Highlights aus dem Globus-Sortiment gibt es auch am Abend beim Feuerwerk zu sehen.<\/p>\n<p class=\"tw-text-neutral-10 tw-py-2 tw-border-t tw-mb-0 tw-text-title-md tw-font-medium tw-border-solid tw-border-b-neutral-10 tw-font-primary\">Empfohlene Artikel<\/p>\n<p class=\"paragraph tw-mx-auto tw-mb-6\">Rund ein Drittel des Parkplatzes vor dem Bethanien-Center wird nach Auskunft des Centermanagements f\u00fcr das Feuerwerk abgesperrt und also nicht genutzt werden k\u00f6nnen. Das H\u00f6henfeuerwerk soll wie in den Vorjahren rund 20 Minuten dauern, die anschlie\u00dfende Feuerwerksshow beginnt gegen 17.30 Uhr.<\/p>\n<p class=\"paragraph tw-mx-auto tw-mb-6\">Die Veranstaltung hat an diesem Tag auch Folgen f\u00fcr den Neubrandenburger Stadtbusverkehr. Denn die Haltestelle \u201eBethanienberg S\u00fcd\u201c vor dem Obi-Markt kann deswegen nach Auskunft der Stadtwerke von 16.10 Uhr bis 18.15 Uhr nicht angefahren werden.<\/p>\n<p>Linien 2 und 6 beeintr\u00e4chtigt<\/p>\n<p class=\"paragraph tw-mx-auto tw-mb-6\">Aus diesem Grund enden in dieser Zeit alle Fahrten der Linie 2 bereits an der Haltestelle \u201eMirabellenstra\u00dfe\u201c. Als Ersatz k\u00f6nne zudem die Haltestelle \u201eBethanienberg\u201c an der HEM-Tankstelle genutzt werden. Die Buslinie\u202f6 f\u00e4hrt das Bethanien\u202f-Center im genannten Zeitraum ebenfalls nicht an, als Ersatz dient die Haltestelle \u201eAm\u202fSteep\u201c.<\/p>\n<p class=\"paragraph tw-mx-auto tw-mb-6\">Abseits des genehmigten Feuerwerks vom Bethanien-Center ist privates Abbrennen von Silvester-B\u00f6llern und Raketen generell nur am 31. Dezember und 1. Januar erlaubt. Ein Versto\u00df stellt eine Ordnungswidrigkeit nach dem Sprengstoffgesetz dar und kann mit einem Bu\u00dfgeld geahndet werden.<\/p>\n","protected":false},"excerpt":{"rendered":"Vor dem ganz gro\u00dfen Feuerwerk wird in Neubrandenburg schon mal etwas vorgeb\u00f6llert. Zwei Tage vor Silvester l\u00e4dt das&hellip;\n","protected":false},"author":2,"featured_media":673577,"comment_status":"","ping_status":"","sticky":false,"template":"","format":"standard","meta":{"footnotes":"","_share_on_mastodon":"0"},"categories":[134],"tags":[175,170,169,29,4851,30,171,174,15672,2281,173,172],"class_list":["post-673576","post","type-post","status-publish","format-standard","has-post-thumbnail","category-unternehmen-maerkte","tag-business","tag-companies","tag-companies-markets","tag-deutschland","tag-feuerwerk","tag-germany","tag-markets","tag-maerkte","tag-neubrandenburg","tag-silvester","tag-unternehmen","tag-unternehmen-maerkte"],"share_on_mastodon":{"url":"https:\/\/pubeurope.com\/@de\/115787838584562969","error":""},"_links":{"self":[{"href":"https:\/\/www.europesays.com\/de\/wp-json\/wp\/v2\/posts\/673576","targetHints":{"allow":["GET"]}}],"collection":[{"href":"https:\/\/www.europesays.com\/de\/wp-json\/wp\/v2\/posts"}],"about":[{"href":"https:\/\/www.europesays.com\/de\/wp-json\/wp\/v2\/types\/post"}],"author":[{"embeddable":true,"href":"https:\/\/www.europesays.com\/de\/wp-json\/wp\/v2\/users\/2"}],"replies":[{"embeddable":true,"href":"https:\/\/www.europesays.com\/de\/wp-json\/wp\/v2\/comments?post=673576"}],"version-history":[{"count":0,"href":"https:\/\/www.europesays.com\/de\/wp-json\/wp\/v2\/posts\/673576\/revisions"}],"wp:featuredmedia":[{"embeddable":true,"href":"https:\/\/www.europesays.com\/de\/wp-json\/wp\/v2\/media\/673577"}],"wp:attachment":[{"href":"https:\/\/www.europesays.com\/de\/wp-json\/wp\/v2\/media?parent=673576"}],"wp:term":[{"taxonomy":"category","embeddable":true,"href":"https:\/\/www.europesays.com\/de\/wp-json\/wp\/v2\/categories?post=673576"},{"taxonomy":"post_tag","embeddable":true,"href":"https:\/\/www.europesays.com\/de\/wp-json\/wp\/v2\/tags?post=673576"}],"curies":[{"name":"wp","href":"https:\/\/api.w.org\/{rel}","templated":true}]}}