{"id":673599,"date":"2025-12-26T21:04:27","date_gmt":"2025-12-26T21:04:27","guid":{"rendered":"https:\/\/www.europesays.com\/de\/673599\/"},"modified":"2025-12-26T21:04:27","modified_gmt":"2025-12-26T21:04:27","slug":"bildungskrise-an-der-graefenauschule-springen-freiwillige-ein-ludwigshafen","status":"publish","type":"post","link":"https:\/\/www.europesays.com\/de\/673599\/","title":{"rendered":"Bildungskrise: An der Gr\u00e4fenauschule springen Freiwillige ein &#8211; Ludwigshafen"},"content":{"rendered":"<p class=\"rhp-dpa-teaser\"><b>Die Gr\u00e4fenauschule in Ludwigshafen wurde zum Sinnbild der Bildungskrise. Die Schlagzeilen animierten zugleich Menschen, zu helfen: Was ehrenamtliche Lesepaten begeistert.<\/b><\/p>\n<p>Louis* kommt aus der Pause und entdeckt die Frau mit dem kurzen, grauen Haar auf dem Flur: \u201eWann bin ich dran mit Lesen?\u201c, will der Drittkl\u00e4sser wissen. Beate Schnettler lacht. Gerade hatte die 64-J\u00e4hrige der Journalistin erz\u00e4hlt, wie viel Freude ihr die Arbeit mit den Grundsch\u00fclern<\/p>\n<p class=\"\">Bitte loggen Sie sich ein um den Artikel im Klartext zu sehen.<\/p>\n<p class=\"\">mhact dun iwe ielv hri dei dKnrei n\u00fcug.zeecrbk   tgsa slel.a ieD  etarnw duaf,ra mti tB,eae iew sei eis leal ne,nnne neles zu  itnch mi ucs,uDetcbhh rndesno tim -,enAtebure  eodr hioireteenrugnDsachcsi in  dei sie gbniitt.rm eiS lofpkt Louis afu die rlcS:ueth  bits lcgieh <\/p>\n<p class=\"\">eiD  hrLreein uas eL<\/p>\n","protected":false},"excerpt":{"rendered":"Die Gr\u00e4fenauschule in Ludwigshafen wurde zum Sinnbild der Bildungskrise. Die Schlagzeilen animierten zugleich Menschen, zu helfen: Was ehrenamtliche&hellip;\n","protected":false},"author":2,"featured_media":673600,"comment_status":"","ping_status":"","sticky":false,"template":"","format":"standard","meta":{"footnotes":""},"categories":[1845],"tags":[1634,120770,156562,3364,29,548,663,3934,156564,108783,30,13,31251,156565,25476,2096,14,15,156563,5206,12],"class_list":{"0":"post-673599","1":"post","2":"type-post","3":"status-publish","4":"format-standard","5":"has-post-thumbnail","7":"category-mannheim","8":"tag-baden-wuerttemberg","9":"tag-barbara-maechtle","10":"tag-beate-schnettler","11":"tag-de","12":"tag-deutschland","13":"tag-eu","14":"tag-europa","15":"tag-europe","16":"tag-flur-wie","17":"tag-freinsheim","18":"tag-germany","19":"tag-headlines","20":"tag-hemshof","21":"tag-kreis-bad-duerkheim","22":"tag-ludwigshafen","23":"tag-mannheim","24":"tag-nachrichten","25":"tag-news","26":"tag-regina-luebben","27":"tag-rhein","28":"tag-schlagzeilen"},"share_on_mastodon":{"url":"https:\/\/pubeurope.com\/@de\/115787901541074364","error":""},"_links":{"self":[{"href":"https:\/\/www.europesays.com\/de\/wp-json\/wp\/v2\/posts\/673599","targetHints":{"allow":["GET"]}}],"collection":[{"href":"https:\/\/www.europesays.com\/de\/wp-json\/wp\/v2\/posts"}],"about":[{"href":"https:\/\/www.europesays.com\/de\/wp-json\/wp\/v2\/types\/post"}],"author":[{"embeddable":true,"href":"https:\/\/www.europesays.com\/de\/wp-json\/wp\/v2\/users\/2"}],"replies":[{"embeddable":true,"href":"https:\/\/www.europesays.com\/de\/wp-json\/wp\/v2\/comments?post=673599"}],"version-history":[{"count":0,"href":"https:\/\/www.europesays.com\/de\/wp-json\/wp\/v2\/posts\/673599\/revisions"}],"wp:featuredmedia":[{"embeddable":true,"href":"https:\/\/www.europesays.com\/de\/wp-json\/wp\/v2\/media\/673600"}],"wp:attachment":[{"href":"https:\/\/www.europesays.com\/de\/wp-json\/wp\/v2\/media?parent=673599"}],"wp:term":[{"taxonomy":"category","embeddable":true,"href":"https:\/\/www.europesays.com\/de\/wp-json\/wp\/v2\/categories?post=673599"},{"taxonomy":"post_tag","embeddable":true,"href":"https:\/\/www.europesays.com\/de\/wp-json\/wp\/v2\/tags?post=673599"}],"curies":[{"name":"wp","href":"https:\/\/api.w.org\/{rel}","templated":true}]}}