{"id":673805,"date":"2025-12-26T23:22:20","date_gmt":"2025-12-26T23:22:20","guid":{"rendered":"https:\/\/www.europesays.com\/de\/673805\/"},"modified":"2025-12-26T23:22:20","modified_gmt":"2025-12-26T23:22:20","slug":"abfallkalender-2026-ab-sofort-abrufbar","status":"publish","type":"post","link":"https:\/\/www.europesays.com\/de\/673805\/","title":{"rendered":"Abfallkalender 2026 ab sofort abrufbar"},"content":{"rendered":"<p class=\"text_ohne_einzug richtext text-em-55 !leading-serif mx-6 desktop:mx-0\">  Die Ratingerinnen und Ratinger k\u00f6nnen sich jetzt wieder einen \u00dcberblick \u00fcber das kommende Abfalljahr verschaffen. Smartphone- und Tablet-Nutzer haben die M\u00f6glichkeit, sich \u00fcber die MyM\u00fcll-App automatische Erinnerungen f\u00fcr ihre n\u00e4chste M\u00fclltonnen-Leerung zuschicken zu lassen. \u00dcber die Erinnerungsfunktion hinaus gibt die App Infos zu den n\u00e4chstgelegenen Depotcontainerstandorten, liefert ein Abfall-ABC und h\u00e4lt Informationen rund um die Abfallentsorgung bereit. Kurzfristige \u00c4nderungen wie beispielsweise bei Streik oder <a href=\"https:\/\/rp-online.de\/thema\/unwetter\/\" rel=\"nofollow noopener\" target=\"_blank\">Unwetter<\/a> werden immer aktuell und schnell per Pushnachricht bekannt gegeben.<\/p>\n<p class=\"richtext text-em-55 !leading-serif mx-6 desktop:mx-0\">Die kostenlose App kann im App-Store (Android oder Apple) auf das <a href=\"https:\/\/rp-online.de\/thema\/handy\/\" rel=\"nofollow noopener\" target=\"_blank\">Handy<\/a> heruntergeladen werden \u2013 dann die Stra\u00dfe eingeben, Abfallart w\u00e4hlen und den Erinnerungszeitpunkt festlegen. Kleiner Tipp: Es hat sich bew\u00e4hrt, sich immer am Vorabend des Abfuhrtermins erinnern zu lassen.<\/p>\n<p class=\"richtext text-em-55 !leading-serif mx-6 desktop:mx-0\">Ab sofort stehen die digitalen Abfuhrtermine 2026 rund um die Uhr online unter <a href=\"https:\/\/cas5-0-urlprotect.trendmicro.com\/wis\/clicktime\/v1\/query?url=http%3a%2f%2fwww.ratingen.de&amp;umid=b0eb715e-ace4-473f-a939-5b9900d5ba55&amp;rct=1766138772&amp;auth=f8c1baceba2a490369a2d3c8736469ec61ded91a-5b69669f6c3cf5769d91b387132b872204218331\" target=\"_blank\" rel=\"nofollow noopener\">www.ratingen.de<\/a> im Bereich Abfallwirtschaft und Stadtreinigung unter Abfuhrkalender und Termine zur Verf\u00fcgung. Der individuelle Abfuhrkalender kann als Wochen-, Monats- oder Jahres\u00fcbersicht erstellt werden. Dar\u00fcber hinaus k\u00f6nnen die Termine auch in die Kalenderanwendungen auf mobile Endger\u00e4te \u00fcbertragen werden.<\/p>\n<p class=\"richtext text-em-55 !leading-serif mx-6 desktop:mx-0\">Die Umstellung auf den digitalen Abfuhrkalender bedeutet jedoch ausdr\u00fccklich nicht, dass keine gedruckten Exemplare mehr erh\u00e4ltlich sein werden. F\u00fcr B\u00fcrgerinnen und B\u00fcrger, die weder den Online-Abfallkalender noch die Abfall-APPs nutzen, liegen gedruckte Abfuhrkalender ab sofort zu den regul\u00e4ren \u00d6ffnungszeiten an folgenden Stellen zur Abholung bereit:<\/p>\n<p class=\"richtext text-em-55 !leading-serif mx-6 desktop:mx-0\">Breitscheid: Kaufland, An der Hoffnung 125,<\/p>\n<p class=\"richtext text-em-55 !leading-serif mx-6 desktop:mx-0\">H\u00f6sel: Edeka, Heiligenhauser Stra\u00dfe 1-5, Kiosk Kremer, Bahnhofstra\u00dfe 156, All In am H\u00f6sel Center, Heiligenhauser Stra\u00dfe 3, Restaurant Kessel am P\u00f6tt, H\u00f6lender Weg 43,<\/p>\n<p class=\"richtext text-em-55 !leading-serif mx-6 desktop:mx-0\">Homberg: Post &amp; Lotto Agentur Joachim Strohsch\u00e4nk, Ostring 1A,<\/p>\n<p class=\"richtext text-em-55 !leading-serif mx-6 desktop:mx-0\">Lintorf: Gesundheitszentrum \u201eTuSfit&#8220;, Brandsheide 30, Gut H\u00f6ren-H\u00f6rger\u00e4te, Konrad-Adenauer-Platz 6, Herz-Apotheke, Duisburger Stra\u00dfe 23,<\/p>\n<p class=\"richtext text-em-55 !leading-serif mx-6 desktop:mx-0\">Mitte: B\u00fcrgerb\u00fcro, Minoritenstra\u00dfe, st\u00e4dtischer Seniorentreff, Minoritenstra\u00dfe 14, Zigarren Krings, Marktplatz 3, Hotspot Kiosk, Hans-B\u00f6ckler-Stra\u00dfe 48, Kiosk Tante Emmas-Stehcaf\u00e9, D\u00fcsseldorfer Stra\u00dfe 52, Medienzentrum, Peter-Br\u00fcning-Platz 3,<\/p>\n<p class=\"richtext text-em-55 !leading-serif mx-6 desktop:mx-0\">Ost: Edeka-Markt Kels, Homberger Stra\u00dfe 6, st\u00e4dtischer Seniorentreff, Carl-Z\u00f6llig-Stra\u00dfe 55, Kiosk, Bruchstra\u00dfe 50a,<\/p>\n<p class=\"richtext text-em-55 !leading-serif mx-6 desktop:mx-0\">Tiefenbroich: Wertstoffhof der Stadt <a href=\"https:\/\/rp-online.de\/thema\/ratingen\/\" rel=\"nofollow noopener\" target=\"_blank\">Ratingen<\/a>, Robert-Zapp-Stra\u00dfe 3, st\u00e4dtischer Seniorentreff, Sohlst\u00e4ttenstra\u00dfe 33c, Haarmoden Dittrich, Sohlst\u00e4ttenstra\u00dfe 4,<\/p>\n<p class=\"richtext text-em-55 !leading-serif mx-6 desktop:mx-0\">West: Baubetriebshof, Sandstra\u00dfe 25-27, Schreibwaren Schneider, Jenaer Stra\u00dfe 22, Post &amp; Shop West, Erfurter Stra\u00dfe 39, st\u00e4dtischer Seniorentreff-West, Erfurter Stra\u00dfe 33.<\/p>\n<p class=\"richtext text-em-55 !leading-serif mx-6 desktop:mx-0\">Wie gewohnt enth\u00e4lt die Druckversion alle Abfuhrtermine f\u00fcr die graue Tonne, Bio- und Papiertonne. F\u00fcr die Entsorgung der gelben Tonnen beziehungsweise S\u00e4cke ist das Entsorgungsunternehmen RMG Rohstoffmanagement GmbH zust\u00e4ndig. Die Abfuhrtermine hierf\u00fcr sind daher nicht im Abfuhrplan enthalten. Die Leerungstermine sowie die Ausgabestellen f\u00fcr gelbe S\u00e4cke sind auf der Homepage der RMG Rohstoffmanagement GmbH unter <a href=\"https:\/\/cas5-0-urlprotect.trendmicro.com\/wis\/clicktime\/v1\/query?url=http%3a%2f%2fwww.rmg%2dgmbh.de&amp;umid=b0eb715e-ace4-473f-a939-5b9900d5ba55&amp;rct=1766138772&amp;auth=f8c1baceba2a490369a2d3c8736469ec61ded91a-b02efc9e28b1c9eb99330aa87493ace250cd92f8\" target=\"_blank\" rel=\"nofollow noopener\">www.rmg-gmbh.de<\/a> ver\u00f6ffentlicht.<\/p>\n<p class=\"richtext text-em-55 !leading-serif mx-6 desktop:mx-0\">Anfang Januar 2026 wird wieder eine gesonderte Abholung der Weihnachtsb\u00e4ume angeboten. Die Entsorgung der abgeschm\u00fcckten Weihnachtsb\u00e4ume findet in der Zeit vom 12. bis 23. Januar statt. Die Abholung erfolgt jeweils am Abfuhrtag der <a href=\"https:\/\/rp-online.de\/thema\/biotonne\/\" rel=\"nofollow noopener\" target=\"_blank\">Biotonne<\/a>. Diese Regelung gilt auch f\u00fcr Haushalte, die keine Biotonne nutzen.<\/p>\n<p class=\"richtext text-em-55 !leading-serif mx-6 desktop:mx-0\">Da die B\u00e4ume einer Gr\u00fcnschnittverwertung zugef\u00fchrt werden, m\u00fcssen sie von jeglichem Schmuck befreit sein und am Abholungstag bis 6 Uhr gut sichtbar (nicht hinter B\u00e4umen, Hecken, Mauern etc.) an der Grundst\u00fccksgrenze zur \u00f6ffentlichen Stra\u00dfe bereitgestellt werden. Gro\u00dfe B\u00e4ume m\u00fcssen auf zwei Meter gek\u00fcrzt werden.<\/p>\n","protected":false},"excerpt":{"rendered":"Die Ratingerinnen und Ratinger k\u00f6nnen sich jetzt wieder einen \u00dcberblick \u00fcber das kommende Abfalljahr verschaffen. Smartphone- und Tablet-Nutzer&hellip;\n","protected":false},"author":2,"featured_media":673806,"comment_status":"","ping_status":"","sticky":false,"template":"","format":"standard","meta":{"footnotes":""},"categories":[1831],"tags":[156612,55754,60958,156617,6844,13299,55052,3364,29,3405,30,4141,156618,156616,1209,10078,68283,156619,156613,156615,156614,524,8862],"class_list":{"0":"post-673805","1":"post","2":"type-post","3":"status-publish","4":"format-standard","5":"has-post-thumbnail","7":"category-duesseldorf","8":"tag-abfuhrkalender","9":"tag-abfuhrtermine","10":"tag-abholung","11":"tag-abholungstag","12":"tag-app","13":"tag-bahnhofstrasse","14":"tag-bruchstrasse","15":"tag-de","16":"tag-deutschland","17":"tag-duesseldorf","18":"tag-germany","19":"tag-kiosk","20":"tag-leerungstermine","21":"tag-minoritenstrasse","22":"tag-nordrhein-westfalen","23":"tag-ratingen","24":"tag-rmg","25":"tag-sandstrasse","26":"tag-seniorentreff","27":"tag-sohlstaettenstrasse","28":"tag-staedtischer","29":"tag-strasse","30":"tag-termine"},"share_on_mastodon":{"url":"https:\/\/pubeurope.com\/@de\/115788444001094314","error":""},"_links":{"self":[{"href":"https:\/\/www.europesays.com\/de\/wp-json\/wp\/v2\/posts\/673805","targetHints":{"allow":["GET"]}}],"collection":[{"href":"https:\/\/www.europesays.com\/de\/wp-json\/wp\/v2\/posts"}],"about":[{"href":"https:\/\/www.europesays.com\/de\/wp-json\/wp\/v2\/types\/post"}],"author":[{"embeddable":true,"href":"https:\/\/www.europesays.com\/de\/wp-json\/wp\/v2\/users\/2"}],"replies":[{"embeddable":true,"href":"https:\/\/www.europesays.com\/de\/wp-json\/wp\/v2\/comments?post=673805"}],"version-history":[{"count":0,"href":"https:\/\/www.europesays.com\/de\/wp-json\/wp\/v2\/posts\/673805\/revisions"}],"wp:featuredmedia":[{"embeddable":true,"href":"https:\/\/www.europesays.com\/de\/wp-json\/wp\/v2\/media\/673806"}],"wp:attachment":[{"href":"https:\/\/www.europesays.com\/de\/wp-json\/wp\/v2\/media?parent=673805"}],"wp:term":[{"taxonomy":"category","embeddable":true,"href":"https:\/\/www.europesays.com\/de\/wp-json\/wp\/v2\/categories?post=673805"},{"taxonomy":"post_tag","embeddable":true,"href":"https:\/\/www.europesays.com\/de\/wp-json\/wp\/v2\/tags?post=673805"}],"curies":[{"name":"wp","href":"https:\/\/api.w.org\/{rel}","templated":true}]}}