{"id":673809,"date":"2025-12-26T23:24:25","date_gmt":"2025-12-26T23:24:25","guid":{"rendered":"https:\/\/www.europesays.com\/de\/673809\/"},"modified":"2025-12-26T23:24:25","modified_gmt":"2025-12-26T23:24:25","slug":"trostlose-plaetze-in-waiblingen-was-kommt-nach-baustelle-und-pop-up-gruen-nachrichten-aus-waiblingen","status":"publish","type":"post","link":"https:\/\/www.europesays.com\/de\/673809\/","title":{"rendered":"Trostlose Pl\u00e4tze in Waiblingen: Was kommt nach Baustelle und \u201ePop up\u201c-Gr\u00fcn?\u00a0 &#8211; Nachrichten aus Waiblingen"},"content":{"rendered":"<p><strong>Waiblingen.<\/strong> Der Postplatz ist bis auf Weiteres eine Baustelle, der Eva-Mayr-Stihl-Platz immerhin wurde mit Pflanzk\u00fcbeln und Beeten aufgepeppt, der Rathausplatz im Sommer mit dem Sandkasten. Wenn auch nur provisorisch. Wie geht\u2019s weiter mit den kahlen und im Sommer stark \u00fcberhitzten Pl\u00e4tzen in der Waiblinger Innenstadt? Es tut sich was: Die Zeiten, in denen graue Leere als alternativlos und schick galt, sind offenbar vorbei. Ein Vorbild f\u00fcr sch\u00f6nere Pl\u00e4tze mit<\/p>\n","protected":false},"excerpt":{"rendered":"Waiblingen. Der Postplatz ist bis auf Weiteres eine Baustelle, der Eva-Mayr-Stihl-Platz immerhin wurde mit Pflanzk\u00fcbeln und Beeten aufgepeppt,&hellip;\n","protected":false},"author":2,"featured_media":673810,"comment_status":"","ping_status":"","sticky":false,"template":"","format":"standard","meta":{"footnotes":""},"categories":[1830],"tags":[156620,1634,3364,29,156621,156622,30,68425,156623,156624,156625,1441,9887],"class_list":{"0":"post-673809","1":"post","2":"type-post","3":"status-publish","4":"format-standard","5":"has-post-thumbnail","7":"category-stuttgart","8":"tag-alter-postplatz","9":"tag-baden-wuerttemberg","10":"tag-de","11":"tag-deutschland","12":"tag-eva-mayr-stihl-platz","13":"tag-galerie-stihl-waiblingen","14":"tag-germany","15":"tag-pop-up","16":"tag-postplatz-forum","17":"tag-querspange-waiblingen","18":"tag-rewe-waiblingen","19":"tag-stuttgart","20":"tag-waiblingen"},"share_on_mastodon":{"url":"https:\/\/pubeurope.com\/@de\/115788451878471568","error":""},"_links":{"self":[{"href":"https:\/\/www.europesays.com\/de\/wp-json\/wp\/v2\/posts\/673809","targetHints":{"allow":["GET"]}}],"collection":[{"href":"https:\/\/www.europesays.com\/de\/wp-json\/wp\/v2\/posts"}],"about":[{"href":"https:\/\/www.europesays.com\/de\/wp-json\/wp\/v2\/types\/post"}],"author":[{"embeddable":true,"href":"https:\/\/www.europesays.com\/de\/wp-json\/wp\/v2\/users\/2"}],"replies":[{"embeddable":true,"href":"https:\/\/www.europesays.com\/de\/wp-json\/wp\/v2\/comments?post=673809"}],"version-history":[{"count":0,"href":"https:\/\/www.europesays.com\/de\/wp-json\/wp\/v2\/posts\/673809\/revisions"}],"wp:featuredmedia":[{"embeddable":true,"href":"https:\/\/www.europesays.com\/de\/wp-json\/wp\/v2\/media\/673810"}],"wp:attachment":[{"href":"https:\/\/www.europesays.com\/de\/wp-json\/wp\/v2\/media?parent=673809"}],"wp:term":[{"taxonomy":"category","embeddable":true,"href":"https:\/\/www.europesays.com\/de\/wp-json\/wp\/v2\/categories?post=673809"},{"taxonomy":"post_tag","embeddable":true,"href":"https:\/\/www.europesays.com\/de\/wp-json\/wp\/v2\/tags?post=673809"}],"curies":[{"name":"wp","href":"https:\/\/api.w.org\/{rel}","templated":true}]}}