{"id":674266,"date":"2025-12-27T04:33:17","date_gmt":"2025-12-27T04:33:17","guid":{"rendered":"https:\/\/www.europesays.com\/de\/674266\/"},"modified":"2025-12-27T04:33:17","modified_gmt":"2025-12-27T04:33:17","slug":"seit-50-jahren-leitet-horst-couson-den-shalom-chor-in-moenchengladbach","status":"publish","type":"post","link":"https:\/\/www.europesays.com\/de\/674266\/","title":{"rendered":"Seit 50 Jahren leitet Horst Couson den Shalom Chor in M\u00f6nchengladbach"},"content":{"rendered":"<p class=\"text_ohne_einzug richtext text-em-55 !leading-serif mx-6 desktop:mx-0\">Horst Couson sagt, Musik ist der beste Klebstoff. Theologie komme ohne Musik nicht aus. Karneval auch nicht. Dem Sport verleiht Musik die richtige W\u00fcrze, zum Beispiel wenn ein Tor f\u00e4llt und man den Emotionen freien Lauf lassen m\u00f6chte. Ein Film werde oft langweilig, wenn man den Ton abdreht. Horst Couson hat lange als Musik- und Religionslehrer in <a href=\"https:\/\/rp-online.de\/thema\/erkelenz\/\" rel=\"nofollow noopener\" target=\"_blank\">Erkelenz<\/a> gearbeitet, in diesem Jahr ist er au\u00dferdem seit nunmehr 50 Jahren Chorleiter des ShalomChors in <a href=\"https:\/\/rp-online.de\/thema\/moenchengladbach\/\" rel=\"nofollow noopener\" target=\"_blank\">M\u00f6nchengladbach<\/a>. Was ihn all die Jahre gehalten hat? \u201eDas liegt daran, dass ich so entscheidungsschwach bin\u201c, sagt er leichthin. Ein bisschen mehr steckt wohl aber schon dahinter.<\/p>\n","protected":false},"excerpt":{"rendered":"Horst Couson sagt, Musik ist der beste Klebstoff. Theologie komme ohne Musik nicht aus. Karneval auch nicht. Dem&hellip;\n","protected":false},"author":2,"featured_media":674267,"comment_status":"","ping_status":"","sticky":false,"template":"","format":"standard","meta":{"footnotes":"","_share_on_mastodon":"0"},"categories":[1849],"tags":[3364,29,548,663,3934,30,13,4455,14,15,1209,12,156699],"class_list":["post-674266","post","type-post","status-publish","format-standard","has-post-thumbnail","category-moenchengladbach","tag-de","tag-deutschland","tag-eu","tag-europa","tag-europe","tag-germany","tag-headlines","tag-moenchengladbach","tag-nachrichten","tag-news","tag-nordrhein-westfalen","tag-schlagzeilen","tag-shalom"],"share_on_mastodon":{"url":"https:\/\/pubeurope.com\/@de\/115789666912066624","error":""},"_links":{"self":[{"href":"https:\/\/www.europesays.com\/de\/wp-json\/wp\/v2\/posts\/674266","targetHints":{"allow":["GET"]}}],"collection":[{"href":"https:\/\/www.europesays.com\/de\/wp-json\/wp\/v2\/posts"}],"about":[{"href":"https:\/\/www.europesays.com\/de\/wp-json\/wp\/v2\/types\/post"}],"author":[{"embeddable":true,"href":"https:\/\/www.europesays.com\/de\/wp-json\/wp\/v2\/users\/2"}],"replies":[{"embeddable":true,"href":"https:\/\/www.europesays.com\/de\/wp-json\/wp\/v2\/comments?post=674266"}],"version-history":[{"count":0,"href":"https:\/\/www.europesays.com\/de\/wp-json\/wp\/v2\/posts\/674266\/revisions"}],"wp:featuredmedia":[{"embeddable":true,"href":"https:\/\/www.europesays.com\/de\/wp-json\/wp\/v2\/media\/674267"}],"wp:attachment":[{"href":"https:\/\/www.europesays.com\/de\/wp-json\/wp\/v2\/media?parent=674266"}],"wp:term":[{"taxonomy":"category","embeddable":true,"href":"https:\/\/www.europesays.com\/de\/wp-json\/wp\/v2\/categories?post=674266"},{"taxonomy":"post_tag","embeddable":true,"href":"https:\/\/www.europesays.com\/de\/wp-json\/wp\/v2\/tags?post=674266"}],"curies":[{"name":"wp","href":"https:\/\/api.w.org\/{rel}","templated":true}]}}