{"id":674721,"date":"2025-12-27T09:43:52","date_gmt":"2025-12-27T09:43:52","guid":{"rendered":"https:\/\/www.europesays.com\/de\/674721\/"},"modified":"2025-12-27T09:43:52","modified_gmt":"2025-12-27T09:43:52","slug":"vrr-beschliesst-neue-tarife-alte-tickets-bis-maerz-gueltig-2","status":"publish","type":"post","link":"https:\/\/www.europesays.com\/de\/674721\/","title":{"rendered":"VRR beschlie\u00dft neue Tarife: Alte Tickets bis M\u00e4rz g\u00fcltig"},"content":{"rendered":"<p>Fahrg\u00e4ste k\u00f6nnen ihre bis zum 31. Dezember 2025 gekauften Tickets noch bis einschlie\u00dflich 31. M\u00e4rz 2026 nutzen. In diesem Zeitraum ist das Abfahren mit den alten Fahrscheinen weiterhin erlaubt. Alternativ besteht die M\u00f6glichkeit, alte Tickets bis zum 31. Dezember 2028 gegen neue Fahrscheine umzutauschen. Dabei zahlen Kundinnen und Kunden lediglich den Differenzbetrag zum dann g\u00fcltigen Fahrpreis.<\/p>\n<p>\u00a0<\/p>\n","protected":false},"excerpt":{"rendered":"Fahrg\u00e4ste k\u00f6nnen ihre bis zum 31. Dezember 2025 gekauften Tickets noch bis einschlie\u00dflich 31. M\u00e4rz 2026 nutzen. In&hellip;\n","protected":false},"author":2,"featured_media":666763,"comment_status":"","ping_status":"","sticky":false,"template":"","format":"standard","meta":{"footnotes":""},"categories":[1838],"tags":[3364,29,3715,30,1209],"class_list":{"0":"post-674721","1":"post","2":"type-post","3":"status-publish","4":"format-standard","5":"has-post-thumbnail","7":"category-duisburg","8":"tag-de","9":"tag-deutschland","10":"tag-duisburg","11":"tag-germany","12":"tag-nordrhein-westfalen"},"share_on_mastodon":{"url":"https:\/\/pubeurope.com\/@de\/115790889826098599","error":""},"_links":{"self":[{"href":"https:\/\/www.europesays.com\/de\/wp-json\/wp\/v2\/posts\/674721","targetHints":{"allow":["GET"]}}],"collection":[{"href":"https:\/\/www.europesays.com\/de\/wp-json\/wp\/v2\/posts"}],"about":[{"href":"https:\/\/www.europesays.com\/de\/wp-json\/wp\/v2\/types\/post"}],"author":[{"embeddable":true,"href":"https:\/\/www.europesays.com\/de\/wp-json\/wp\/v2\/users\/2"}],"replies":[{"embeddable":true,"href":"https:\/\/www.europesays.com\/de\/wp-json\/wp\/v2\/comments?post=674721"}],"version-history":[{"count":0,"href":"https:\/\/www.europesays.com\/de\/wp-json\/wp\/v2\/posts\/674721\/revisions"}],"wp:featuredmedia":[{"embeddable":true,"href":"https:\/\/www.europesays.com\/de\/wp-json\/wp\/v2\/media\/666763"}],"wp:attachment":[{"href":"https:\/\/www.europesays.com\/de\/wp-json\/wp\/v2\/media?parent=674721"}],"wp:term":[{"taxonomy":"category","embeddable":true,"href":"https:\/\/www.europesays.com\/de\/wp-json\/wp\/v2\/categories?post=674721"},{"taxonomy":"post_tag","embeddable":true,"href":"https:\/\/www.europesays.com\/de\/wp-json\/wp\/v2\/tags?post=674721"}],"curies":[{"name":"wp","href":"https:\/\/api.w.org\/{rel}","templated":true}]}}