{"id":674801,"date":"2025-12-27T10:34:20","date_gmt":"2025-12-27T10:34:20","guid":{"rendered":"https:\/\/www.europesays.com\/de\/674801\/"},"modified":"2025-12-27T10:34:20","modified_gmt":"2025-12-27T10:34:20","slug":"kapustin-wollte-putin-stuerzen-drohne-toetet-kommandanten-des-russischen-freiwilligenkorps","status":"publish","type":"post","link":"https:\/\/www.europesays.com\/de\/674801\/","title":{"rendered":"Kapustin wollte Putin st\u00fcrzen: Drohne t\u00f6tet Kommandanten des Russischen Freiwilligenkorps"},"content":{"rendered":"<p>Kapustin wollte Putin st\u00fcrzenDrohne t\u00f6tet Kommandanten des Russischen Freiwilligenkorps<\/p>\n<p>27.12.2025, 11:11 Uhr <\/p>\n<p>Artikel anh\u00f6ren(03:49 min)<\/p>\n<p><img decoding=\"async\" class=\"Image_img__fQCi0 Image_Img_16_9__4BLfH widget-picture-inline_maximizable__t_E7h\" loading=\"eager\" fetchpriority=\"high\" src=\"https:\/\/www.europesays.com\/de\/wp-content\/uploads\/2025\/12\/Denis-Kapustin-leader-of-the-Russian-Volunteer-Corps-pays-the-last-respect-to-his-fellow-soldier-Dan.webp\" alt=\"Denis-Kapustin-leader-of-the-Russian-Volunteer-Corps-pays-the-last-respect-to-his-fellow-soldier-Daniil-Maznik-during-a-farewell-ceremony-in-Kyiv-Ukraine-Saturday-June-10-2023-Maznik-was-killed-in-a-battle-with-the-Russian-forces-in-Belgorod-region-Russia-The-Russian-Volunteer-Corps-is-a-paramilitary-unit-of-Russian-citizens-based-in-Ukraine-It-was-formed-in-2022-during-the-first-year-of-the-Russian-invasion-of-Ukraine-to-fight-against-the-regime-of-Vladimir-Putin\"\/>Kapustin bei der Beisetzung eines Freundes im Juni 2023 in Kiew. (Foto: picture alliance \/ ASSOCIATED PRESS)TeilenFolgen auf:<a href=\"https:\/\/www.whatsapp.com\/channel\/0029Va5cdVJD8SDp5YZgYF01\" title=\"Auf WhatsApp folgen\" target=\"_blank\" rel=\"nofollow noopener\"><img decoding=\"async\" src=\"https:\/\/www.n-tv.de\/socialIcons\/whatsapp.svg\" alt=\"whatsapp\" class=\"ArticleShare_icon__FsrC2\"\/><\/a><a href=\"https:\/\/news.google.com\/publications\/CAAiEPMdif5mpRNxiLOeUpHCwwsqFAgKIhDzHYn-ZqUTcYiznlKRwsML?hl=de&amp;gl=DE&amp;ceid=DE%3Ade\" title=\"Auf Google News folgen\" target=\"_blank\" rel=\"nofollow noopener\"><img decoding=\"async\" src=\"https:\/\/www.n-tv.de\/socialIcons\/google.svg\" alt=\"whatsapp\" class=\"ArticleShare_icon__FsrC2\"\/><\/a><\/p>\n<p class=\"Typography_text-m__XI0da Typography_weight-bold__uT6mq storyline_lead_text_leadtext__q_wg8\">2023 gelingt einer Gruppe ein milit\u00e4rischer Coup in der russischen Region Brjansk. Seither ist das Russische Freiwilligenkorps und sein Kommandant Denis Kapustin bekannt. Der geb\u00fcrtige Russe ist jedoch weniger ukrainischer Freiheitsk\u00e4mpfer als vielmehr rechtsextremer Nationalist. Nun kommt er bei K\u00e4mpfen ums Leben.<\/p>\n<p class=\"Typography_text-default__P3otY Typography_weight-normal__pqUbH storyline_paragraph_p__qSR5N\">Der russische Rechtsextremist und Mitgr\u00fcnder des Russischen Freiwilligenkorps, Denis Kapustin, ist tot. Wie der <a class=\"inline_link\" href=\"https:\/\/t.me\/rvc_army\/1640\" target=\"_blank\" rel=\"nofollow\">Telegramkanal<\/a> der Gruppe meldet, soll er vermutlich durch eine russische Drohne beim Kampf in der ukrainischen Region Saporischschja ums Leben gekommen sein. Die Gruppe schwor in der Meldung Vergeltung f\u00fcr seinen Tod.<\/p>\n<p class=\"Typography_text-default__P3otY Typography_weight-normal__pqUbH storyline_paragraph_p__qSR5N\">Kapustin erlangte 2023 gr\u00f6\u00dfere Popularit\u00e4t, nachdem er mit dem von ihm mitbegr\u00fcndeten Russischen Freiwilligenkorps von der Ukraine aus in die russische Grenzregion Brjansk vorr\u00fcckte und dort Sabotageaktionen durchf\u00fchrte. Anfang M\u00e4rz soll die Gruppe Berichten zufolge in ein russisches Dorf einger\u00fcckt sein und ein Auto beschossen haben. Zwei Menschen sollen dabei get\u00f6tet worden sein. Kapustin ver\u00f6ffentlichte seinerzeit ein Video, in dem er die russische Bev\u00f6lkerung zum Kampf gegen Kremlchef Wladimir Putin aufrief. <\/p>\n<p class=\"Typography_text-default__P3otY Typography_weight-normal__pqUbH storyline_paragraph_p__qSR5N\">Wie gro\u00df und schlagkr\u00e4ftig die Gruppe tats\u00e4chlich war und derzeit ist, ist nicht bekannt. 2023 schwankten die Angaben zur Gr\u00f6\u00dfe des Kampfverbands zwischen einem Dutzend und 50 K\u00e4mpfern. Nach Einsch\u00e4tzung von Experten finanzierte sich die Gruppe vor allem durch illegale Aktivit\u00e4ten und Spenden. Um letztere einzuwerben, brauchte sie spektakul\u00e4re Aktionen wie die in Brjansk. Milit\u00e4rischer Wert wurde den Grenz\u00fcbertritten kaum zugebilligt. Experte Gustav Gressel sprach daher seinerzeit vor allem von einem &#8222;PR-Coup&#8220;.<\/p>\n<p>Kapustin lebte eine Zeit lang in Deutschland<\/p>\n<p class=\"Typography_text-default__P3otY Typography_weight-normal__pqUbH storyline_paragraph_p__qSR5N\">Das Russische Freiwilligenkorps gr\u00fcndete Kapustin 2022, etwa ein halbes Jahr nach Beginn der Vollinvasion Russlands in der Ukraine. Er k\u00e4mpfte nach eigenen Angaben aufseiten der Ukraine. Kiew erkannte das Russische Freiwilligenkorps jedoch nicht offiziell als Kampfverband an. Nach eigenen Aussagen wollte Kapustin Putin st\u00fcrzen. Ihm soll ein &#8222;ethnisch reines&#8220; Russland vorgeschwebt haben. Er setzte daf\u00fcr auf einen Zerfall Russlands in Teilstaaten.<\/p>\n<p class=\"Typography_text-default__P3otY Typography_weight-normal__pqUbH storyline_paragraph_p__qSR5N\">Zuvor war der geb\u00fcrtige Russe vor allem als Hooligan und Rechtsextremist <a class=\"inline_link\" href=\"https:\/\/www.n-tv.de\/politik\/Wer-ist-der-russische-Neonazi-Denis-Kapustin-article23958869.html\" target=\"_blank\" rel=\"nofollow noopener\">in Erscheinung getreten<\/a>. 2001 siedelte seine Familie von Moskau nach Deutschland \u00fcber. Kapustin lebte in K\u00f6ln und sprach Deutsch. Er besuchte Rechtsrockkonzerte und veranstaltete Kampfsportveranstaltungen. Zudem rief er das Neonazilabel &#8222;White Rex&#8220; ins Leben und vernetzte sich international mit Rechtsextremisten. Laut ZDF stieg er in den 2010er Jahren zu einer der f\u00fchrenden Figuren in der europ\u00e4ischen Neonaziszene auf. <\/p>\n<p class=\"Typography_text-default__P3otY Typography_weight-normal__pqUbH storyline_paragraph_p__qSR5N\">Nach &#8222;Spiegel&#8220;-Informationen lebte Kapustin seit 2018 in der Ukraine. Es ist gut m\u00f6glich, dass er Ermittlungen deutscher Beh\u00f6rden zuvorkam. 2019 wies Deutschland ihn aufgrund seiner Aktivit\u00e4ten offiziell aus. 2023 verurteilte ein russisches Gericht Kapustin wegen Terroranschlags und terroristischer Aktivit\u00e4ten sowie illegalen Sprengstoffhandels in Abwesenheit zu lebenslanger Haft. Was Kapustin nach der Sabotage-Aktion 2023 in Brjansk getan hat, ist weitgehend unklar. <\/p>\n<p class=\"Typography_text-s__wu_cm Typography_weight-normal__pqUbH Typography_color-darkgrey__sZEnP article-detail-footer_source__KslPc\">Quelle: ntv.de, als<\/p>\n","protected":false},"excerpt":{"rendered":"Kapustin wollte Putin st\u00fcrzenDrohne t\u00f6tet Kommandanten des Russischen Freiwilligenkorps 27.12.2025, 11:11 Uhr Artikel anh\u00f6ren(03:49 min) Kapustin bei der&hellip;\n","protected":false},"author":2,"featured_media":674802,"comment_status":"","ping_status":"","sticky":false,"template":"","format":"standard","meta":{"footnotes":"","_share_on_mastodon":"0"},"categories":[3],"tags":[661,13,56065,1420,929,14,15,16,770,12,10,8,9,11,103,306,104],"class_list":["post-674801","post","type-post","status-publish","format-standard","has-post-thumbnail","category-welt","tag-angriff-auf-die-ukraine","tag-headlines","tag-hooligans","tag-koeln","tag-kriege-und-konflikte","tag-nachrichten","tag-news","tag-politik","tag-rechtsextremismus","tag-schlagzeilen","tag-top-news","tag-top-meldungen","tag-topmeldungen","tag-topnews","tag-welt","tag-wladimir-putin","tag-world"],"share_on_mastodon":{"url":"https:\/\/pubeurope.com\/@de\/115791089039940628","error":""},"_links":{"self":[{"href":"https:\/\/www.europesays.com\/de\/wp-json\/wp\/v2\/posts\/674801","targetHints":{"allow":["GET"]}}],"collection":[{"href":"https:\/\/www.europesays.com\/de\/wp-json\/wp\/v2\/posts"}],"about":[{"href":"https:\/\/www.europesays.com\/de\/wp-json\/wp\/v2\/types\/post"}],"author":[{"embeddable":true,"href":"https:\/\/www.europesays.com\/de\/wp-json\/wp\/v2\/users\/2"}],"replies":[{"embeddable":true,"href":"https:\/\/www.europesays.com\/de\/wp-json\/wp\/v2\/comments?post=674801"}],"version-history":[{"count":0,"href":"https:\/\/www.europesays.com\/de\/wp-json\/wp\/v2\/posts\/674801\/revisions"}],"wp:featuredmedia":[{"embeddable":true,"href":"https:\/\/www.europesays.com\/de\/wp-json\/wp\/v2\/media\/674802"}],"wp:attachment":[{"href":"https:\/\/www.europesays.com\/de\/wp-json\/wp\/v2\/media?parent=674801"}],"wp:term":[{"taxonomy":"category","embeddable":true,"href":"https:\/\/www.europesays.com\/de\/wp-json\/wp\/v2\/categories?post=674801"},{"taxonomy":"post_tag","embeddable":true,"href":"https:\/\/www.europesays.com\/de\/wp-json\/wp\/v2\/tags?post=674801"}],"curies":[{"name":"wp","href":"https:\/\/api.w.org\/{rel}","templated":true}]}}