{"id":674821,"date":"2025-12-27T10:47:10","date_gmt":"2025-12-27T10:47:10","guid":{"rendered":"https:\/\/www.europesays.com\/de\/674821\/"},"modified":"2025-12-27T10:47:10","modified_gmt":"2025-12-27T10:47:10","slug":"warum-sich-die-arbeiten-fuer-ein-mehrfamilienhaus-in-gersthofen-verzoegern","status":"publish","type":"post","link":"https:\/\/www.europesays.com\/de\/674821\/","title":{"rendered":"Warum sich die Arbeiten f\u00fcr ein Mehrfamilienhaus in Gersthofen verz\u00f6gern"},"content":{"rendered":"<p class=\"mb-6 text-xs md:text-m lg:text-l font-serif group-[.font-sans]:font-sans \">\n    Eine <a href=\"https:\/\/www.augsburger-allgemeine.de\/schlagworte\/aa-baustelle-kreis-augsburg\" target=\"_self\" class=\"underline \" rel=\"noopener\">Baustelle<\/a> in der Thyssenstra\u00dfe sorgt in Gersthofen f\u00fcr R\u00e4tselraten. Seit November 2025 herrscht Stillstand auf der Baustelle gegen\u00fcber den Feldern. Ein Baukran ragt weithin sichtbar in die H\u00f6he, Baumaterialien liegen auf dem eingez\u00e4unten Grundst\u00fcck, die oberen Stockwerke des Bestandsgeb\u00e4udes wurden bereits abgetragen. Wir haben mit dem Eigent\u00fcmer \u00fcber den Grund f\u00fcr die eingestellte Arbeit gesprochen.\n  <\/p>\n<ul data-module-id=\"DragDropModule\" class=\"flex flex-wrap justify-start group-[.no-bookmarks]:hidden\">\n<li class=\"mb-3 mr-3\">\n    Regine Kahl<\/p>\n<p>      Icon Haken im Kreis gesetzt<\/p>\n<p>      Icon Plus im Kreis<\/p>\n<\/li>\n<li class=\"mb-3 mr-3\">\n    Baustelle<\/p>\n<p>      Icon Haken im Kreis gesetzt<\/p>\n<p>      Icon Plus im Kreis<\/p>\n<\/li>\n<li class=\"mb-3 mr-3\">\n    Wohnungen<\/p>\n<p>      Icon Haken im Kreis gesetzt<\/p>\n<p>      Icon Plus im Kreis<\/p>\n<\/li>\n<\/ul>\n","protected":false},"excerpt":{"rendered":"Eine Baustelle in der Thyssenstra\u00dfe sorgt in Gersthofen f\u00fcr R\u00e4tselraten. Seit November 2025 herrscht Stillstand auf der Baustelle&hellip;\n","protected":false},"author":2,"featured_media":674822,"comment_status":"","ping_status":"","sticky":false,"template":"","format":"standard","meta":{"footnotes":""},"categories":[1846],"tags":[680,2461,772,3364,29,156789,548,663,3934,30,60334,13,156788,14,15,12,156787,5337],"class_list":{"0":"post-674821","1":"post","2":"type-post","3":"status-publish","4":"format-standard","5":"has-post-thumbnail","7":"category-augsburg","8":"tag-augsburg","9":"tag-baustelle","10":"tag-bayern","11":"tag-de","12":"tag-deutschland","13":"tag-dominik-radovic","14":"tag-eu","15":"tag-europa","16":"tag-europe","17":"tag-germany","18":"tag-gersthofen","19":"tag-headlines","20":"tag-marc-scherl","21":"tag-nachrichten","22":"tag-news","23":"tag-schlagzeilen","24":"tag-thyssenstrasse","25":"tag-wohnungen"},"share_on_mastodon":{"url":"https:\/\/pubeurope.com\/@de\/115791137661497899","error":""},"_links":{"self":[{"href":"https:\/\/www.europesays.com\/de\/wp-json\/wp\/v2\/posts\/674821","targetHints":{"allow":["GET"]}}],"collection":[{"href":"https:\/\/www.europesays.com\/de\/wp-json\/wp\/v2\/posts"}],"about":[{"href":"https:\/\/www.europesays.com\/de\/wp-json\/wp\/v2\/types\/post"}],"author":[{"embeddable":true,"href":"https:\/\/www.europesays.com\/de\/wp-json\/wp\/v2\/users\/2"}],"replies":[{"embeddable":true,"href":"https:\/\/www.europesays.com\/de\/wp-json\/wp\/v2\/comments?post=674821"}],"version-history":[{"count":0,"href":"https:\/\/www.europesays.com\/de\/wp-json\/wp\/v2\/posts\/674821\/revisions"}],"wp:featuredmedia":[{"embeddable":true,"href":"https:\/\/www.europesays.com\/de\/wp-json\/wp\/v2\/media\/674822"}],"wp:attachment":[{"href":"https:\/\/www.europesays.com\/de\/wp-json\/wp\/v2\/media?parent=674821"}],"wp:term":[{"taxonomy":"category","embeddable":true,"href":"https:\/\/www.europesays.com\/de\/wp-json\/wp\/v2\/categories?post=674821"},{"taxonomy":"post_tag","embeddable":true,"href":"https:\/\/www.europesays.com\/de\/wp-json\/wp\/v2\/tags?post=674821"}],"curies":[{"name":"wp","href":"https:\/\/api.w.org\/{rel}","templated":true}]}}