{"id":675118,"date":"2025-12-27T13:54:19","date_gmt":"2025-12-27T13:54:19","guid":{"rendered":"https:\/\/www.europesays.com\/de\/675118\/"},"modified":"2025-12-27T13:54:19","modified_gmt":"2025-12-27T13:54:19","slug":"so-laeuft-das-suedhoehenturnier-des-ssv-sudberg","status":"publish","type":"post","link":"https:\/\/www.europesays.com\/de\/675118\/","title":{"rendered":"So l\u00e4uft das S\u00fcdh\u00f6henturnier des SSV Sudberg"},"content":{"rendered":"<p>          Wuppertaler Hallenfu\u00dfball        So l\u00e4uft das S\u00fcdh\u00f6henturnier des SSV Sudberg<\/p>\n<p class=\"text-50 desktop:text-70 park-container-small px-6 mb-10 desktop:mb-14\">Wuppertal \u00b7 <strong data-cy=\"intro\" data-readtime-content=\"\">Zum 35. Mal l\u00e4dt der SSV Sudberg f\u00fcr Samstag, 27., und Sonntag 28. Dezember, zu seinem Traditionsturnier in die stimmungsvolle Alfred-Henckels-Halle ein. Wir versorgen sie hier ganz aktuell mit den Ergebnissen. Los geht es am Samstag um 15 Uhr mit der Partie des Gastgebers gegen den TSV Ronsdorf.<\/strong><\/p>\n<p>                        <a class=\"absolute bottom-0 inset-x-0 z-10 group\/link before:float-left after:clear-both flex justify-end items-end print:hidden\" href=\"https:\/\/www.wz.de\/imgs\/39\/2\/5\/3\/5\/9\/8\/3\/4\/7\/tok_0607a1ecf0c41fdab0201aa068326883\/w1900_h1387_x1796_y1312_wz_afi_29_12_2024_15-a673515d92d52979.jpg\" title=\"Vergr\u00f6\u00dferte Ansicht\" aria-describedby=\"park-figure-\" data-enlargable=\"image\" target=\"_blank\" rel=\"noopener\"><\/p>\n<p>                            <\/a><\/p>\n<p>                <img class=\"inset-0 w-full h-full object-cover opacity-0 transition-opacity animated\" onload=\"this.style.opacity = '1';\" src=\"https:\/\/www.europesays.com\/de\/wp-content\/uploads\/2025\/12\/w2100_h1534_x1796_y1312_wz_afi_29_12_2024_15-a673515d92d52979.jpg\"   alt=\"Im Vorjahr lieferten sich der FSV Vohwinkel und der Cronenberger SC ein packendes Finale. Die Vohwinkeler gewannen nach einem epischen Neunmeterschie\u00dfen.\" width=\"3592\" height=\"2624\" fetchpriority=\"high\" decoding=\"async\" data-park-image-img=\"\"\/><\/p>\n<p class=\"block font-sans text-30 text-black-almost dark:text-white-almost desktop:text-40 desktop:[.floated_&amp;]:text-30 mt-3 desktop:[.floated_&amp;]:mt-3 desktop:mt-4\" data-readtime-content=\"\">\n        Im Vorjahr lieferten sich der FSV Vohwinkel und der Cronenberger SC ein packendes Finale. Die Vohwinkeler gewannen nach einem epischen Neunmeterschie\u00dfen.\n    <\/p>\n<p>    Foto: JA\/Andreas Fischer  <\/p>\n","protected":false},"excerpt":{"rendered":"Wuppertaler Hallenfu\u00dfball So l\u00e4uft das S\u00fcdh\u00f6henturnier des SSV Sudberg Wuppertal \u00b7 Zum 35. Mal l\u00e4dt der SSV Sudberg&hellip;\n","protected":false},"author":2,"featured_media":675119,"comment_status":"","ping_status":"","sticky":false,"template":"","format":"standard","meta":{"footnotes":""},"categories":[1840],"tags":[3364,29,30,1209,14129,16992,49497,4418],"class_list":{"0":"post-675118","1":"post","2":"type-post","3":"status-publish","4":"format-standard","5":"has-post-thumbnail","7":"category-wuppertal","8":"tag-de","9":"tag-deutschland","10":"tag-germany","11":"tag-nordrhein-westfalen","12":"tag-samstag","13":"tag-ssv","14":"tag-sudberg","15":"tag-wuppertal"},"share_on_mastodon":{"url":"https:\/\/pubeurope.com\/@de\/115791873944187910","error":""},"_links":{"self":[{"href":"https:\/\/www.europesays.com\/de\/wp-json\/wp\/v2\/posts\/675118","targetHints":{"allow":["GET"]}}],"collection":[{"href":"https:\/\/www.europesays.com\/de\/wp-json\/wp\/v2\/posts"}],"about":[{"href":"https:\/\/www.europesays.com\/de\/wp-json\/wp\/v2\/types\/post"}],"author":[{"embeddable":true,"href":"https:\/\/www.europesays.com\/de\/wp-json\/wp\/v2\/users\/2"}],"replies":[{"embeddable":true,"href":"https:\/\/www.europesays.com\/de\/wp-json\/wp\/v2\/comments?post=675118"}],"version-history":[{"count":0,"href":"https:\/\/www.europesays.com\/de\/wp-json\/wp\/v2\/posts\/675118\/revisions"}],"wp:featuredmedia":[{"embeddable":true,"href":"https:\/\/www.europesays.com\/de\/wp-json\/wp\/v2\/media\/675119"}],"wp:attachment":[{"href":"https:\/\/www.europesays.com\/de\/wp-json\/wp\/v2\/media?parent=675118"}],"wp:term":[{"taxonomy":"category","embeddable":true,"href":"https:\/\/www.europesays.com\/de\/wp-json\/wp\/v2\/categories?post=675118"},{"taxonomy":"post_tag","embeddable":true,"href":"https:\/\/www.europesays.com\/de\/wp-json\/wp\/v2\/tags?post=675118"}],"curies":[{"name":"wp","href":"https:\/\/api.w.org\/{rel}","templated":true}]}}