{"id":675146,"date":"2025-12-27T14:16:24","date_gmt":"2025-12-27T14:16:24","guid":{"rendered":"https:\/\/www.europesays.com\/de\/675146\/"},"modified":"2025-12-27T14:16:24","modified_gmt":"2025-12-27T14:16:24","slug":"luftqualitaet-aktuell-in-duisburg-luftverschmutzung-laut-umweltbundesamt-im-orangenen-bereich","status":"publish","type":"post","link":"https:\/\/www.europesays.com\/de\/675146\/","title":{"rendered":"Luftqualit\u00e4t aktuell in Duisburg: Luftverschmutzung laut Umweltbundesamt im orangenen Bereich!"},"content":{"rendered":"<ul>\n<li><strong>schlechte <a href=\"https:\/\/www.news.de\/thema\/luftqualitaet\/1\/\" target=\"_blank\" rel=\"noopener\"><strong>Luftqualit\u00e4t<\/strong><\/a><\/strong> nahe Messstationen <a href=\"https:\/\/www.openstreetmap.org\/?mlat=51.4855&amp;mlon=6.7354\" target=\"_blank\" rel=\"noopener\"><strong>Duisburg-Bruckhausen<\/strong><\/a><\/li>\n<li>Feinstaub \u00fcberschreitet Grenzwert mit 77 \u00b5g\/m\u00b3<\/li>\n<li>Umweltbundesamt meldet: <strong>Luftqualit\u00e4tsindex im roten Bereich<\/strong><\/li>\n<li>Das Umweltbundesamt empfiehlt insbesondere Risikogruppen, Anstrengungen im Freien zu vermeiden  <\/li>\n<\/ul>\n<p>Feinstaub-Belastung in Duisburg &#8211; LQI schlecht<\/p>\n<p>An mehreren Messstationen in <a href=\"https:\/\/www.news.de\/thema\/duisburg\/1\/\" target=\"_blank\" rel=\"noopener\"><strong>Duisburg<\/strong><\/a> wird <strong>der Grenzwert f\u00fcr Feinstaub (PM\u2081\u2080) \u00fcberschritten<\/strong>. Der h\u00f6chste gemessene Wert liegt bei 77 \u00b5g\/m\u00b3. Die Luftqualit\u00e4t wird \u00fcber den Zeitraum als <strong>&#8222;schlecht&#8220;<\/strong> eingestuft.   <\/p>\n<p>Feinstaub besteht aus winzigen Partikeln, die oft aus einer Mischung verschiedener Substanzen bestehen, welche die Atemwege besch\u00e4digen k\u00f6nnen. Der Luftqualit\u00e4tsindex (LQI) ermittelt einen Mittelwert aus verschiedenen Schadstoffen, der die Luft nach Ihrer Qualit\u00e4t einstuft. F\u00fcr Feinstaub liegt der Normalbereich bei 0 &#8211; 50 Mikrogramm pro Kubikmeter (\u00b5g\/m\u00b3).  <\/p>\n<p><a title=\"201 Messstationen messen gef\u00e4hrliche Werte - so sch\u00fctzen Sie sich!\" target=\"_blank\" href=\"https:\/\/www.news.de\/gesundheit\/858436700\/schlechte-luftqualitaet-in-deutschland-aktuell-am-25-03-2025-luftverschmutzung-karte-ursachen-und-auswirkungen-auf-gesundheit-bei-feinstaubbelastung\/1\/\" rel=\"noopener\"><strong>Fl\u00e4chendeckende Schadstoffwelle in Deutschland! Erfahren Sie, warum sie entsteht, was f\u00fcr Symptome Sie erwarten, wie Sie sich sch\u00fctzen k\u00f6nnen und was die Ursache ist \u2013 plus Luftqualit\u00e4tskarte!<\/strong><\/a>  <\/p>\n<\/p>\n<p>Quelle: Umwelt Bundesamt (UBA)  <\/p>\n<p>\ud83d\udd35 0 &#8211; 9 \u00b5g\/m\u00b3 = positiver Einfluss<br \/>\ud83d\udfe2 10 &#8211; 27 \u00b5g\/m\u00b3 = kein Einfluss<br \/>\ud83d\udfe1 28 &#8211; 54 \u00b5g\/m\u00b3 = kurzfristiger Einfluss<br \/>\ud83d\udfe0 55 &#8211; 90 \u00b5g\/m\u00b3 = Gef\u00e4hrdung<br \/>\ud83d\udd34 \u00fcber 90 \u00b5g\/m\u00b3 = hohe Gef\u00e4hrdung  <\/p>\n<p>\u00d6rtliche Spitzenwerte: Ist die Luftqualit\u00e4t in Duisburg heute besonders schlecht?<\/p>\n<p>Die vergangenen Tage, an denen <strong>die h\u00f6chsten Tagesmittelwerte f\u00fcr Feinstaub in Duisburg<\/strong> erfasst wurden, finden Sie in der nachfolgenden Tabelle. Der Auswertungszeitraum bel\u00e4uft sich auf die letzten drei Monate. In Gelsenkirchen sind die bundesweiten H\u00f6chstwerte zu vermerken. Hier liegt die Konzentration von Feinstaub bei 121 \u00b5g\/m\u00b3. F\u00fcr weitere Daten zu anderen Zeitr\u00e4umen oder Standorten besuchen Sie die <a href=\"https:\/\/www.umweltbundesamt.de\/daten\/luft\/luftdaten\" target=\"_blank\" rel=\"noopener\"><strong>Webseite des Umweltbundesamts \u00fcber Luftdaten<\/strong><\/a>.  <\/p>\n<\/p>\n<p>Quelle: Umwelt Bundesamt (UBA)  <\/p>\n<p>Folgen Sie <a href=\"https:\/\/news.de\/\" target=\"_blank\" rel=\"noopener\"><strong>News.de<\/strong><\/a> schon bei <a href=\"https:\/\/www.whatsapp.com\/channel\/0029Va8YJU64dTnSU80eqh2b\" rel=\"nofollow noopener\" target=\"_blank\"><strong>WhatsApp<\/strong><\/a>, <a href=\"https:\/\/www.facebook.com\/News.de\" rel=\"nofollow noopener\" target=\"_blank\"><strong>Facebook<\/strong><\/a>, <a href=\"https:\/\/twitter.com\/news_de\" rel=\"nofollow noopener\" target=\"_blank\"><strong>Twitter<\/strong><\/a>, <a href=\"https:\/\/www.pinterest.de\/newsde\/\" rel=\"nofollow noopener\" target=\"_blank\"><strong>Pinterest<\/strong><\/a> und <a href=\"https:\/\/www.youtube.com\/channel\/UCOzsvCb0KteNrzUboTonVYA\" rel=\"nofollow noopener\" target=\"_blank\"><strong>YouTube<\/strong><\/a>? Hier finden Sie brandhei\u00dfe News, aktuelle Videos und den direkten Draht zur Redaktion.  <\/p>\n<p>+++Dieser Text wurde auf der Basis des Umwelt Bundesamt (UBA) generiert und wird datengetrieben aktualisiert. Bei Anmerkungen und R\u00fcckmeldungen k\u00f6nnen Sie uns diese unter hinweis@news.de mitteilen. +++<\/p>\n<p>Lesen Sie auch: <a href=\"https:\/\/www.news.de\/panorama\/856391241\/hohe-ozonbelastung-durch-hitzewelle-aktuell-ozongrenzwert-eu-klimadienst-sowie-joerg-kachelmann-warnen-vor-gesundheitsgefahren\/1\/\" target=\"_blank\" rel=\"noopener\"><strong>Hohe Ozonbelastung durch Hitzewelle: Lungensch\u00e4den, Kopfschmerzen und Co.! Ab diesem Ozonwert wird es gef\u00e4hrlich <\/strong><\/a>  <\/p>\n<p><a href=\"https:\/\/www.news.de\/autor\/Lucas+Meyer\/\" rel=\"author noopener\" target=\"_blank\">mel<\/a>\/roj\/news.de<\/p>\n<p>                    <script async src=\"https:\/\/platform.twitter.com\/widgets.js\" charset=\"utf-8\"><\/script><\/p>\n","protected":false},"excerpt":{"rendered":"schlechte Luftqualit\u00e4t nahe Messstationen Duisburg-Bruckhausen Feinstaub \u00fcberschreitet Grenzwert mit 77 \u00b5g\/m\u00b3 Umweltbundesamt meldet: Luftqualit\u00e4tsindex im roten Bereich Das&hellip;\n","protected":false},"author":2,"featured_media":644166,"comment_status":"","ping_status":"","sticky":false,"template":"","format":"standard","meta":{"footnotes":""},"categories":[1838],"tags":[3364,29,3715,30,141,1209],"class_list":{"0":"post-675146","1":"post","2":"type-post","3":"status-publish","4":"format-standard","5":"has-post-thumbnail","7":"category-duisburg","8":"tag-de","9":"tag-deutschland","10":"tag-duisburg","11":"tag-germany","12":"tag-gesundheit","13":"tag-nordrhein-westfalen"},"share_on_mastodon":{"url":"https:\/\/pubeurope.com\/@de\/115791959479646654","error":""},"_links":{"self":[{"href":"https:\/\/www.europesays.com\/de\/wp-json\/wp\/v2\/posts\/675146","targetHints":{"allow":["GET"]}}],"collection":[{"href":"https:\/\/www.europesays.com\/de\/wp-json\/wp\/v2\/posts"}],"about":[{"href":"https:\/\/www.europesays.com\/de\/wp-json\/wp\/v2\/types\/post"}],"author":[{"embeddable":true,"href":"https:\/\/www.europesays.com\/de\/wp-json\/wp\/v2\/users\/2"}],"replies":[{"embeddable":true,"href":"https:\/\/www.europesays.com\/de\/wp-json\/wp\/v2\/comments?post=675146"}],"version-history":[{"count":0,"href":"https:\/\/www.europesays.com\/de\/wp-json\/wp\/v2\/posts\/675146\/revisions"}],"wp:featuredmedia":[{"embeddable":true,"href":"https:\/\/www.europesays.com\/de\/wp-json\/wp\/v2\/media\/644166"}],"wp:attachment":[{"href":"https:\/\/www.europesays.com\/de\/wp-json\/wp\/v2\/media?parent=675146"}],"wp:term":[{"taxonomy":"category","embeddable":true,"href":"https:\/\/www.europesays.com\/de\/wp-json\/wp\/v2\/categories?post=675146"},{"taxonomy":"post_tag","embeddable":true,"href":"https:\/\/www.europesays.com\/de\/wp-json\/wp\/v2\/tags?post=675146"}],"curies":[{"name":"wp","href":"https:\/\/api.w.org\/{rel}","templated":true}]}}