{"id":675234,"date":"2025-12-27T15:21:12","date_gmt":"2025-12-27T15:21:12","guid":{"rendered":"https:\/\/www.europesays.com\/de\/675234\/"},"modified":"2025-12-27T15:21:12","modified_gmt":"2025-12-27T15:21:12","slug":"was-geht-noch-fuer-den-fc-kilia-kiel","status":"publish","type":"post","link":"https:\/\/www.europesays.com\/de\/675234\/","title":{"rendered":"Was geht noch f\u00fcr den FC Kilia Kiel?"},"content":{"rendered":"<p class=\"Textstyled__Text-sc-1cqv9mi-0 cLyiiX\">Kiel. Wer h\u00e4tte das gedacht!16 Punkte R\u00fcckstand hat der FC Kilia Kiel auf Tabellenf\u00fchrer SV Todesfelde \u2013 die Teilnahme am Hallenmasters in der Wunderino Arena wurde nicht erreicht. Welche Ziele verfolgt der amtierende Meister in der Rest-R\u00fcckrunde? Wir machen den Teamcheck.<\/p>\n<p>Weiterlesen nach der Anzeige<\/p>\n<p>Weiterlesen nach der Anzeige<\/p>\n<p>Nach Sieg zum Auftakt folgt der Absturz<\/p>\n<p class=\"Textstyled__Text-sc-1cqv9mi-0 cLyiiX\"><b>Die Ausgangslage:<\/b> Mit einem Paukenschlag und einer Kampfansage an die Konkurrenten ist der FC Kilia Kiel in die Saison gestartet: Mit 5:1 konnte die Elf von FC-Chefcoach Nicola Soranno den Regionalliga-Absteiger Holstein Kiel II im Stadtderby vom Platz schicken. Doch danach war es vorbei mit der Herrlichkeit. Fehlende Akteure durch Verletzungen und Urlaube konnten nicht ersetzt werden. Die Kilianer st\u00fcrzten in der Tabelle komplett ab. <\/p>\n<p class=\"Textstyled__Text-sc-1cqv9mi-0 cLyiiX\">\u201eWir stehen nicht da, wo wir stehen wollten. Das haben wir uns einzig und alleine selber zuzuschreiben\u201c, blickt FC-Keeper Tom Pachulski zur\u00fcck. Der 28-J\u00e4hrige, der zwar dreimal die Null halten konnte, musste jedoch mehr B\u00e4lle aus dem Netz holen, als ihm lieb war. \u201eVielleicht haben wir uns nach dem 5:1 gegen Holstein II zu stark gesehen. Wir waren ein Jahr ungeschlagen und haben dann gegen den VfR Neum\u00fcnster die erste Niederlage kassiert. Das hat vielleicht auch mit dem einen oder anderen Spieler gemacht\u201c, so Pachulski. <\/p>\n<p>Weiterlesen nach der Anzeige<\/p>\n<p>Weiterlesen nach der Anzeige<\/p>\n<p class=\"Textstyled__Text-sc-1cqv9mi-0 cLyiiX\">Die Kilianer waren komplett aus dem Rhythmus, kassierten weitere unn\u00f6tige Niederlagen und liefen fr\u00fchzeitig der Musik hinterher. \u201eDas war fatal. Zumal der Blick auf unseren Kader einen anderen Anspruch darstellt. Wir waren mit der Phase sehr unzufrieden. Wir konnten den Bock lange nicht umsto\u00dfen, um in die Erfolgsspur zur\u00fcckzukehren\u201c, hadert Pachulski. <\/p>\n<blockquote><p>Da haben wir wieder unser Gesicht gezeigt. Wir haben die Spiele seri\u00f6s gespielt.<\/p><\/blockquote>\n<p class=\"Quotestyled__Author-sc-q277fq-1 iQZobn\">Tom Pachulski<\/p>\n<p class=\"Quotestyled__AuthorDescription-sc-q277fq-2 hQAqgn\">Torh\u00fcter vom FC Kilia Kiel<\/p>\n<p class=\"Textstyled__Text-sc-1cqv9mi-0 cLyiiX\">Erst am 13. Spieltag, die Kieler standen mittlerweile auf Rang neun, gelang ein 3:0-Sieg gegen den Aufsteiger Kaltenkirchener TS. Das war der Startschuss zu einer Serie von sechs gewonnenen Spielen in Folge. \u201eDa haben wir wieder unser Gesicht gezeigt. Wir haben die Spiele seri\u00f6s gespielt\u201c, konstatiert Kilias Torh\u00fcter.<\/p>\n<p class=\"Textstyled__Text-sc-1cqv9mi-0 cLyiiX\"><b>Wer kam, wer ging in der Winterpause?<\/b> Bisher sind am Hasseldieksdammer Weg weder Ab- noch Zug\u00e4nge bekannt.<\/p>\n<p class=\"Textstyled__Text-sc-1cqv9mi-0 cLyiiX\"><b>Die Prognose:<\/b> Die Kieler werden alles daran setzen, weiterhin Siege einzufahren, um sich in der oberen Tabellenh\u00e4lfte festzusetzen. \u00dcber die Qualit\u00e4t der einzelnen Akteure braucht man kein Wort zu verlieren. Spieler wie <a href=\"https:\/\/www.kn-online.de\/sport\/regional\/vor-40-000-fans-jakubowksi-bekommt-bei-dfb-spiel-torjaegerkanone-fuer-alle-B6TQ3HCFHFH25PY4HUQDZPJKDA.html\" target=\"_self\" rel=\"nofollow noopener\" title=\"https:\/\/www.kn-online.de\/sport\/regional\/vor-40-000-fans-jakubowksi-bekommt-bei-dfb-spiel-torjaegerkanone-fuer-alle-B6TQ3HCFHFH25PY4HUQDZPJKDA.html\" data-vars-event-category=\"intext_link\" data-vars-event-action=\"click\" data-vars-event-label=\"https:\/\/www.kn-online.de\/sport\/regional\/vor-40-000-fans-jakubowksi-bekommt-bei-dfb-spiel-torjaegerkanone-fuer-alle-B6TQ3HCFHFH25PY4HUQDZPJKDA.html\">Yannik Jakubowski<\/a>, Tom Warncke, Julius Alt, Marc Schwabe, Serhat Yazgan und Pachulski geh\u00f6ren zur Cr\u00e8me de la Cr\u00e8me, die der Amateurfu\u00dfball in Schleswig-Holstein zu bieten hat. \u201eWenn wir alle Spieler an Bord haben, ist der Druck im Kader hoch. Es liegt an uns, wenn wir unsere Leistung abrufen. Wir wollen so viele Punkte wie m\u00f6glich einfahren\u201c, erkl\u00e4rt Pachulski.<\/p>\n<p class=\"Editorialstyled__Editorial-sc-1bfvh9l-0 cSmjnJ\">KN<\/p>\n","protected":false},"excerpt":{"rendered":"Kiel. Wer h\u00e4tte das gedacht!16 Punkte R\u00fcckstand hat der FC Kilia Kiel auf Tabellenf\u00fchrer SV Todesfelde \u2013 die&hellip;\n","protected":false},"author":2,"featured_media":675235,"comment_status":"","ping_status":"","sticky":false,"template":"","format":"standard","meta":{"footnotes":""},"categories":[1852],"tags":[3364,29,548,663,3934,30,13,4949,14,15,12,1971],"class_list":{"0":"post-675234","1":"post","2":"type-post","3":"status-publish","4":"format-standard","5":"has-post-thumbnail","7":"category-kiel","8":"tag-de","9":"tag-deutschland","10":"tag-eu","11":"tag-europa","12":"tag-europe","13":"tag-germany","14":"tag-headlines","15":"tag-kiel","16":"tag-nachrichten","17":"tag-news","18":"tag-schlagzeilen","19":"tag-schleswig-holstein"},"share_on_mastodon":{"url":"https:\/\/pubeurope.com\/@de\/115792215096867336","error":""},"_links":{"self":[{"href":"https:\/\/www.europesays.com\/de\/wp-json\/wp\/v2\/posts\/675234","targetHints":{"allow":["GET"]}}],"collection":[{"href":"https:\/\/www.europesays.com\/de\/wp-json\/wp\/v2\/posts"}],"about":[{"href":"https:\/\/www.europesays.com\/de\/wp-json\/wp\/v2\/types\/post"}],"author":[{"embeddable":true,"href":"https:\/\/www.europesays.com\/de\/wp-json\/wp\/v2\/users\/2"}],"replies":[{"embeddable":true,"href":"https:\/\/www.europesays.com\/de\/wp-json\/wp\/v2\/comments?post=675234"}],"version-history":[{"count":0,"href":"https:\/\/www.europesays.com\/de\/wp-json\/wp\/v2\/posts\/675234\/revisions"}],"wp:featuredmedia":[{"embeddable":true,"href":"https:\/\/www.europesays.com\/de\/wp-json\/wp\/v2\/media\/675235"}],"wp:attachment":[{"href":"https:\/\/www.europesays.com\/de\/wp-json\/wp\/v2\/media?parent=675234"}],"wp:term":[{"taxonomy":"category","embeddable":true,"href":"https:\/\/www.europesays.com\/de\/wp-json\/wp\/v2\/categories?post=675234"},{"taxonomy":"post_tag","embeddable":true,"href":"https:\/\/www.europesays.com\/de\/wp-json\/wp\/v2\/tags?post=675234"}],"curies":[{"name":"wp","href":"https:\/\/api.w.org\/{rel}","templated":true}]}}