{"id":675242,"date":"2025-12-27T15:26:13","date_gmt":"2025-12-27T15:26:13","guid":{"rendered":"https:\/\/www.europesays.com\/de\/675242\/"},"modified":"2025-12-27T15:26:13","modified_gmt":"2025-12-27T15:26:13","slug":"amtliche-warnung-vor-glaette-in-wiesbaden","status":"publish","type":"post","link":"https:\/\/www.europesays.com\/de\/675242\/","title":{"rendered":"Amtliche Warnung vor Gl\u00e4tte in Wiesbaden"},"content":{"rendered":"<p>Der Deutsche Wetterdienst (DWD) warnt aktuell f\u00fcr die Nacht vom 27. auf den 28. Dezember vor Gl\u00e4tte in Wiesbaden.<\/p>\n<p>Die Warnung gilt von Samstag 22 Uhr bis Sonntag 10 Uhr. Laut DWD bestehe vereinzelt Gl\u00e4ttegefahr. Das Verhalten im Stra\u00dfenverkehr solle entsprechend angepasst werden. Au\u00dferdem warnt der DWD vor Frost ab Samstag 17 Uhr.<\/p>\n<p>Markante Gl\u00e4tte (\u201eerh\u00f6hte Gl\u00e4ttegefahr\u201c) wird in Teilen Nord- und Ostdeutschlands erwartet.<\/p>\n","protected":false},"excerpt":{"rendered":"Der Deutsche Wetterdienst (DWD) warnt aktuell f\u00fcr die Nacht vom 27. auf den 28. Dezember vor Gl\u00e4tte in&hellip;\n","protected":false},"author":2,"featured_media":613969,"comment_status":"","ping_status":"","sticky":false,"template":"","format":"standard","meta":{"footnotes":""},"categories":[1847],"tags":[3364,29,548,663,3934,30,13,2052,14,15,12,4544],"class_list":{"0":"post-675242","1":"post","2":"type-post","3":"status-publish","4":"format-standard","5":"has-post-thumbnail","7":"category-wiesbaden","8":"tag-de","9":"tag-deutschland","10":"tag-eu","11":"tag-europa","12":"tag-europe","13":"tag-germany","14":"tag-headlines","15":"tag-hessen","16":"tag-nachrichten","17":"tag-news","18":"tag-schlagzeilen","19":"tag-wiesbaden"},"share_on_mastodon":{"url":"https:\/\/pubeurope.com\/@de\/115792234912829345","error":""},"_links":{"self":[{"href":"https:\/\/www.europesays.com\/de\/wp-json\/wp\/v2\/posts\/675242","targetHints":{"allow":["GET"]}}],"collection":[{"href":"https:\/\/www.europesays.com\/de\/wp-json\/wp\/v2\/posts"}],"about":[{"href":"https:\/\/www.europesays.com\/de\/wp-json\/wp\/v2\/types\/post"}],"author":[{"embeddable":true,"href":"https:\/\/www.europesays.com\/de\/wp-json\/wp\/v2\/users\/2"}],"replies":[{"embeddable":true,"href":"https:\/\/www.europesays.com\/de\/wp-json\/wp\/v2\/comments?post=675242"}],"version-history":[{"count":0,"href":"https:\/\/www.europesays.com\/de\/wp-json\/wp\/v2\/posts\/675242\/revisions"}],"wp:featuredmedia":[{"embeddable":true,"href":"https:\/\/www.europesays.com\/de\/wp-json\/wp\/v2\/media\/613969"}],"wp:attachment":[{"href":"https:\/\/www.europesays.com\/de\/wp-json\/wp\/v2\/media?parent=675242"}],"wp:term":[{"taxonomy":"category","embeddable":true,"href":"https:\/\/www.europesays.com\/de\/wp-json\/wp\/v2\/categories?post=675242"},{"taxonomy":"post_tag","embeddable":true,"href":"https:\/\/www.europesays.com\/de\/wp-json\/wp\/v2\/tags?post=675242"}],"curies":[{"name":"wp","href":"https:\/\/api.w.org\/{rel}","templated":true}]}}