{"id":675267,"date":"2025-12-27T15:41:10","date_gmt":"2025-12-27T15:41:10","guid":{"rendered":"https:\/\/www.europesays.com\/de\/675267\/"},"modified":"2025-12-27T15:41:10","modified_gmt":"2025-12-27T15:41:10","slug":"papst-leo-schickt-hilfen-in-die-ukraine","status":"publish","type":"post","link":"https:\/\/www.europesays.com\/de\/675267\/","title":{"rendered":"Papst Leo schickt Hilfen in die Ukraine"},"content":{"rendered":"<p>Leo XIV. hat zum Fest der Heiligen Familie Lebensmittelhilfen in die Ukraine geschickt. Das teilte Kurienkardinal Konrad Krajewski am Samstag gegen\u00fcber den Vatikanmedien mit. &#13;\n<\/p>\n<p>     <a href=\"https:\/\/www.vaticannews.va\/de\/papst\/news\/2025-12\/papst-leo-xiv-ukraine-europa-zentrale-rolle-friedensgespraech.html\" title=\"Papst verteidigt Europas zentrale Rolle in Friedensgespr\u00e4chen\" target=\"_blank\" rel=\"noopener\"><\/p>\n<p>        <img decoding=\"async\" src=\"data:image\/gif;base64,R0lGODlhAQABAIAAAAAAAP\/\/\/yH5BAEAAAAALAAAAAABAAEAAAIBRAA7\" data-original=\"https:\/\/www.vaticannews.va\/content\/dam\/vaticannews\/multimedia\/2025\/dicembre\/09\/PapaCastello-21_rsz.jpg\/_jcr_content\/renditions\/cq5dam.thumbnail.cropped.500.281.jpeg\" alt=\"Papst verteidigt Europas zentrale Rolle in Friedensgespr\u00e4chen\"\/><\/p>\n<p>      <\/a><\/p>\n<p>\n      Nach einem Treffen mit dem ukrainischen Pr\u00e4sidenten Wolodymyr Selenskyj hat sich Papst Leo XIV. am Dienstagabend vor seiner Residenz in Castel Gandolfo zu den aktuellen &#8230;\n     <\/p>\n<p>Drei Lastwagen haben 100.000 H\u00fchnchen- und Gem\u00fcse-Fertigsuppen in die N\u00e4he der Front gebracht, wo sie an Bed\u00fcrftige verteilt werden sollen. Damit will der Papst seine N\u00e4he zu den leidenden Menschen in der Ukraine zeigen. Krajewski, der das p\u00e4pstliche Almosenamt leitet und schon h\u00e4ufig seit Kriegsausbruch in der Ukraine war, erkl\u00e4rt, die Hilfen seien in Gegenden gebracht worden, die h\u00e4ufig bombardiert w\u00fcrden und in denen es an Strom, Wasser und Heizm\u00f6glichkeiten mangele.<\/p>\n<p>Der polnische Kardinal gibt au\u00dferdem an, dass Papst Leo bereits vor Weihnachten \u00fcber das Almosenamt und p\u00e4pstliche Botschaften (Nuntiaturen) Spenden in mehrere L\u00e4nder geschickt habe. Bei seinem feierlichen Segen Urbi et Orbi am ersten Weihnachtsfeiertag hat Leo XIV. erkl\u00e4rt, das \u201eDr\u00f6hnen der Waffen\u201c in der Ukraine m\u00f6ge zum Schweigen gebracht werden.<\/p>\n<p>(vatican news \u2013 sk)<br \/>\u00a0<\/p>\n","protected":false},"excerpt":{"rendered":"Leo XIV. hat zum Fest der Heiligen Familie Lebensmittelhilfen in die Ukraine geschickt. Das teilte Kurienkardinal Konrad Krajewski&hellip;\n","protected":false},"author":2,"featured_media":675268,"comment_status":"","ping_status":"","sticky":false,"template":"","format":"standard","meta":{"footnotes":""},"categories":[4012],"tags":[38974,331,332,13,156843,4046,14,15,12,10517,317],"class_list":{"0":"post-675267","1":"post","2":"type-post","3":"status-publish","4":"format-standard","5":"has-post-thumbnail","7":"category-ukraine","8":"tag-papst-leo-xiv","9":"tag-aktuelle-nachrichten","10":"tag-aktuelle-news","11":"tag-headlines","12":"tag-konrad-krajewski","13":"tag-krieg","14":"tag-nachrichten","15":"tag-news","16":"tag-schlagzeilen","17":"tag-solidaritaet","18":"tag-ukraine"},"share_on_mastodon":{"url":"https:\/\/pubeurope.com\/@de\/115792293758708801","error":""},"_links":{"self":[{"href":"https:\/\/www.europesays.com\/de\/wp-json\/wp\/v2\/posts\/675267","targetHints":{"allow":["GET"]}}],"collection":[{"href":"https:\/\/www.europesays.com\/de\/wp-json\/wp\/v2\/posts"}],"about":[{"href":"https:\/\/www.europesays.com\/de\/wp-json\/wp\/v2\/types\/post"}],"author":[{"embeddable":true,"href":"https:\/\/www.europesays.com\/de\/wp-json\/wp\/v2\/users\/2"}],"replies":[{"embeddable":true,"href":"https:\/\/www.europesays.com\/de\/wp-json\/wp\/v2\/comments?post=675267"}],"version-history":[{"count":0,"href":"https:\/\/www.europesays.com\/de\/wp-json\/wp\/v2\/posts\/675267\/revisions"}],"wp:featuredmedia":[{"embeddable":true,"href":"https:\/\/www.europesays.com\/de\/wp-json\/wp\/v2\/media\/675268"}],"wp:attachment":[{"href":"https:\/\/www.europesays.com\/de\/wp-json\/wp\/v2\/media?parent=675267"}],"wp:term":[{"taxonomy":"category","embeddable":true,"href":"https:\/\/www.europesays.com\/de\/wp-json\/wp\/v2\/categories?post=675267"},{"taxonomy":"post_tag","embeddable":true,"href":"https:\/\/www.europesays.com\/de\/wp-json\/wp\/v2\/tags?post=675267"}],"curies":[{"name":"wp","href":"https:\/\/api.w.org\/{rel}","templated":true}]}}