{"id":675278,"date":"2025-12-27T15:50:12","date_gmt":"2025-12-27T15:50:12","guid":{"rendered":"https:\/\/www.europesays.com\/de\/675278\/"},"modified":"2025-12-27T15:50:12","modified_gmt":"2025-12-27T15:50:12","slug":"winterpeitsche-schlaegt-in-deutschland-zu-so-kommst-du-sicher-ans-ziel","status":"publish","type":"post","link":"https:\/\/www.europesays.com\/de\/675278\/","title":{"rendered":"Winterpeitsche schl\u00e4gt in Deutschland zu! SO kommst du sicher ans Ziel"},"content":{"rendered":"\n<p>Winterliche Stra\u00dfenverh\u00e4ltnisse stellen jedes Jahr eine Herausforderung f\u00fcr Autofahrende dar. N\u00e4sse, Schnee oder eisige Temperaturen machen aus harmlosen Strecken schnell gef\u00e4hrliche Rutschbahnen. Der T\u00dcV-Verband warnt: \u201eIm Winter gelten andere Regeln als bei trockener Fahrbahn. Wer vorausschauend f\u00e4hrt und sich den Bedingungen anpasst, reduziert das Unfallrisiko erheblich.\u201c<\/p>\n<p> <strong>Winter in Deutschland: Vorbereitung ist alles<\/strong> <\/p>\n<p>Die Grundlagen f\u00fcr eine sichere Fahrt im Winter beginnen schon vor dem Losfahren. Alle Scheiben, Spiegel, Leuchten und das Autodach m\u00fcssen vollst\u00e4ndig von Eis und Schnee befreit werden. Kleine Sichtl\u00f6cher in der Windschutzscheibe reichen nicht aus und k\u00f6nnen mit Bu\u00dfgeldern geahndet werden. Besonders gef\u00e4hrlich ist Schnee auf dem Autodach, da er beim Bremsen nach vorne rutschen und die Sicht drastisch einschr\u00e4nken oder andere Verkehrsteilnehmende gef\u00e4hrden kann.<\/p>\n<p>+++ <a href=\"https:\/\/www.derwesten.de\/aktuelles\/kaelte-wetter-weihnachten-deutschland-rekord-id301942058.html\" rel=\"nofollow noopener\" target=\"_blank\">\u201eK\u00e4lteste Weihnachten seit 15 Jahren\u201c: Winter-Wetter in Deutschland auf dem H\u00f6hepunkt <\/a>+++<\/p>\n<p>Wichtig ist auch eine winterfeste Ausstattung: Geladene Batterien, Frostschutzmittel und geeignete Reifen \u2013 mit dem Alpine-Symbol \u2013 sind unverzichtbar. \u201eWer sein Fahrzeug schon vor der Fahrt winterfest ausr\u00fcstet, schafft die Grundlage f\u00fcr eine sichere Fahrt\u201c, sagt Fani Zaneta, Referentin f\u00fcr Verkehrssicherheit beim T\u00dcV-Verband.<\/p>\n<p> <strong>Winter in Deutschland: Bremsweg und Blitzeis beachten<\/strong> <\/p>\n<p>W\u00e4hrend der Fahrt sind Tempo und Abstand besonders wichtig. Die Stra\u00dfenverkehrs-Ordnung schreibt vor, die Geschwindigkeit an die Stra\u00dfen- sowie Sichtverh\u00e4ltnisse anzupassen. Bei Schneefall oder Nebel mit Sichtweiten unter 50 Metern d\u00fcrfen Fahrzeuge nicht schneller als 50 km\/h fahren. Der T\u00dcV-Verband erkl\u00e4rt: \u201eAuf Schnee verl\u00e4ngert sich der Bremsweg auf das Drei- bis Vierfache, bei Glatteis sogar auf das F\u00fcnf- bis Siebenfache.\u201c Eine ruhige Fahrweise ohne hektische Man\u00f6ver minimiert das Risiko.<\/p>\n<p>+++ <a href=\"https:\/\/www.derwesten.de\/verbraucher\/wintereinbruch-deutschland-auto-bussgeld-winterreifen-id301908652.html\" rel=\"nofollow noopener\" target=\"_blank\">Bu\u00dfgelder zum Wintereinbruch: Diese Fehler macht jeder Autofahrer<\/a> +++<\/p>\n<p>Blitzeis ist eine der gr\u00f6\u00dften Gefahren im Winter. Es entsteht durch gefrierenden Regen oder feinen Spr\u00fchnebel und ist meist kaum sichtbar. Die Haftung auf der Stra\u00dfe ist dann fast vollst\u00e4ndig verloren. Zaneta warnt: \u201eSelbst Winterreifen und moderne Assistenzsysteme k\u00f6nnen die Gesetze der Physik bei solchen Bedingungen nicht au\u00dfer Kraft setzen.\u201c Wer mit Blitzeis konfrontiert wird, sollte notfalls anhalten, bis der Winterdienst die Fahrbahn wieder sicher macht.<\/p>\n<p> <strong>Winter in Deutschland: Gesetzliche Vorgaben einhalten<\/strong> <\/p>\n<p>In Deutschland ist die situative Winterreifenpflicht entscheidend. Fahrzeuge d\u00fcrfen bei winterlichen Stra\u00dfenverh\u00e4ltnissen nur mit Winterreifen gefahren werden, die das Alpine-Symbol tragen. Ein Versto\u00df f\u00fchrt zu mindestens 60 Euro Bu\u00dfgeld und einem Punkt in Flensburg, dazu kommen im Falle eines Unfalls versicherungsrechtliche Konsequenzen. F\u00fcr optimale Sicherheit empfiehlt der T\u00dcV-Verband eine Profiltiefe von mindestens vier Millimetern, auch wenn gesetzlich 1,6 Millimeter ausreichen.<\/p>\n<p>Kennst du schon diese Nachrichten?:<\/p>\n<p>Der T\u00dcV-Verband erinnert daran: Wer den Winter in Deutschland sicher und stressfrei bew\u00e4ltigen m\u00f6chte, sollte die richtige Vorbereitung treffen und sich an die Bedingungen anpassen. Eine vorausschauende Fahrweise, die richtige Ausstattung und das Wissen \u00fcber m\u00f6gliche Gefahren wie Blitzeis schaffen die Grundlage f\u00fcr sichere Fahrten, egal ob morgens zur Arbeit oder in die Winterferien. (mit dpa)<\/p>\n","protected":false},"excerpt":{"rendered":"Winterliche Stra\u00dfenverh\u00e4ltnisse stellen jedes Jahr eine Herausforderung f\u00fcr Autofahrende dar. N\u00e4sse, Schnee oder eisige Temperaturen machen aus harmlosen&hellip;\n","protected":false},"author":2,"featured_media":675279,"comment_status":"","ping_status":"","sticky":false,"template":"","format":"standard","meta":{"footnotes":""},"categories":[2],"tags":[331,3924,332,3922,3364,29,30,13,14,3923,15,3921,12,1973],"class_list":{"0":"post-675278","1":"post","2":"type-post","3":"status-publish","4":"format-standard","5":"has-post-thumbnail","7":"category-deutschland","8":"tag-aktuelle-nachrichten","9":"tag-aktuelle-nachrichten-aus-deutschland","10":"tag-aktuelle-news","11":"tag-aktuelle-news-aus-deutschland","12":"tag-de","13":"tag-deutschland","14":"tag-germany","15":"tag-headlines","16":"tag-nachrichten","17":"tag-nachrichten-aus-deutschland","18":"tag-news","19":"tag-news-aus-deutschland","20":"tag-schlagzeilen","21":"tag-wetter"},"share_on_mastodon":{"url":"https:\/\/pubeurope.com\/@de\/115792329154361356","error":""},"_links":{"self":[{"href":"https:\/\/www.europesays.com\/de\/wp-json\/wp\/v2\/posts\/675278","targetHints":{"allow":["GET"]}}],"collection":[{"href":"https:\/\/www.europesays.com\/de\/wp-json\/wp\/v2\/posts"}],"about":[{"href":"https:\/\/www.europesays.com\/de\/wp-json\/wp\/v2\/types\/post"}],"author":[{"embeddable":true,"href":"https:\/\/www.europesays.com\/de\/wp-json\/wp\/v2\/users\/2"}],"replies":[{"embeddable":true,"href":"https:\/\/www.europesays.com\/de\/wp-json\/wp\/v2\/comments?post=675278"}],"version-history":[{"count":0,"href":"https:\/\/www.europesays.com\/de\/wp-json\/wp\/v2\/posts\/675278\/revisions"}],"wp:featuredmedia":[{"embeddable":true,"href":"https:\/\/www.europesays.com\/de\/wp-json\/wp\/v2\/media\/675279"}],"wp:attachment":[{"href":"https:\/\/www.europesays.com\/de\/wp-json\/wp\/v2\/media?parent=675278"}],"wp:term":[{"taxonomy":"category","embeddable":true,"href":"https:\/\/www.europesays.com\/de\/wp-json\/wp\/v2\/categories?post=675278"},{"taxonomy":"post_tag","embeddable":true,"href":"https:\/\/www.europesays.com\/de\/wp-json\/wp\/v2\/tags?post=675278"}],"curies":[{"name":"wp","href":"https:\/\/api.w.org\/{rel}","templated":true}]}}