{"id":675315,"date":"2025-12-27T16:17:27","date_gmt":"2025-12-27T16:17:27","guid":{"rendered":"https:\/\/www.europesays.com\/de\/675315\/"},"modified":"2025-12-27T16:17:27","modified_gmt":"2025-12-27T16:17:27","slug":"fortuna-duesseldorf-nicht-immer-sattelfest","status":"publish","type":"post","link":"https:\/\/www.europesays.com\/de\/675315\/","title":{"rendered":"Fortuna D\u00fcsseldorf: Nicht immer sattelfest"},"content":{"rendered":"<p class=\"text_ohne_einzug richtext text-em-55 !leading-serif mx-6 desktop:mx-0\">Fortuna befindet sich aktuell in der Winterpause, doch schon am 2. Januar nimmt sie das Training wieder auf. Zwei Tage sp\u00e4ter geht es ins Trainingslager ins spanische Marbella, wo sich der Zweitligist auf die R\u00fcckrunde vorbereitet. In dieser wollen und m\u00fcssen es die Rot-Wei\u00dfen deutlich besser machen als in der ersten Saisonh\u00e4lfte, um dem Abstiegskampf zu entkommen. Daf\u00fcr braucht es aber neben eines guten Angriffs auch eine sattelfeste Defensive.<\/p>\n","protected":false},"excerpt":{"rendered":"Fortuna befindet sich aktuell in der Winterpause, doch schon am 2. Januar nimmt sie das Training wieder auf.&hellip;\n","protected":false},"author":2,"featured_media":675316,"comment_status":"","ping_status":"","sticky":false,"template":"","format":"standard","meta":{"footnotes":""},"categories":[1831],"tags":[156857,3364,29,156856,3405,588,26160,6223,30,10920,1209,17034,7014,34402],"class_list":{"0":"post-675315","1":"post","2":"type-post","3":"status-publish","4":"format-standard","5":"has-post-thumbnail","7":"category-duesseldorf","8":"tag-benotete","9":"tag-de","10":"tag-deutschland","11":"tag-durchschnittsnote","12":"tag-duesseldorf","13":"tag-einsatz","14":"tag-einsaetze","15":"tag-fortuna","16":"tag-germany","17":"tag-kastenmeier","18":"tag-nordrhein-westfalen","19":"tag-note","20":"tag-redaktion","21":"tag-winterpause"},"share_on_mastodon":{"url":"https:\/\/pubeurope.com\/@de\/115792435185009714","error":""},"_links":{"self":[{"href":"https:\/\/www.europesays.com\/de\/wp-json\/wp\/v2\/posts\/675315","targetHints":{"allow":["GET"]}}],"collection":[{"href":"https:\/\/www.europesays.com\/de\/wp-json\/wp\/v2\/posts"}],"about":[{"href":"https:\/\/www.europesays.com\/de\/wp-json\/wp\/v2\/types\/post"}],"author":[{"embeddable":true,"href":"https:\/\/www.europesays.com\/de\/wp-json\/wp\/v2\/users\/2"}],"replies":[{"embeddable":true,"href":"https:\/\/www.europesays.com\/de\/wp-json\/wp\/v2\/comments?post=675315"}],"version-history":[{"count":0,"href":"https:\/\/www.europesays.com\/de\/wp-json\/wp\/v2\/posts\/675315\/revisions"}],"wp:featuredmedia":[{"embeddable":true,"href":"https:\/\/www.europesays.com\/de\/wp-json\/wp\/v2\/media\/675316"}],"wp:attachment":[{"href":"https:\/\/www.europesays.com\/de\/wp-json\/wp\/v2\/media?parent=675315"}],"wp:term":[{"taxonomy":"category","embeddable":true,"href":"https:\/\/www.europesays.com\/de\/wp-json\/wp\/v2\/categories?post=675315"},{"taxonomy":"post_tag","embeddable":true,"href":"https:\/\/www.europesays.com\/de\/wp-json\/wp\/v2\/tags?post=675315"}],"curies":[{"name":"wp","href":"https:\/\/api.w.org\/{rel}","templated":true}]}}