{"id":675361,"date":"2025-12-27T16:47:11","date_gmt":"2025-12-27T16:47:11","guid":{"rendered":"https:\/\/www.europesays.com\/de\/675361\/"},"modified":"2025-12-27T16:47:11","modified_gmt":"2025-12-27T16:47:11","slug":"anna-adamyan-ist-schwanger-ein-weihnachtswunder-unterhaltung","status":"publish","type":"post","link":"https:\/\/www.europesays.com\/de\/675361\/","title":{"rendered":"Anna Adamyan ist schwanger: \u201eEin Weihnachtswunder\u201c | Unterhaltung"},"content":{"rendered":"<p>K\u00f6ln \u2013 <b>Die ehemalige GNTM-Teilnehmerin Anna Adamyan und ihr Mann, der Fu\u00dfballspieler Sargis Adamyan (32), werden wieder Eltern. Die freudigen Babynews gaben sie jetzt auf Instagram bekannt. <\/b><\/p>\n<p>\u201eWir k\u00f6nnen es selbst kaum glauben. Ich bin schwanger. Ein gr\u00f6\u00dferes Weihnachtswunder k\u00f6nnten wir uns nicht vorstellen. Es ist, als w\u00fcrden wir gerade in einer anderen Welt leben, weil wir damit wirklich gar nicht gerechnet haben\u201c, schreibt Anna Adamyan zu einem Instagram-Post mit einem positiven Schwangerschaftstest. <\/p>\n<p> An dieser Stelle findest du Inhalte aus Instagram <\/p>\n<p> Um mit Inhalten aus Instagram und anderen sozialen Netzwerken zu interagieren oder diese darzustellen, brauchen wir deine Zustimmung. <\/p>\n<p> soziale Netzwerke aktivieren  Um eingebettete Inhalte anzuzeigen, ist Ihre jederzeit widerrufliche Einwilligung (\u00fcber den Schalter oder \u00fcber &#8220; <a class=\"embed-placeholder__text-link\" href=\"#\" rel=\"noopener noreferrer\" title=\"Tracking widerrufen\"> Widerruf Tracking und Cookies<\/a> &#8220; am Seitenende) zur Verarbeitung personenbezogener Daten n\u00f6tig.  Dabei k\u00f6nnen Daten in Drittl\u00e4nder wie die USA \u00fcbermittelt werden (Art. 49 Abs. 1 lit. a DSGVO). Mit dem Aktivieren des Inhalts stimmen Sie zu. Weitere Infos finden Sie <a class=\"embed-placeholder__text-link\" href=\"#\" rel=\"noopener noreferrer\" title=\"Zu den Privatsph\u00e4re Einstellungen\"> hier<\/a>. Ohne k\u00fcnstliche Befruchtung schwanger<\/p>\n<p>Das Paar hat mit Sohn Levi (2) bereits ein gemeinsames Kind, machte aber nie ein Geheimnis daraus, dass es sich weiteren Nachwuchs w\u00fcnscht. F\u00fcr <a href=\"https:\/\/www.bild.de\/unterhaltung\/stars-und-leute\/gntm-kandidatin-anna-adamyan-einbruchsversuch-im-haus-6752a5b14852a01a084a95bd\" class=\"text-link\" target=\"_blank\" rel=\"noopener\">Anna<\/a> war es ein langer und steiniger Weg zum Wunschkind, mit k\u00fcnstlicher Befruchtung, Fehlgeburten und Ausschabungen. Denn die Influencerin hat Endometriose, eine Krankheit, die h\u00e4ufig mit Unfruchtbarkeit einhergeht. <\/p>\n<p>Ihre Instagram-Community nahm sie durch alle H\u00f6hen und Tiefen mit. Auch dieses Mal: \u201eUnd ja\u00a0\u2013 wir teilen es bewusst fr\u00fch, so wie nach jeder k\u00fcnstlichen Befruchtung. Nur, dass es diesmal keine war. Das erste und bis jetzt letzte Mal war ich 2020 ohne k\u00fcnstliche Befruchtung schwanger\u00a0\u2026 Es f\u00fchlt sich so was von richtig an, denn dieses gro\u00dfe Wunder m\u00f6chten wir nicht verstecken\u201c, schreibt sie auf Instagram weiter. <\/p>\n<p> An dieser Stelle findest du Inhalte aus Instagram <\/p>\n<p> Um mit Inhalten aus Instagram und anderen sozialen Netzwerken zu interagieren oder diese darzustellen, brauchen wir deine Zustimmung. <\/p>\n<p> soziale Netzwerke aktivieren  Um eingebettete Inhalte anzuzeigen, ist Ihre jederzeit widerrufliche Einwilligung (\u00fcber den Schalter oder \u00fcber &#8220; <a class=\"embed-placeholder__text-link\" href=\"#\" rel=\"noopener noreferrer\" title=\"Tracking widerrufen\"> Widerruf Tracking und Cookies<\/a> &#8220; am Seitenende) zur Verarbeitung personenbezogener Daten n\u00f6tig.  Dabei k\u00f6nnen Daten in Drittl\u00e4nder wie die USA \u00fcbermittelt werden (Art. 49 Abs. 1 lit. a DSGVO). Mit dem Aktivieren des Inhalts stimmen Sie zu. Weitere Infos finden Sie <a class=\"embed-placeholder__text-link\" href=\"#\" rel=\"noopener noreferrer\" title=\"Zu den Privatsph\u00e4re Einstellungen\"> hier<\/a>. Steiniger Weg von Anna Adamyan<\/p>\n<p>Erst vor wenigen Tagen hatte Anna ein Video ihrer emotionalen Kinderwunschreise geteilt. \u201eAnfang des Jahres wurde der Wunsch in mir immer st\u00e4rker, doch die \u00c4ngste waren gro\u00df. Ich war mir nicht sicher, ob ich all das noch einmal aushalte. Der Kinderwunsch ist kein Wunschkonzert \u2013 und schon gar kein leichter Weg.\u201c<\/p>\n<p>Das Jahr der Influencerin war gepr\u00e4gt von Behandlungen: \u201eAls wir gemeinsam in der KiWu-Klinik angerufen haben, um einen Termin f\u00fcr unser Wunder 2.0 zu vereinbaren, h\u00e4tte ich niemals gedacht, dass es wieder so holprig starten w\u00fcrde. Zwei Eingriffe, die k\u00fcnstlichen Wechseljahre und ein Kryoversuch, der in einer biochemischen Schwangerschaft endete.\u201c <\/p>\n<p>Umso sch\u00f6ner, dass ihr Wunsch jetzt sogar auf nat\u00fcrlichem Wege in Erf\u00fcllung gegangen ist. <\/p>\n","protected":false},"excerpt":{"rendered":"K\u00f6ln \u2013 Die ehemalige GNTM-Teilnehmerin Anna Adamyan und ihr Mann, der Fu\u00dfballspieler Sargis Adamyan (32), werden wieder Eltern.&hellip;\n","protected":false},"author":2,"featured_media":675362,"comment_status":"","ping_status":"","sticky":false,"template":"","format":"standard","meta":{"footnotes":""},"categories":[155],"tags":[29,214,41549,30,11270,8858,834,45,215],"class_list":{"0":"post-675361","1":"post","2":"type-post","3":"status-publish","4":"format-standard","5":"has-post-thumbnail","7":"category-unterhaltung","8":"tag-deutschland","9":"tag-entertainment","10":"tag-fehlgeburt","11":"tag-germany","12":"tag-germanys-next-topmodel","13":"tag-kinderwunsch","14":"tag-schwangerschaft","15":"tag-texttospeech","16":"tag-unterhaltung"},"share_on_mastodon":{"url":"https:\/\/pubeurope.com\/@de\/115792553217734317","error":""},"_links":{"self":[{"href":"https:\/\/www.europesays.com\/de\/wp-json\/wp\/v2\/posts\/675361","targetHints":{"allow":["GET"]}}],"collection":[{"href":"https:\/\/www.europesays.com\/de\/wp-json\/wp\/v2\/posts"}],"about":[{"href":"https:\/\/www.europesays.com\/de\/wp-json\/wp\/v2\/types\/post"}],"author":[{"embeddable":true,"href":"https:\/\/www.europesays.com\/de\/wp-json\/wp\/v2\/users\/2"}],"replies":[{"embeddable":true,"href":"https:\/\/www.europesays.com\/de\/wp-json\/wp\/v2\/comments?post=675361"}],"version-history":[{"count":0,"href":"https:\/\/www.europesays.com\/de\/wp-json\/wp\/v2\/posts\/675361\/revisions"}],"wp:featuredmedia":[{"embeddable":true,"href":"https:\/\/www.europesays.com\/de\/wp-json\/wp\/v2\/media\/675362"}],"wp:attachment":[{"href":"https:\/\/www.europesays.com\/de\/wp-json\/wp\/v2\/media?parent=675361"}],"wp:term":[{"taxonomy":"category","embeddable":true,"href":"https:\/\/www.europesays.com\/de\/wp-json\/wp\/v2\/categories?post=675361"},{"taxonomy":"post_tag","embeddable":true,"href":"https:\/\/www.europesays.com\/de\/wp-json\/wp\/v2\/tags?post=675361"}],"curies":[{"name":"wp","href":"https:\/\/api.w.org\/{rel}","templated":true}]}}