{"id":675395,"date":"2025-12-27T17:13:18","date_gmt":"2025-12-27T17:13:18","guid":{"rendered":"https:\/\/www.europesays.com\/de\/675395\/"},"modified":"2025-12-27T17:13:18","modified_gmt":"2025-12-27T17:13:18","slug":"so-geht-es-sven-georg-adenauer-als-ruhestaendler-im-rheinland","status":"publish","type":"post","link":"https:\/\/www.europesays.com\/de\/675395\/","title":{"rendered":"So geht es Sven-Georg Adenauer als Ruhest\u00e4ndler im Rheinland"},"content":{"rendered":"<p>26 Jahre lang hat er die Geschicke des Kreises G\u00fctersloh mitgepr\u00e4gt. Nun ist Sven-Georg Adenauer im Ruhestand. So geht es ihm im neuen Lebensabschnitt.<\/p>\n<p>Kreis G\u00fctersloh (gl) &#8211; Sven-Georg Adenauer erwischt man bei seinem neugeborenen Enkelkind. Kurz nachdem der ehemalige G\u00fctersloher Landrat zur\u00fcck ins Rheinland gezogen ist, ist Adenauer zum siebten Mal Gro\u00dfvater geworden. Der emotionale Abschluss eines f\u00fcr den 66-J\u00e4hrigen sehr bewegenden Jahres.<\/p>\n<p>\u201eIch\u2026<\/p>\n<p>            <img decoding=\"async\" src=\"https:\/\/www.die-glocke.de\/typo3conf\/ext\/bo_dieglocke_template\/Resources\/Public\/Images\/logo\/glocke_plus_icon.svg\" class=\"pwTopImage\" alt=\"Glocke Plus\"\/><\/p>\n<p>                Glocke Plus Artikel<\/p>\n<p class=\"card-text equal-height text-center\" data-equalheightgroup=\"1\">\n                Jetzt weiterlesen mit G+ Abo, Angebot ausw\u00e4hlen oder anmelden.\n            <\/p>\n<tr>\n<tr>\n<td class=\"w-25px p-1\">\n<\/td>\n<td class=\"p-1\">\n                                            79,00 \u20ac (ab dem 13. Monat zzt. 7,90 \u20ac mtl.)&#13;<\/p>\n<\/td>\n<\/tr>\n<tr>\n<td class=\"w-25px p-1\">\n<\/td>\n<td class=\"p-1\">\n                                            Mindestlaufzeit 12 Monate&#13;<\/p>\n<\/td>\n<\/tr>\n<tr>\n<td class=\"w-25px p-1\">\n<\/td>\n<td class=\"p-1\">\n                                            nach 12 Monaten monatlich k\u00fcndbar<\/p>\n<\/td>\n<\/tr>\n<\/tr>\n<p>\n                    79,00 \u20ac f\u00fcr 12 Monate\n                <\/p>\n<p>                        <a class=\"paywall_order_btn-668975\" href=\"https:\/\/www.die-glocke.de\/abo\/abo-shop\/digital\/digital-plus\/g-plus-jahresabo\" target=\"_blank\" rel=\"noopener\"><\/p>\n<p>                                Jetzt bestellen<\/p>\n<p>                        <\/a><\/p>\n<tr>\n<tr>\n<td class=\"w-25px p-1\">\n<\/td>\n<td class=\"p-1\">\n                                            Alle Plus-Artikel auf www.die-glocke.de lesen&#13;<\/p>\n<\/td>\n<\/tr>\n<tr>\n<td class=\"w-25px p-1\">\n<\/td>\n<td class=\"p-1\">\n                                            f\u00fcr 0,99 \u20ac im ersten Monat testen&#13;<\/p>\n<\/td>\n<\/tr>\n<tr>\n<td class=\"w-25px p-1\">\n<\/td>\n<td class=\"p-1\">\n                                            Danach 7,90 \u20ac mtl.&#13;<\/p>\n<\/td>\n<\/tr>\n<tr>\n<td class=\"w-25px p-1\">\n<\/td>\n<td class=\"p-1\">\n                                            Monatlich k\u00fcndbar<\/p>\n<\/td>\n<\/tr>\n<\/tr>\n<p>\n                    0,99 \u20ac im 1. Monat\n                <\/p>\n<p>                        <a class=\"paywall_order_btn-668975\" href=\"https:\/\/www.die-glocke.de\/abo\/abo-shop\/digital\/digital-plus\/g-plus-monatsabo\" target=\"_blank\" rel=\"noopener\"><\/p>\n<p>                                Jetzt bestellen<\/p>\n<p>                        <\/a><\/p>\n<p>                        Bereits G+ Abonnent? Hier anmelden<\/p>\n<p>Texte und Fotos von die-glocke.de sind urheberrechtlich gesch\u00fctzt.<br \/>\n            Weiterverwendung nur mit Genehmigung der Chefredaktion.<\/p>\n","protected":false},"excerpt":{"rendered":"26 Jahre lang hat er die Geschicke des Kreises G\u00fctersloh mitgepr\u00e4gt. Nun ist Sven-Georg Adenauer im Ruhestand. So&hellip;\n","protected":false},"author":2,"featured_media":675396,"comment_status":"","ping_status":"","sticky":false,"template":"","format":"standard","meta":{"footnotes":""},"categories":[1841],"tags":[1605,3364,29,30,40975,1209,2802,89366],"class_list":{"0":"post-675395","1":"post","2":"type-post","3":"status-publish","4":"format-standard","5":"has-post-thumbnail","7":"category-bielefeld","8":"tag-bielefeld","9":"tag-de","10":"tag-deutschland","11":"tag-germany","12":"tag-landrat","13":"tag-nordrhein-westfalen","14":"tag-rheinland","15":"tag-sven-georg-adenauer"},"share_on_mastodon":{"url":"https:\/\/pubeurope.com\/@de\/115792656848669380","error":""},"_links":{"self":[{"href":"https:\/\/www.europesays.com\/de\/wp-json\/wp\/v2\/posts\/675395","targetHints":{"allow":["GET"]}}],"collection":[{"href":"https:\/\/www.europesays.com\/de\/wp-json\/wp\/v2\/posts"}],"about":[{"href":"https:\/\/www.europesays.com\/de\/wp-json\/wp\/v2\/types\/post"}],"author":[{"embeddable":true,"href":"https:\/\/www.europesays.com\/de\/wp-json\/wp\/v2\/users\/2"}],"replies":[{"embeddable":true,"href":"https:\/\/www.europesays.com\/de\/wp-json\/wp\/v2\/comments?post=675395"}],"version-history":[{"count":0,"href":"https:\/\/www.europesays.com\/de\/wp-json\/wp\/v2\/posts\/675395\/revisions"}],"wp:featuredmedia":[{"embeddable":true,"href":"https:\/\/www.europesays.com\/de\/wp-json\/wp\/v2\/media\/675396"}],"wp:attachment":[{"href":"https:\/\/www.europesays.com\/de\/wp-json\/wp\/v2\/media?parent=675395"}],"wp:term":[{"taxonomy":"category","embeddable":true,"href":"https:\/\/www.europesays.com\/de\/wp-json\/wp\/v2\/categories?post=675395"},{"taxonomy":"post_tag","embeddable":true,"href":"https:\/\/www.europesays.com\/de\/wp-json\/wp\/v2\/tags?post=675395"}],"curies":[{"name":"wp","href":"https:\/\/api.w.org\/{rel}","templated":true}]}}