{"id":675483,"date":"2025-12-27T18:12:16","date_gmt":"2025-12-27T18:12:16","guid":{"rendered":"https:\/\/www.europesays.com\/de\/675483\/"},"modified":"2025-12-27T18:12:16","modified_gmt":"2025-12-27T18:12:16","slug":"im-katholischen-erzbistum-berlin-sind-wieder-die-sternsinger-unterwegs","status":"publish","type":"post","link":"https:\/\/www.europesays.com\/de\/675483\/","title":{"rendered":"Im katholischen Erzbistum Berlin sind wieder die Sternsinger unterwegs"},"content":{"rendered":"<p class=\"tspAGen tspAGeo\">Sie tragen goldene Kronen, bunte M\u00e4ntel und nat\u00fcrlich gl\u00e4nzende Sterne: Mehr als 150 kleine K\u00f6niginnen und K\u00f6nige sitzen am Samstag in der Sankt-Hedwigs-Kathedrale am Berliner Bebelplatz. Denn zwischen Weihnachten und dem Fest der Heiligen Drei K\u00f6nige am 6. Januar ist in der katholischen Kirche traditionell die Zeit der Sternsinger. <\/p>\n<p class=\"tspAGen\">Kinder und Jugendliche ziehen dann von Haus zu Haus, singen Lieder und schreiben mit Kreide das Segenszeichen \u201eC+M+B 2026\u201c an die Haust\u00fcren. Was eine Abk\u00fcrzung f\u00fcr das lateinische \u201eChristus mansionem benedicat\u201c ist, und \u00fcbersetzt bedeutet: \u201eChristus segne dieses Haus.\u201c Mit dem Gottesdienst in der Kathedrale wurden die Kinder und Jugendlichen am Samstag von Weihbischof Matthias Heinrich ganz offiziell auf ihren Weg geschickt.<\/p>\n<p><img decoding=\"async\" src=\"https:\/\/www.europesays.com\/de\/wp-content\/uploads\/2025\/12\/1766859136_839_image-5.png\"   alt=\"\" aria-labelledby=\"caption-15084762\" width=\"440\" height=\"330\" loading=\"lazy\" class=\"tspAMgd\"\/> Die Aussendung der Sternsinger wurde am Samstag in der Sankt-Hedwigs-Kathedrale\u00a0gefeiert. <\/p>\n<p class=\"tspACdz\"> \u00a9 Anne Barth\/Erzbistum Berlin <\/p>\n<p class=\"tspAGen\">\u201eIch bin zum sechsten Mal als Sternsingerin dabei\u201c, sagt die zw\u00f6lfj\u00e4hrige Paula Schmidt aus der Kirchengemeinde Mari\u00e4 Himmelfahrt in Kladow. \u201eEs macht Spa\u00df, zu sehen, wie die Leute gl\u00fccklich sind, wenn wir ihnen den Segen bringen.\u201c Beim letzten Mal habe eine \u00e4ltere Frau sogar angefangen, zu weinen, als die Kinder an ihrer Haust\u00fcr geklingelt h\u00e4tten. <\/p>\n<p>\u00a0457.000<\/p>\n<p><strong>Euro <\/strong>kamen im Erzbistum Berlin bei der vergangenen Sternsinger-Aktion zusammen.<\/p>\n<p class=\"tspAGen\">In der Gemeinde, die zum Pastoralen Raum \u201eSt. Johannes der T\u00e4ufer \u2013 Spandau S\u00fcdwest\u201c geh\u00f6rt, ist das Sternsingen eine gro\u00dfe Sache, berichten die Gemeindemitglieder Katrin und Stephan Gniewkowski. Gut 200 Termine h\u00e4tten die Sternsinger im vergangenen Jahr gehabt, etwas mehr als 13.000 Euro seien an Spenden zusammengekommen. <\/p>\n<p> Die Aktion ist auch politisch <\/p>\n<p class=\"tspAGen\">Denn die Sternsinger-Aktion der katholischen Kirche, die seit 1959 vom \u201eKindermissionswerk Die Sternsinger\u201c und dem Bund der Katholischen Deutschen Jugend (BDKJ) getragen wird, hat auch ein politisches Ziel: Die Kinder und Jugendlichen besch\u00e4ftigen sich in Gruppenstunden mit der Situation von Gleichaltrigen in Afrika, Asien oder Lateinamerika. Wenn sie um die H\u00e4user ziehen, sammeln sie Gelder f\u00fcr Hilfsprojekte. Seit 1959 kamen so rund 1,4 Milliarden Euro an Spenden zusammen. <\/p>\n<p class=\"tspAGen\">Im katholischen Erzbistum Berlin, zu dem neben Berlin und Brandenburg auch der Landesteil Vorpommern geh\u00f6rt, waren es 2025 rund 457.000 Euro, die die 73 teilnehmenden Gruppen und Gemeinden gesammelt haben. Das waren rund 50.000 Euro mehr als im Jahr zuvor. <\/p>\n<p class=\"tspAGen\">In diesem Jahr stehe Bangladesch im Zentrum der Aktion, berichtet Sophia Sorg vom Team Jugendpastoral des Erzbistums Berlin im Gottesdienst in der Kathedrale. Man wolle darauf aufmerksam machen, dass es immer noch zahlreiche Kinder und Jugendliche gebe, die arbeiten m\u00fcssten, statt zur Schule zu gehen. Dann fordert sie die Kinder und Jugendlichen in der Kathedrale auf, das Motto der Aktion einmal gemeinsam so laut zu rufen, \u201edass man es bitte auch in der U5 noch h\u00f6ren kann\u201c: \u201eSchule statt Fabrik!\u201c <\/p>\n<p> Mehr zum Thema Kirche in Berlin <a href=\"https:\/\/www.tagesspiegel.de\/potsdam\/brandenburg\/klare-botschaften-zu-weihnachten-was-die-bischofe-in-berlin-und-brandenburg-predigten-15083286.html?icid=topic-list_15084755___\" data-gtm-class=\"article-mzt-link\" data-hydrate-fingerprint=\"09740a54944caac75fd2c0c63fd5c5df\" data-hydrate-props=\"{&amp;escapedquot;element&amp;escapedquot;:{&amp;escapedquot;type&amp;escapedquot;:&amp;escapedquot;relatedContent&amp;escapedquot;,&amp;escapedquot;fieldMap&amp;escapedquot;:{},&amp;escapedquot;relation&amp;escapedquot;:{&amp;escapedquot;fields&amp;escapedquot;:{&amp;escapedquot;isPaid&amp;escapedquot;:null},&amp;escapedquot;href&amp;escapedquot;:&amp;escapedquot;\/potsdam\/brandenburg\/klare-botschaften-zu-weihnachten-was-die-bischofe-in-berlin-und-brandenburg-predigten-15083286.html&amp;escapedquot;,&amp;escapedquot;teaserTitle&amp;escapedquot;:{&amp;escapedquot;kicker&amp;escapedquot;:&amp;escapedquot;Klare Botschaften zu Weihnachten&amp;escapedquot;,&amp;escapedquot;headline&amp;escapedquot;:&amp;escapedquot;Was die Bisch\u00f6fe in Berlin und Brandenburg predigten&amp;escapedquot;},&amp;escapedquot;id&amp;escapedquot;:&amp;escapedquot;15083286&amp;escapedquot;,&amp;escapedquot;type&amp;escapedquot;:&amp;escapedquot;story&amp;escapedquot;},&amp;escapedquot;isPartOfList&amp;escapedquot;:true,&amp;escapedquot;topicListType&amp;escapedquot;:&amp;escapedquot;topic-list&amp;escapedquot;},&amp;escapedquot;showArrow&amp;escapedquot;:true}\" data-hydrate-slots=\"{&#039;default&#039;:[]}\" class=\"tspBTll\" rel=\"nofollow noopener\" target=\"_blank\">Klare Botschaften zu Weihnachten Was die Bisch\u00f6fe in Berlin und Brandenburg predigten <\/a><a href=\"https:\/\/www.tagesspiegel.de\/sport\/pfarrer-kastner-uber-das-weihnachtssingen-beim-1-fc-union-klar-ist-gott-auch-im-fussballstadion--wo-soll-er-sonst-sein-15073344.html?icid=topic-list_15084755___\" data-gtm-class=\"article-mzt-link\" data-hydrate-fingerprint=\"09740a54944caac75fd2c0c63fd5c5df\" data-hydrate-props=\"{&amp;escapedquot;element&amp;escapedquot;:{&amp;escapedquot;type&amp;escapedquot;:&amp;escapedquot;relatedContent&amp;escapedquot;,&amp;escapedquot;fieldMap&amp;escapedquot;:{},&amp;escapedquot;relation&amp;escapedquot;:{&amp;escapedquot;fields&amp;escapedquot;:{&amp;escapedquot;isPaid&amp;escapedquot;:true},&amp;escapedquot;href&amp;escapedquot;:&amp;escapedquot;\/sport\/pfarrer-kastner-uber-das-weihnachtssingen-beim-1-fc-union-klar-ist-gott-auch-im-fussballstadion--wo-soll-er-sonst-sein-15073344.html&amp;escapedquot;,&amp;escapedquot;teaserTitle&amp;escapedquot;:{&amp;escapedquot;kicker&amp;escapedquot;:&amp;escapedquot;Pfarrer \u00fcber das Weihnachtssingen beim 1. FC Union&amp;escapedquot;,&amp;escapedquot;headline&amp;escapedquot;:&amp;escapedquot;\u201eKlar ist Gott auch im Fu\u00dfballstadion \u2013 wo soll er sonst sein?\u201c&amp;escapedquot;},&amp;escapedquot;id&amp;escapedquot;:&amp;escapedquot;15073344&amp;escapedquot;,&amp;escapedquot;type&amp;escapedquot;:&amp;escapedquot;story&amp;escapedquot;},&amp;escapedquot;isPartOfList&amp;escapedquot;:true,&amp;escapedquot;topicListType&amp;escapedquot;:&amp;escapedquot;topic-list&amp;escapedquot;},&amp;escapedquot;showArrow&amp;escapedquot;:true}\" data-hydrate-slots=\"{&#039;default&#039;:[]}\" class=\"tspBTll\" rel=\"nofollow noopener\" target=\"_blank\">Pfarrer \u00fcber das Weihnachtssingen beim 1. FC Union \u201eKlar ist Gott auch im Fu\u00dfballstadion \u2013 wo soll er sonst sein?\u201c <\/a><a href=\"https:\/\/www.tagesspiegel.de\/berlin\/lichtenberger-pfarrer-arbeitet-in-london-heiligabend-gehen-die-leute-hier-in-den-pub-15066925.html?icid=topic-list_15084755___\" data-gtm-class=\"article-mzt-link\" data-hydrate-fingerprint=\"09740a54944caac75fd2c0c63fd5c5df\" data-hydrate-props=\"{&amp;escapedquot;element&amp;escapedquot;:{&amp;escapedquot;type&amp;escapedquot;:&amp;escapedquot;relatedContent&amp;escapedquot;,&amp;escapedquot;fieldMap&amp;escapedquot;:{},&amp;escapedquot;relation&amp;escapedquot;:{&amp;escapedquot;fields&amp;escapedquot;:{&amp;escapedquot;isPaid&amp;escapedquot;:true},&amp;escapedquot;href&amp;escapedquot;:&amp;escapedquot;\/berlin\/lichtenberger-pfarrer-arbeitet-in-london-heiligabend-gehen-die-leute-hier-in-den-pub-15066925.html&amp;escapedquot;,&amp;escapedquot;teaserTitle&amp;escapedquot;:{&amp;escapedquot;kicker&amp;escapedquot;:&amp;escapedquot;Berliner Pfarrer arbeitet jetzt in London&amp;escapedquot;,&amp;escapedquot;headline&amp;escapedquot;:&amp;escapedquot;\u201eHeiligabend gehen die Leute hier in den Pub\u201c&amp;escapedquot;},&amp;escapedquot;id&amp;escapedquot;:&amp;escapedquot;15066925&amp;escapedquot;,&amp;escapedquot;type&amp;escapedquot;:&amp;escapedquot;story&amp;escapedquot;},&amp;escapedquot;isPartOfList&amp;escapedquot;:true,&amp;escapedquot;topicListType&amp;escapedquot;:&amp;escapedquot;topic-list&amp;escapedquot;},&amp;escapedquot;showArrow&amp;escapedquot;:true}\" data-hydrate-slots=\"{&#039;default&#039;:[]}\" class=\"tspBTll\" rel=\"nofollow noopener\" target=\"_blank\">Berliner Pfarrer arbeitet jetzt in London \u201eHeiligabend gehen die Leute hier in den Pub\u201c <\/a><\/p>\n<p class=\"tspAGen\">Wer in den n\u00e4chsten Tagen auch von den Sternsingern besucht werden m\u00f6chte, kann sich an die n\u00e4chstgelegene katholische Gemeinde wenden. Deren Kontaktdaten sind im Internet unter <a href=\"https:\/\/rz.bistum-mainz.de\/pfarreifinder\/\" target=\"_blank\" rel=\"noopener nofollow\" class=\"link link--external\" data-gtm-class=\"article-text-link\" data-gtm-val=\"external\" aria-describedby=\"message-target-blank\">www.pfarreifinder.de<\/a> zu finden. Wer in Kladow oder dem S\u00fcdwesten Spandaus wohnt, kann einen Termin mit den Sternsingern sogar \u00fcber ein Online-Formular buchen, das unter <a href=\"https:\/\/www.st-johannes-spandau.de\/\" target=\"_blank\" rel=\"noopener nofollow\" class=\"link link--external\" data-gtm-class=\"article-text-link\" data-gtm-val=\"external\" aria-describedby=\"message-target-blank\">www.st-johannes-spandau.de<\/a> zu finden ist. <\/p>\n","protected":false},"excerpt":{"rendered":"Sie tragen goldene Kronen, bunte M\u00e4ntel und nat\u00fcrlich gl\u00e4nzende Sterne: Mehr als 150 kleine K\u00f6niginnen und K\u00f6nige sitzen&hellip;\n","protected":false},"author":2,"featured_media":675484,"comment_status":"","ping_status":"","sticky":false,"template":"","format":"standard","meta":{"footnotes":""},"categories":[1825],"tags":[296,29,30,1635,966,12289],"class_list":{"0":"post-675483","1":"post","2":"type-post","3":"status-publish","4":"format-standard","5":"has-post-thumbnail","7":"category-berlin","8":"tag-berlin","9":"tag-deutschland","10":"tag-germany","11":"tag-jugend","12":"tag-schule","13":"tag-weihnachten"},"share_on_mastodon":{"url":"https:\/\/pubeurope.com\/@de\/115792887554552594","error":""},"_links":{"self":[{"href":"https:\/\/www.europesays.com\/de\/wp-json\/wp\/v2\/posts\/675483","targetHints":{"allow":["GET"]}}],"collection":[{"href":"https:\/\/www.europesays.com\/de\/wp-json\/wp\/v2\/posts"}],"about":[{"href":"https:\/\/www.europesays.com\/de\/wp-json\/wp\/v2\/types\/post"}],"author":[{"embeddable":true,"href":"https:\/\/www.europesays.com\/de\/wp-json\/wp\/v2\/users\/2"}],"replies":[{"embeddable":true,"href":"https:\/\/www.europesays.com\/de\/wp-json\/wp\/v2\/comments?post=675483"}],"version-history":[{"count":0,"href":"https:\/\/www.europesays.com\/de\/wp-json\/wp\/v2\/posts\/675483\/revisions"}],"wp:featuredmedia":[{"embeddable":true,"href":"https:\/\/www.europesays.com\/de\/wp-json\/wp\/v2\/media\/675484"}],"wp:attachment":[{"href":"https:\/\/www.europesays.com\/de\/wp-json\/wp\/v2\/media?parent=675483"}],"wp:term":[{"taxonomy":"category","embeddable":true,"href":"https:\/\/www.europesays.com\/de\/wp-json\/wp\/v2\/categories?post=675483"},{"taxonomy":"post_tag","embeddable":true,"href":"https:\/\/www.europesays.com\/de\/wp-json\/wp\/v2\/tags?post=675483"}],"curies":[{"name":"wp","href":"https:\/\/api.w.org\/{rel}","templated":true}]}}