{"id":675497,"date":"2025-12-27T18:21:28","date_gmt":"2025-12-27T18:21:28","guid":{"rendered":"https:\/\/www.europesays.com\/de\/675497\/"},"modified":"2025-12-27T18:21:28","modified_gmt":"2025-12-27T18:21:28","slug":"florian-wirtz-mit-erstem-tor-fuer-fc-liverpool-in-premier-league","status":"publish","type":"post","link":"https:\/\/www.europesays.com\/de\/675497\/","title":{"rendered":"Florian Wirtz mit erstem Tor f\u00fcr FC Liverpool in Premier League"},"content":{"rendered":"<p><a data-rtr-index=\"3\" title=\"Florian Wirtz\" href=\"https:\/\/www.faz.net\/aktuell\/sport\/thema\/florian-wirtz\" target=\"_blank\" rel=\"noopener\">Florian Wirtz<\/a> jubelte ausgelassen an einem sowieso schon emotionalen Nachmittag im Nordwesten Englands. Kurz vor Jahresende hat er sein erstes Tor f\u00fcr den FC Liverpool erzielt. Beim 2:1 (2:0) gegen die Wolverhampton Wanderers gelang der deutsche Fu\u00dfball-Nationalspieler in seinem 23. Einsatz f\u00fcr die Reds die Premier in der 42. Minute.<\/p>\n<p class=\"p1 sm:p1-medium items-start pb-[20px]\" data-selector=\"body-paragraph\" data-external-selector=\"body-elements-paragraph\" data-v-f16c667d=\"\" data-v-439309db=\"\">Wirtz erzielte in der 1585. Pflichtspielminute f\u00fcr die Reds nach einem sch\u00f6nen Zuspiel von Hugo Ekitik\u00e9 das 2:0, zuvor hatte der fr\u00fchere Bayern-Profi Ryan Gravenberch (41.) f\u00fcr den F\u00fchrungstreffer gesorgt. In der Tabelle sprang <a data-rtr-index=\"6\" title=\"Liverpool\" href=\"https:\/\/www.faz.net\/aktuell\/gesellschaft\/thema\/liverpool\" target=\"_blank\" rel=\"noopener\">Liverpool<\/a> auf den vierten Tabellenplatz, der R\u00fcckstand auf den Spitzenreiter FC Arsenal betr\u00e4gt zehn Punkte. Die noch immer sieglosen Wanderers sind mit nur zwei Punkten Letzter.<\/p>\n<p>FC Liverpool erinnert an Diogo Jota<\/p>\n<p class=\"p1 sm:p1-medium items-start pb-[20px]\" data-selector=\"body-paragraph\" data-external-selector=\"body-elements-paragraph\" data-v-f16c667d=\"\" data-v-439309db=\"\">Liverpool erinnerte vor dem Spiel mit einer emotionalen Geste an den verstorbenen Profi Diogo Jota, der in seiner Karriere f\u00fcr beide Klubs gespielt hatte. Vor dem Anpfiff in Anfield liefen Jotas S\u00f6hne Dinis und Duarte an der Seite von Liverpools Kapit\u00e4n Virgil van Dijk auf das Spielfeld. In der 20. Minute \u2013 analog zur Trikotnummer Jotas \u2013 riefen die Fans den Namen des Verstorbenen.<\/p>\n<p class=\"p1 sm:p1-medium items-start pb-[20px]\" data-selector=\"body-paragraph\" data-external-selector=\"body-elements-paragraph\" data-v-f16c667d=\"\" data-v-439309db=\"\">Zuvor war in der N\u00e4he des Stadions ein Wandgem\u00e4lde zu Ehren des portugiesischen St\u00fcrmers enth\u00fcllt worden. Es zeigt Jota, der seine H\u00e4nde zu einem Herzen formt. Darunter steht \u201eForever 20\u201c. Jotas Nummer 20 wird bei Liverpool nach seinem Tod nicht mehr vergeben. Das Spiel war das erste Aufeinandertreffen zwischen Liverpool und den Wolves seit dem Ungl\u00fcck.<\/p>\n<p><img decoding=\"async\" alt=\"Die S\u00f6hne von Diogo Jota begleiten Liverpools Kapit\u00e4n Virgil van Dijk auf das Spielfeld.\" height=\"5504\" loading=\"lazy\"   src=\"https:\/\/www.europesays.com\/de\/wp-content\/uploads\/2025\/12\/die-soehne-von-diogo-jota.webp.webp\" width=\"8256\" class=\"sm:w-content-sm w-full\" tabindex=\"0\"\/>Die S\u00f6hne von Diogo Jota begleiten Liverpools Kapit\u00e4n Virgil van Dijk auf das Spielfeld.AFP<\/p>\n<p class=\"p1 sm:p1-medium items-start pb-[20px]\" data-selector=\"body-paragraph\" data-external-selector=\"body-elements-paragraph\" data-v-f16c667d=\"\" data-v-439309db=\"\">Einen herausragenden Samstagnachmittag in den Spielen der <a data-rtr-index=\"0\" title=\"Premier League\" href=\"https:\/\/www.faz.net\/aktuell\/sport\/thema\/premier-league\" target=\"_blank\" rel=\"noopener\">Premier League<\/a> erwischte derweil der deutsche Nationalspieler Kevin Schade, der beim 4:1 (2:0) des FC Brentford gegen AFC Bournemouth dreimal (7., 51., 90.+6) erfolgreich war. Damit verbesserte sich sein Team in der Tabelle auf den neunten Platz.<\/p>\n<p><img decoding=\"async\" alt=\"Das erste Tor: Florian Wirtz trifft gegen Wolverhampton erstmals f\u00fcr Liverpool.\" height=\"1541\" loading=\"lazy\"   src=\"https:\/\/www.europesays.com\/de\/wp-content\/uploads\/2025\/12\/das-erste-tor-florian-wirtz.webp.webp\" width=\"2282\" class=\"sm:w-content-sm w-full\" tabindex=\"0\"\/>Das erste Tor: Florian Wirtz trifft gegen Wolverhampton erstmals f\u00fcr Liverpool.dpa<\/p>\n<p class=\"p1 sm:p1-medium items-start pb-[20px]\" data-selector=\"body-paragraph\" data-external-selector=\"body-elements-paragraph\" data-v-f16c667d=\"\" data-v-439309db=\"\">Arsenal setzte sich 2:1 (1:0) gegen Brighton &amp; Hove Albion mit Trainer Fabian H\u00fcrzeler durch. Damit verdr\u00e4ngten die Londoner Manchester City wieder von der Spitze, das zuvor 2:1 (0:0) bei Nottingham Forest gewonnen hatte. Rayan Cherki (83.) sorgte f\u00fcr den sp\u00e4ten Siegtreffer ManCitys. Am diesem Samstagabend (18.30 Uhr bei Sky) steigt zudem noch das Spitzenspiel zwischen Aston Villa (3.) und dem FC Chelsea (5.).<\/p>\n<p class=\"p1 sm:p1-medium items-start pb-[20px]\" data-selector=\"body-paragraph\" data-external-selector=\"body-elements-paragraph\" data-v-f16c667d=\"\" data-v-439309db=\"\">Zun\u00e4chst bekamen die Zuschauer im Forest Ground eine ereignisarme Partie zu sehen. Erst nach der Halbzeitpause wurde es interessant. Mit dem ersten echten Torschuss erzielte Tijjani Reijnders (48. Minute) das 1:0. Die F\u00fchrung w\u00e4hrte allerdings nur kurz. Nach einem schnellen Konter der Gastgeber traf Omari Hutchinson (54.) zum Ausgleich.<\/p>\n<p class=\"p1 sm:p1-medium items-start pb-[20px]\" data-selector=\"body-paragraph\" data-external-selector=\"body-elements-paragraph\" data-v-f16c667d=\"\" data-v-439309db=\"\">Danach entwickelte sich eine offene Partie mit Gelegenheiten auf beiden Seiten, wobei City die besseren Chancen hatte, aber mehrfach an Nottinghams starkem Torh\u00fcter John Victor scheiterte. Erling Haaland, der als Reaktion auf Guardiolas Ansage in sozialen Medien mit einem Foto seiner Waage f\u00fcr Lacher gesorgt hatte, blieb torlos. Rayan Cherki (83.) erzielte den entscheidenden Treffer zum insgesamt verdienten Sieg der Cityzens.<\/p>\n","protected":false},"excerpt":{"rendered":"Florian Wirtz jubelte ausgelassen an einem sowieso schon emotionalen Nachmittag im Nordwesten Englands. Kurz vor Jahresende hat er&hellip;\n","protected":false},"author":2,"featured_media":675498,"comment_status":"","ping_status":"","sticky":false,"template":"","format":"standard","meta":{"footnotes":""},"categories":[136],"tags":[29,30,265],"class_list":{"0":"post-675497","1":"post","2":"type-post","3":"status-publish","4":"format-standard","5":"has-post-thumbnail","7":"category-sport","8":"tag-deutschland","9":"tag-germany","10":"tag-sport"},"share_on_mastodon":{"url":"https:\/\/pubeurope.com\/@de\/115792923305284691","error":""},"_links":{"self":[{"href":"https:\/\/www.europesays.com\/de\/wp-json\/wp\/v2\/posts\/675497","targetHints":{"allow":["GET"]}}],"collection":[{"href":"https:\/\/www.europesays.com\/de\/wp-json\/wp\/v2\/posts"}],"about":[{"href":"https:\/\/www.europesays.com\/de\/wp-json\/wp\/v2\/types\/post"}],"author":[{"embeddable":true,"href":"https:\/\/www.europesays.com\/de\/wp-json\/wp\/v2\/users\/2"}],"replies":[{"embeddable":true,"href":"https:\/\/www.europesays.com\/de\/wp-json\/wp\/v2\/comments?post=675497"}],"version-history":[{"count":0,"href":"https:\/\/www.europesays.com\/de\/wp-json\/wp\/v2\/posts\/675497\/revisions"}],"wp:featuredmedia":[{"embeddable":true,"href":"https:\/\/www.europesays.com\/de\/wp-json\/wp\/v2\/media\/675498"}],"wp:attachment":[{"href":"https:\/\/www.europesays.com\/de\/wp-json\/wp\/v2\/media?parent=675497"}],"wp:term":[{"taxonomy":"category","embeddable":true,"href":"https:\/\/www.europesays.com\/de\/wp-json\/wp\/v2\/categories?post=675497"},{"taxonomy":"post_tag","embeddable":true,"href":"https:\/\/www.europesays.com\/de\/wp-json\/wp\/v2\/tags?post=675497"}],"curies":[{"name":"wp","href":"https:\/\/api.w.org\/{rel}","templated":true}]}}