{"id":675517,"date":"2025-12-27T18:35:16","date_gmt":"2025-12-27T18:35:16","guid":{"rendered":"https:\/\/www.europesays.com\/de\/675517\/"},"modified":"2025-12-27T18:35:16","modified_gmt":"2025-12-27T18:35:16","slug":"ffw-schwalmtal-wohnungsbrand-in-leerstehendem-gebaeude-sorgt-fuer-umfangreichen","status":"publish","type":"post","link":"https:\/\/www.europesays.com\/de\/675517\/","title":{"rendered":"FFW Schwalmtal: Wohnungsbrand in leerstehendem Geb\u00e4ude sorgt f\u00fcr umfangreichen &#8230;"},"content":{"rendered":"<p class=\"date\">27.12.2025 \u2013 19:07<\/p>\n<p class=\"customer\">\n                        <a class=\"story-customer\" title=\"weiter zum newsroom von FFW Gemeinde Schwalmtal\" href=\"https:\/\/www.presseportal.de\/blaulicht\/nr\/170081\" target=\"_blank\" rel=\"noopener\">FFW Gemeinde Schwalmtal<\/a>\n                    <\/p>\n<p><a class=\"glightbox event-trigger\" href=\"https:\/\/cache.pressmailing.net\/thumbnail\/story_hires\/c35b834b-11e0-482a-a2d3-9ffcd62a0f4f\/EPSL7773.JPG.jpg\" data-description=\"Foto: Symbolbild Feuerwehr Schwalmtal\" data-category=\"medialightbox\" data-action=\"click\" data-label=\"single\" data-value=\"69502076270000fd2c54c6ff\" target=\"_blank\" rel=\"noopener\"><img decoding=\"async\" height=\"540\" with=\"720\" src=\"https:\/\/www.europesays.com\/de\/wp-content\/uploads\/2025\/12\/ffw-schwalmtal-wohnungsbrand-in-leerstehendem-geb-ude-sorgt-f-r-umfangreichen-feuerwehreinsatz-in-am.jpeg\"   alt=\"FFW Schwalmtal: Wohnungsbrand in leerstehendem Geb\u00e4ude sorgt f\u00fcr umfangreichen Feuerwehreinsatz in Amern\" class=\"single\"\/><\/a><\/p>\n<p><a data-category=\"citylink-story-view\" data-action=\"click\" data-label=\"Citylink in Meldungsansicht\" class=\"story-city event-trigger\" href=\"https:\/\/www.presseportal.de\/regional\/Schwalmtal\" title=\"News aus Schwalmtal \" target=\"_blank\" rel=\"noopener\">Schwalmtal<\/a> (ots)<\/p>\n<p>Der L\u00f6schzug Amern sowie die Drehleiter aus Waldniel wurden am gestrigen zweiten Weihnachtstag um 20:00 Uhr mit dem Stichwort F2 &#8211; Wohnungsbrand auf die Kolpingstra\u00dfe im Ortsteil Amern alarmiert. Bereits w\u00e4hrend der ersten Erkundung stellte sich heraus, dass sich die tats\u00e4chliche Einsatzstelle auf der nahe gelegenen Polmannstra\u00dfe befand, da die betroffenen Reihenh\u00e4user eine bauliche Verbindung zwischen beiden Stra\u00dfen darstellten.<\/p>\n<p>Beim Eintreffen der ersten Einsatzkr\u00e4fte war eine starke Rauchentwicklung erkennbar. Zudem war im Erdgeschoss ein deutlicher Feuerschein sichtbar. Der Brandherd befand sich im Hausflur hinter einer Glast\u00fcr.<\/p>\n<p>Unverz\u00fcglich ging ein Trupp unter Atemschutz mit einem C-Rohr zur Brandbek\u00e4mpfung vor. Das Feuer wurde z\u00fcgig unter Kontrolle gebracht und gel\u00f6scht. Gleichzeitig stellte der Einsatzleiter eine zunehmende Rauchentwicklung im ersten Obergeschoss sowie im angrenzenden Dachgeschoss fest. Da die Lage zun\u00e4chst un\u00fcbersichtlich war, wurden aus diesem Grund weitere Kr\u00e4fte des L\u00f6schzuges Waldniel sowie des L\u00f6schzuges D\u00fclken mit einer zweiten Drehleiter zur Einsatzstelle nachgefordert.<\/p>\n<p>Die L\u00f6schma\u00dfnahmen gestalteten sich schwierig, da das Geb\u00e4ude aufgrund seiner Bausubstanz als einsturzgef\u00e4hrdet eingestuft werden musste. Eine Innenbrandbek\u00e4mpfung war daher nicht m\u00f6glich. Im weiteren Einsatzverlauf zeigte sich zudem, dass die Reihenh\u00e4user bis zum ersten Obergeschoss baulich voneinander getrennt waren, w\u00e4hrend das Dachgeschoss beide Geb\u00e4ude miteinander verband.<\/p>\n<p>Zus\u00e4tzlich erschwerte gefrierendes L\u00f6schwasser auf der Stra\u00dfe die Arbeiten erheblich, da f\u00fcr die eingesetzten Kr\u00e4fte eine akute Rutschgefahr bestand. Aus diesem Grund wurden die gemeinsame Ordnungsamtbereitschaft der Gemeinden Niederkr\u00fcchten, Br\u00fcggen und Schwalmtal sowie die gemeinsame Bauhofbereitschaft mit Streumitteln alarmiert. Zeitgleich wurde der Energieversorger hinzugezogen, um sicherzustellen, dass das Objekt strom-, gas- und wasserlos war.<\/p>\n<p>\u00dcber die Drehleiter des L\u00f6schzuges Waldniel wurden die Dachhaut sowie mehrere Fenster im ersten Obergeschoss ge\u00f6ffnet. Mithilfe einer W\u00e4rmebildkamera wurde der betroffene Bereich auf weitere Glutnester kontrolliert. Die nachalarmierte Drehleiter des L\u00f6schzuges D\u00fclken ging zun\u00e4chst in Bereitstellung, musste jedoch nicht weiter eingesetzt werden und konnte zeitnah wieder aus dem Einsatz entlassen werden.<\/p>\n<p>Im weiteren Einsatzverlauf nahm die Rauchentwicklung jedoch erneut zu. Da der betroffene Bereich nicht vollst\u00e4ndig von der Drehleiter aus kontrolliert werden konnte und zudem nicht ausgeschlossen werden konnte, dass sich noch Personen im Objekt befanden, wurde eine Drohne des L\u00f6schzuges D\u00fclken zur Einsatzstelle alarmiert. Mit ihrer Hilfe wurde das Geb\u00e4ude erneut erkundet. Nach der Kontrolle konnte rasch Entwarnung gegeben werden. Es befanden sich keine Personen mehr im Geb\u00e4ude. Dar\u00fcber hinaus wurden mit Unterst\u00fctzung der Drohne weitere Glutnester im Dachgeschoss lokalisiert.<\/p>\n<p>Diese Glutnester wurden anschlie\u00dfend \u00fcber die Drehleiter mit einem handgef\u00fchrten Strahlrohr gezielt abgel\u00f6scht. Abschlie\u00dfend f\u00fchrten die Einsatzkr\u00e4fte umfangreiche Nachl\u00f6scharbeiten sowie L\u00fcftungsma\u00dfnahmen durch.<\/p>\n<p>Der zun\u00e4chst mitalarmierte Regelrettungsdienst wurde im weiteren Einsatzverlauf durch einen Rettungswagen des DRK-Ortsvereins Niederkr\u00fcchten abgel\u00f6st.<\/p>\n<p>Nach Abschluss der Ma\u00dfnahmen seitens der Feuerwehr wurde das betroffene Geb\u00e4ude durch das Ordnungsamt gesichert. Die Kriminalpolizei hat die Ermittlungen zur Brandursache aufgenommen.<\/p>\n<p>W\u00e4hrend des rund f\u00fcnfst\u00fcndigen Einsatzes waren die Kolpingstra\u00dfe sowie die Polmannstra\u00dfe vollst\u00e4ndig gesperrt. Der Grundschutz f\u00fcr die Gemeinde Schwalmtal wurde w\u00e4hrend des Einsatzes durch freie Kr\u00e4fte des L\u00f6schzuges Waldniel sichergestellt.<\/p>\n<p>Schwalmtal, den 27. Dezember 2025<\/p>\n<p class=\"contact-headline\">R\u00fcckfragen bitte an:<\/p>\n<p class=\"contact-text\">Freiwillige Feuerwehr Schwalmtal<br \/>Presse- und \u00d6ffentlichkeitsarbeit<br \/>Heerstra\u00dfe 1.<br \/>41366 Schwalmtal<br \/><a target=\"_blank\" class=\"uri-ext outbound\" rel=\"noopener\" href=\"https:\/\/www.schwalmtal.de\/\">https:\/\/www.schwalmtal.de\/<\/a><\/p>\n<p>F\u00fcr R\u00fcckfragen senden Sie bitte eine E-Mail an: <br \/><a href=\"https:\/\/www.presseportal.de\/blaulicht\/pm\/170081\/mailto: presse@feuerwehr-schwalmtal.de\" class=\"uri-mailto\" target=\"_blank\" rel=\"noopener\"> presse@feuerwehr-schwalmtal.de<\/a><\/p>\n<p class=\"originator\">Original-Content von: FFW Gemeinde Schwalmtal, \u00fcbermittelt durch news aktuell<\/p>\n","protected":false},"excerpt":{"rendered":"27.12.2025 \u2013 19:07 FFW Gemeinde Schwalmtal Schwalmtal (ots) Der L\u00f6schzug Amern sowie die Drehleiter aus Waldniel wurden am&hellip;\n","protected":false},"author":2,"featured_media":675518,"comment_status":"","ping_status":"","sticky":false,"template":"","format":"standard","meta":{"footnotes":""},"categories":[1849],"tags":[2919,3364,29,548,663,3934,985,30,13,4455,14,15,1209,176,178,180,179,181,12],"class_list":{"0":"post-675517","1":"post","2":"type-post","3":"status-publish","4":"format-standard","5":"has-post-thumbnail","7":"category-moenchengladbach","8":"tag-brand","9":"tag-de","10":"tag-deutschland","11":"tag-eu","12":"tag-europa","13":"tag-europe","14":"tag-feuerwehr","15":"tag-germany","16":"tag-headlines","17":"tag-moenchengladbach","18":"tag-nachrichten","19":"tag-news","20":"tag-nordrhein-westfalen","21":"tag-nrw","22":"tag-presse","23":"tag-pressemeldung","24":"tag-pressemitteilung","25":"tag-pressemitteilungen","26":"tag-schlagzeilen"},"share_on_mastodon":{"url":"https:\/\/pubeurope.com\/@de\/115792978896544191","error":""},"_links":{"self":[{"href":"https:\/\/www.europesays.com\/de\/wp-json\/wp\/v2\/posts\/675517","targetHints":{"allow":["GET"]}}],"collection":[{"href":"https:\/\/www.europesays.com\/de\/wp-json\/wp\/v2\/posts"}],"about":[{"href":"https:\/\/www.europesays.com\/de\/wp-json\/wp\/v2\/types\/post"}],"author":[{"embeddable":true,"href":"https:\/\/www.europesays.com\/de\/wp-json\/wp\/v2\/users\/2"}],"replies":[{"embeddable":true,"href":"https:\/\/www.europesays.com\/de\/wp-json\/wp\/v2\/comments?post=675517"}],"version-history":[{"count":0,"href":"https:\/\/www.europesays.com\/de\/wp-json\/wp\/v2\/posts\/675517\/revisions"}],"wp:featuredmedia":[{"embeddable":true,"href":"https:\/\/www.europesays.com\/de\/wp-json\/wp\/v2\/media\/675518"}],"wp:attachment":[{"href":"https:\/\/www.europesays.com\/de\/wp-json\/wp\/v2\/media?parent=675517"}],"wp:term":[{"taxonomy":"category","embeddable":true,"href":"https:\/\/www.europesays.com\/de\/wp-json\/wp\/v2\/categories?post=675517"},{"taxonomy":"post_tag","embeddable":true,"href":"https:\/\/www.europesays.com\/de\/wp-json\/wp\/v2\/tags?post=675517"}],"curies":[{"name":"wp","href":"https:\/\/api.w.org\/{rel}","templated":true}]}}