{"id":675551,"date":"2025-12-27T19:03:18","date_gmt":"2025-12-27T19:03:18","guid":{"rendered":"https:\/\/www.europesays.com\/de\/675551\/"},"modified":"2025-12-27T19:03:18","modified_gmt":"2025-12-27T19:03:18","slug":"eu-kommission-bewertet-neues-einreisesystem-positiv","status":"publish","type":"post","link":"https:\/\/www.europesays.com\/de\/675551\/","title":{"rendered":"EU-Kommission bewertet neues Einreisesystem positiv"},"content":{"rendered":"<p>Publiziert27. Dezember 2025, 15:39<\/p>\n<p>Grenzkontrollen: EU zieht positive Bilanz zum neuen Einreisesystem<\/p>\n<p>Mehr als 13,3 Millionen Ein- und Ausreisen, Tausende Verweigerungen und aufgedeckte Betrugsf\u00e4lle: Die EU-Kommission sieht das neue Einreisesystem auf Kurs.<\/p>\n<p><img loading=\"lazy\" decoding=\"async\" src=\"https:\/\/www.europesays.com\/de\/wp-content\/uploads\/2025\/12\/9b7e520d-33ae-4770-bed5-020ddf0f7008.jpg\" alt=\"Noch wird das System nicht \u00fcberall genutzt.\" title=\"Noch wird das System nicht \u00fcberall genutzt.\"  width=\"1200\" height=\"800\"\/><\/p>\n<p>Noch wird das System nicht \u00fcberall genutzt.<\/p>\n<p>Virginia Mayo\/AP\/dpa (Symbolbild)<\/p>\n<p>Rund zweieinhalb Monate nach der Einf\u00fchrung eines neuen Einreisesystems f\u00fcr Nicht-EU-B\u00fcrger zieht die EU-Kommission eine positive Bilanz. Bislang seien rund 100 F\u00e4lle von Identit\u00e4tsbetrug mithilfe des Ein- und Ausreisesystems (Entry-Exit-System \u2013 EES)aufgedeckt worden, hie\u00df es von der Br\u00fcsseler Beh\u00f6rde.<\/p>\n<p>Demnach seien mehr als 13,3 Millionen Ein- und Ausreisen im System erfasst worden, davon 60 Prozent mittels biometrischer Daten. Bis Mitte Dezember seien nahezu 7000 Einreiseverweigerungen verzeichnet worden.<\/p>\n<p>Neues System seit Mitte Oktober<\/p>\n<p>EU-Migrationskommissar Magnus Brunner sagte, dass System bringe moderne Technik an die EU-Au\u00dfengrenzen, verhindere Einreisen mit gef\u00e4lschten Dokumenten oder falschen Identit\u00e4ten und unterst\u00fctze die Grenzbeh\u00f6rden bei ihrer Arbeit. \u00abSo wissen wir, wer aus Drittstaaten kommt, wann diese Personen Europa betreten und wann sie die EU wieder verlassen.\u00bb<\/p>\n<p>Seit dem 12. Oktober wird an den EU-Grenz\u00fcberg\u00e4ngen das neue Verfahren schrittweise eingef\u00fchrt. Nicht-EU-B\u00fcrgerinnen und -B\u00fcrger k\u00f6nnen sich dabei elektronisch an speziellen Schaltern registrieren. Ausnahmen gibt es dabei etwa f\u00fcr Menschen, die eine Aufenthaltskarte besitzen und in unmittelbarer Beziehung zu einem EU-B\u00fcrger stehen. F\u00fcr luxmburgische Staatsangeh\u00f6rige oder Staatsangeh\u00f6rige anderer EU-L\u00e4nder \u00e4ndert sich nichts.<\/p>\n<p>Einreisende m\u00fcssen laut EU neben den \u00fcblichen Angaben aus dem Reisepass auch biometrische Daten \u2013 also Fingerabdr\u00fccke und Gesichtsbilder \u2013 machen und speichern lassen. Ab dem 10. April 2026 soll das System an allen \u00dcbergangsstellen europ\u00e4ischer Au\u00dfengrenzen funktionieren. Dann soll auch der Stempel im Pass Geschichte sein. Man sei klar im Zeitplan, hie\u00df es nun von der EU-Kommission.<\/p>\n<p>Folgst Du uns schon auf WhatsApp?<\/p>\n<p>Abonniere unseren Kanal, aktiviere die kleine \ud83d\udd14 und erhalte eine <strong>News-\u00dcbersicht<\/strong> sowie spannende Storys und Unterhaltung <strong>zum Feierabend<\/strong>.<\/p>\n<p>(dpa)<\/p>\n","protected":false},"excerpt":{"rendered":"Publiziert27. Dezember 2025, 15:39 Grenzkontrollen: EU zieht positive Bilanz zum neuen Einreisesystem Mehr als 13,3 Millionen Ein- und&hellip;\n","protected":false},"author":2,"featured_media":675552,"comment_status":"","ping_status":"","sticky":false,"template":"","format":"standard","meta":{"footnotes":""},"categories":[3933],"tags":[331,332,548,663,158,3934,3935,13,14,15,12],"class_list":{"0":"post-675551","1":"post","2":"type-post","3":"status-publish","4":"format-standard","5":"has-post-thumbnail","7":"category-eu","8":"tag-aktuelle-nachrichten","9":"tag-aktuelle-news","10":"tag-eu","11":"tag-europa","12":"tag-europaeische-union","13":"tag-europe","14":"tag-european-union","15":"tag-headlines","16":"tag-nachrichten","17":"tag-news","18":"tag-schlagzeilen"},"share_on_mastodon":{"url":"https:\/\/pubeurope.com\/@de\/115793089412695230","error":""},"_links":{"self":[{"href":"https:\/\/www.europesays.com\/de\/wp-json\/wp\/v2\/posts\/675551","targetHints":{"allow":["GET"]}}],"collection":[{"href":"https:\/\/www.europesays.com\/de\/wp-json\/wp\/v2\/posts"}],"about":[{"href":"https:\/\/www.europesays.com\/de\/wp-json\/wp\/v2\/types\/post"}],"author":[{"embeddable":true,"href":"https:\/\/www.europesays.com\/de\/wp-json\/wp\/v2\/users\/2"}],"replies":[{"embeddable":true,"href":"https:\/\/www.europesays.com\/de\/wp-json\/wp\/v2\/comments?post=675551"}],"version-history":[{"count":0,"href":"https:\/\/www.europesays.com\/de\/wp-json\/wp\/v2\/posts\/675551\/revisions"}],"wp:featuredmedia":[{"embeddable":true,"href":"https:\/\/www.europesays.com\/de\/wp-json\/wp\/v2\/media\/675552"}],"wp:attachment":[{"href":"https:\/\/www.europesays.com\/de\/wp-json\/wp\/v2\/media?parent=675551"}],"wp:term":[{"taxonomy":"category","embeddable":true,"href":"https:\/\/www.europesays.com\/de\/wp-json\/wp\/v2\/categories?post=675551"},{"taxonomy":"post_tag","embeddable":true,"href":"https:\/\/www.europesays.com\/de\/wp-json\/wp\/v2\/tags?post=675551"}],"curies":[{"name":"wp","href":"https:\/\/api.w.org\/{rel}","templated":true}]}}