{"id":675630,"date":"2025-12-27T19:53:46","date_gmt":"2025-12-27T19:53:46","guid":{"rendered":"https:\/\/www.europesays.com\/de\/675630\/"},"modified":"2025-12-27T19:53:46","modified_gmt":"2025-12-27T19:53:46","slug":"eisbad-strand-und-mysterioese-ente-bayern-stars-feiern-weihnachten-auf-der-ganzen-welt","status":"publish","type":"post","link":"https:\/\/www.europesays.com\/de\/675630\/","title":{"rendered":"Eisbad, Strand und mysteri\u00f6se Ente \u2013 Bayern-Stars feiern Weihnachten auf der ganzen Welt"},"content":{"rendered":"<ol class=\"id-DonaldBreadcrumb lp_west_breadcrumb id-DonaldBreadcrumb--default\" data-k5a-pos=\"west_breadcrumb\">\n<li class=\"id-Breadcrumb-item\"><a href=\"https:\/\/www.merkur.de\/\" class=\"id-Breadcrumb-link\" data-id-ec=\"{\" shn=\"\" textlink=\"\" data-k5a-pos=\"1_startseite\" target=\"_blank\" rel=\"noopener\">Startseite<\/a><\/li>\n<li class=\"id-Breadcrumb-item\"><a href=\"https:\/\/www.merkur.de\/sport\/\" class=\"id-Breadcrumb-link\" data-id-ec=\"{\" shn=\"\" textlink=\"\" data-k5a-pos=\"2_sport\" target=\"_blank\" rel=\"noopener\">Sport<\/a><\/li>\n<li class=\"id-Breadcrumb-item\"><a href=\"https:\/\/www.merkur.de\/sport\/fc-bayern\/\" class=\"id-Breadcrumb-link\" data-id-ec=\"{\" shn=\"\" textlink=\"\" bayern=\"\" data-k5a-pos=\"3_fcBayern\" target=\"_blank\" rel=\"noopener\">FC Bayern<\/a><\/li>\n<\/ol>\n<p class=\"id-Story-timestamp id-Story-timestamp--default\">Stand: 27.12.2025, 19:02 Uhr<\/p>\n<p class=\"id-Story-authors id-Story-authors--default\">Von: <a class=\"id-Story-authors-link lp_west_author\" href=\"https:\/\/www.merkur.de\/autor\/philipp-kuserau-vc2f6pr7o.html\" title=\"Zur Autorenseite von Philipp Kuserau\" data-id-ec=\"{\" shn=\"\" author-link=\"\" kuserau=\"\" data-k5a-pos=\"west_author\" target=\"_blank\" rel=\"noopener\">Philipp Kuserau<\/a><\/p>\n<p class=\"id-Story-interactionBar id-Story-interactionBar--default\">DruckenTeilen<\/p>\n<p class=\"id-StoryElement-leadText\">Nach einer erfolgreichen ersten Saisonh\u00e4lfte k\u00f6nnen die Bayern-Stars in der Winterpause die Akkus aufladen und an den verschiedensten Orten der Welt eine besinnliche Weihnachtszeit genie\u00dfen.<\/p>\n<p><img decoding=\"async\" class=\"id-RatioPlaceholder-element wv_story_el_galleryImage\" src=\"https:\/\/www.europesays.com\/de\/wp-content\/uploads\/2025\/12\/40935068-manuel-neuer-R9BG.jpg\" loading=\"lazy\"   height=\"1467\" width=\"1100\" alt=\"Manuel Neuer\"\/>1 \/ 31Da schneit es in M\u00fcnchen seit Jahren endlich mal wieder an Weihnachten und manche Bayern-Stars bekommen dieses seltene Ph\u00e4nomen gar nicht mit. So beispielsweise Manuel Neuer, der offenbar keine Lust auf Schnee hat und dieses Jahr eher Sand unter den F\u00fc\u00dfen bevorzugt.   \u00a9\u00a0Manuel Neuer Instagram<img decoding=\"async\" class=\"id-RatioPlaceholder-element wv_story_el_galleryImage\" src=\"https:\/\/www.europesays.com\/de\/wp-content\/uploads\/2025\/12\/40935082-harry-kane-OqBG.jpg\" loading=\"lazy\"   height=\"1483\" width=\"1100\" alt=\"Harry Kane\"\/>2 \/ 31Tor-Maschine Harry Kane hat es ebenfalls in die Ferne gezogen, wenn auch er mit Sicherheit nicht \u00fcber zu wenig Schnee geklagt hat.     \u00a9\u00a0Harry Kane Instagram<img decoding=\"async\" class=\"id-RatioPlaceholder-element wv_story_el_galleryImage\" src=\"https:\/\/www.europesays.com\/de\/wp-content\/uploads\/2025\/12\/40935072-harry-kane-O4BG.jpg\" loading=\"lazy\"   height=\"1114\" width=\"1100\" alt=\"Harry Kane\"\/>3 \/ 31Wie der Engl\u00e4nder auf Instagram mitteilte, stand f\u00fcr ihn und seine Familie eine Reise ins finnische Lappland auf dem Programm.  \u00a9\u00a0Harry Kane Instagram<img decoding=\"async\" class=\"id-RatioPlaceholder-element wv_story_el_galleryImage\" src=\"https:\/\/www.europesays.com\/de\/wp-content\/uploads\/2025\/12\/40935073-harry-kane-REBG.jpg\" loading=\"lazy\"   height=\"1166\" width=\"1100\" alt=\"Harry Kane\"\/>4 \/ 31Dort gibt es bekanntlich reichlich Schnee \u2026 und Rentiere, die einen durch das malerische Lappland ziehen.  \u00a9\u00a0Harry Kane Instagram<img decoding=\"async\" class=\"id-RatioPlaceholder-element wv_story_el_galleryImage\" src=\"https:\/\/www.europesays.com\/de\/wp-content\/uploads\/2025\/12\/40935074-harry-kane-OZBG.jpg\" loading=\"lazy\"   height=\"1166\" width=\"1100\" alt=\"Harry Kane\"\/>5 \/ 31Die Kinder vom Kapit\u00e4n der englischen Nationalmannschaft waren auch mit dabei.  \u00a9\u00a0Harry Kane Instagram<img decoding=\"async\" class=\"id-RatioPlaceholder-element wv_story_el_galleryImage\" src=\"https:\/\/www.europesays.com\/de\/wp-content\/uploads\/2025\/12\/40935075-harry-kane-NCBG.jpg\" loading=\"lazy\"   height=\"1166\" width=\"1100\" alt=\"Harry Kane\"\/>6 \/ 31Und hatten offenbar sichtlich Spa\u00df im Schnee \u2013 auch wenn es den dieses Jahr in M\u00fcnchen ebenfalls gegeben h\u00e4tte.  \u00a9\u00a0Harry Kane Instagram<img decoding=\"async\" class=\"id-RatioPlaceholder-element wv_story_el_galleryImage\" src=\"https:\/\/www.europesays.com\/de\/wp-content\/uploads\/2025\/12\/40935080-harry-kane-PJBG.jpg\" loading=\"lazy\"   height=\"1174\" width=\"1100\" alt=\"Harry Kane\"\/>7 \/ 31Was es in der bayerischen Landeshauptstadt eher nicht gibt: Polarlichter. Auch dieses beeindruckende Bild des Naturspektakels postete Kane auf Instgram.  \u00a9\u00a0Harry Kane Instagram<img decoding=\"async\" class=\"id-RatioPlaceholder-element wv_story_el_galleryImage\" src=\"https:\/\/www.europesays.com\/de\/wp-content\/uploads\/2025\/12\/40935081-harry-kane-OXBG.jpg\" loading=\"lazy\"   height=\"1174\" width=\"1100\" alt=\"Harry Kane\"\/>8 \/ 31Ebenso wie diese sehr nahe Bekanntschaft mit einem Rentier.  \u00a9\u00a0Harry Kane Instagram<img decoding=\"async\" class=\"id-RatioPlaceholder-element wv_story_el_galleryImage\" src=\"https:\/\/www.europesays.com\/de\/wp-content\/uploads\/2025\/12\/40935077-harry-kane-NNBG.jpg\" loading=\"lazy\"   height=\"1166\" width=\"1100\" alt=\"Harry Kane\"\/>9 \/ 31Doch \u00e4hnlich wie die Bayern-Stars im Winterurlaub ben\u00f6tigen auch die tierischen Begleiter mal eine Verschnaufpause.    \u00a9\u00a0Harry Kane Instagram<img decoding=\"async\" class=\"id-RatioPlaceholder-element wv_story_el_galleryImage\" src=\"https:\/\/www.europesays.com\/de\/wp-content\/uploads\/2025\/12\/40935076-harry-kane-PkBG.jpg\" loading=\"lazy\"   height=\"1166\" width=\"1100\" alt=\"Harry Kane\"\/>10 \/ 31Am Abend wurde es dann bei Familie Kane m\u00e4rchenhaft weihnachtlich.   \u00a9\u00a0Harry Kane Instagram<img decoding=\"async\" class=\"id-RatioPlaceholder-element wv_story_el_galleryImage\" src=\"https:\/\/www.europesays.com\/de\/wp-content\/uploads\/2025\/12\/40935078-harry-kane-NDBG.jpg\" loading=\"lazy\"   height=\"1166\" width=\"1100\" alt=\"Harry Kane\"\/>11 \/ 31Und ein fein geschm\u00fcckter Weihnachtsbaum durfte bei den Kanes nat\u00fcrlich auch nicht fehlen.  \u00a9\u00a0Harry Kane Instagram<img decoding=\"async\" class=\"id-RatioPlaceholder-element wv_story_el_galleryImage\" src=\"https:\/\/www.europesays.com\/de\/wp-content\/uploads\/2025\/12\/40935107-josip-stanisic-P5BG.jpg\" loading=\"lazy\"   height=\"1604\" width=\"1100\" alt=\"Josip Stanisic\"\/>12 \/ 31Andere Bayern-Stars nutzen die besinnliche Zeit, um anderen eine Freude zu machen. So beispielsweise Josip Stanisic.  \u00a9\u00a0Josip Stanisic Instagram<img decoding=\"async\" class=\"id-RatioPlaceholder-element wv_story_el_galleryImage\" src=\"https:\/\/www.europesays.com\/de\/wp-content\/uploads\/2025\/12\/40935106-josip-stanisic-QqBG.jpg\" loading=\"lazy\"   height=\"1604\" width=\"1100\" alt=\"Josip Stanisic\"\/>13 \/ 31Das M\u00fcnchner Abwehr-Ass besuchte schwerkranke Kinder auf einer Krebsstation in M\u00fcnchen.   \u00a9\u00a0Josip Stanisic Instagram<img decoding=\"async\" class=\"id-RatioPlaceholder-element wv_story_el_galleryImage\" src=\"https:\/\/www.europesays.com\/de\/wp-content\/uploads\/2025\/12\/40935104-josip-stanisic-PPBG.jpg\" loading=\"lazy\"   height=\"1604\" width=\"1100\" alt=\"Josip Stanisic\"\/>14 \/ 31Stanisic erfreute die kleinen Patienten kurz vor Weihnachten allerdings nicht nur mit seiner Anwesenheit, sondern verteilte auch flei\u00dfig Geschenke. Eine starke und r\u00fchrende Aktion des kroatischen Nationalspielers.  \u00a9\u00a0Josip Stanisic Instagram<img decoding=\"async\" class=\"id-RatioPlaceholder-element wv_story_el_galleryImage\" src=\"https:\/\/www.europesays.com\/de\/wp-content\/uploads\/2025\/12\/40935128-luis-diaz-PRBG.jpg\" loading=\"lazy\"   height=\"1604\" width=\"1100\" alt=\"Luis Diaz\"\/>15 \/ 31Auch Bayerns Fl\u00fcgelflitzer Luis Diaz konnte die Weihnachtszeit mit seinen Liebsten verbringen.  \u00a9\u00a0Luis Diaz Instagram<img decoding=\"async\" class=\"id-RatioPlaceholder-element wv_story_el_galleryImage\" src=\"https:\/\/www.europesays.com\/de\/wp-content\/uploads\/2025\/12\/40935129-luis-diaz-PlBG.jpg\" loading=\"lazy\"   height=\"1604\" width=\"1100\" alt=\"Luis Diaz\"\/>16 \/ 31Familienbilder vor dem geschm\u00fcckten Weihnachtsbaum gehen immer. So auch beim Kolumbianer.  \u00a9\u00a0Luis Diaz Instagram<img decoding=\"async\" class=\"id-RatioPlaceholder-element wv_story_el_galleryImage\" src=\"https:\/\/www.europesays.com\/de\/wp-content\/uploads\/2025\/12\/40935085-luis-diaz-OkBG.jpg\" loading=\"lazy\"   height=\"1611\" width=\"1100\" alt=\"Luis Diaz\"\/>17 \/ 31Luis, seine Frau Gera und eine der beiden gemeinsamen T\u00f6chter strahlen jedenfalls vor Freude.  \u00a9\u00a0Luis Diaz Instagram<img decoding=\"async\" class=\"id-RatioPlaceholder-element wv_story_el_galleryImage\" src=\"https:\/\/www.europesays.com\/de\/wp-content\/uploads\/2025\/12\/40935084-luis-diaz-PUBG.jpg\" loading=\"lazy\"   height=\"1611\" width=\"1100\" alt=\"Luis Diaz\"\/>18 \/ 31Ein P\u00e4rchenbild muss allerdings auch drin sein.  \u00a9\u00a0Luis Diaz Instagram<img decoding=\"async\" class=\"id-RatioPlaceholder-element wv_story_el_galleryImage\" src=\"https:\/\/www.europesays.com\/de\/wp-content\/uploads\/2025\/12\/40935083-luis-diaz-NTBG.jpg\" loading=\"lazy\"   height=\"1487\" width=\"1100\" alt=\"Luis Diaz\"\/>19 \/ 31Material f\u00fcrs Familienalbum! Diesmal schafft es auch die j\u00fcngere Tochter mit aufs Bild.  \u00a9\u00a0Luis Diaz Instagram<img decoding=\"async\" class=\"id-RatioPlaceholder-element wv_story_el_galleryImage\" src=\"https:\/\/www.europesays.com\/de\/wp-content\/uploads\/2025\/12\/40935086-luis-diaz-NSBG.jpg\" loading=\"lazy\"   height=\"1611\" width=\"1100\" alt=\"Luis Diaz\"\/>20 \/ 31Auf einem weiteren Bild d\u00fcrfen dann auch die weiteren Familienmitglieder mit dabei sein.   \u00a9\u00a0Luis Diaz Instagram<img decoding=\"async\" class=\"id-RatioPlaceholder-element wv_story_el_galleryImage\" src=\"https:\/\/www.europesays.com\/de\/wp-content\/uploads\/2025\/12\/40935070-jamal-musiala-PSBG.jpg\" loading=\"lazy\"   height=\"1382\" width=\"1100\" alt=\"Jamal Musiala\"\/>21 \/ 31Jamal Musiala und seine Familie machten dagegen einen Winter-Ausflug in die K\u00e4lte.  \u00a9\u00a0Jamal Musiala Instagram<img decoding=\"async\" class=\"id-RatioPlaceholder-element wv_story_el_galleryImage\" src=\"https:\/\/www.europesays.com\/de\/wp-content\/uploads\/2025\/12\/40935071-jamal-musiala-PvBG.jpg\" loading=\"lazy\"   height=\"1404\" width=\"1100\" alt=\"Jamal Musiala\"\/>22 \/ 31Welche Rolle dabei die drei Enten gespielt haben, ist bislang nicht \u00fcberliefert. Jamal Musiala teilte das Bild jedoch ebenfalls bei Instagram.   \u00a9\u00a0Jamal Musiala Instagram<img decoding=\"async\" class=\"id-RatioPlaceholder-element wv_story_el_galleryImage\" src=\"https:\/\/www.europesays.com\/de\/wp-content\/uploads\/2025\/12\/40935562-joshua-kimmich-im-eisbad-2ux8QdBwapBG.jpg\" loading=\"lazy\"   height=\"619\" width=\"1100\" alt=\"Joshua Kimmich im Eisbad.\"\/>23 \/ 31Design ohne Titel (3).png \u00a9\u00a0Instagram: Joshua Kimmich. <img decoding=\"async\" class=\"id-RatioPlaceholder-element wv_story_el_galleryImage\" src=\"https:\/\/www.europesays.com\/de\/wp-content\/uploads\/2025\/12\/40935563-kimmich-im-schnee-2yWRlTF98JBG.jpg\" loading=\"lazy\"   height=\"619\" width=\"1100\" alt=\"Kimmich im Schnee.\"\/>24 \/ 31Anschlie\u00dfend posiert Kimmich stolz im Schnee. Nun aber mit dickem Wintermantel. \u00a9\u00a0Instagram: Joshua Kimmich.<img decoding=\"async\" class=\"id-RatioPlaceholder-element wv_story_el_galleryImage\" src=\"https:\/\/www.europesays.com\/de\/wp-content\/uploads\/2025\/12\/40935565-jonathan-tah-posiert-im-schnee-2scqCFCKlgBG.jpg\" loading=\"lazy\"   height=\"619\" width=\"1100\" alt=\"Jonathan Tah posiert im Schnee.\"\/>25 \/ 31Auch Jonathan Tah genie\u00dft den Schnee. Anders als Bayern-Kollege Kimmich aber deutlich dicker angezogen. \u00a9\u00a0Instagram: Jonathan Tah.<img decoding=\"async\" class=\"id-RatioPlaceholder-element wv_story_el_galleryImage\" src=\"https:\/\/www.europesays.com\/de\/wp-content\/uploads\/2025\/12\/40935567-tah-im-schnee-mit-hund-3vHzmVMygZBG.jpg\" loading=\"lazy\"   height=\"619\" width=\"1100\" alt=\"Tah im Schnee mit Hund.\"\/>26 \/ 31Begleitet wurde der deutsche Nationalspieler dabei von seinen beiden Hunden. \u00a9\u00a0Instagram: Jonathan Tah.<img decoding=\"async\" class=\"id-RatioPlaceholder-element wv_story_el_galleryImage\" src=\"https:\/\/www.europesays.com\/de\/wp-content\/uploads\/2025\/12\/40935564-luisa-und-jonathan-tah-im-schnee-mit-hunden-2ohrCsG4XUBG.jpg\" loading=\"lazy\"   height=\"619\" width=\"1100\" alt=\"Luisa und Jonathan Tah im Schnee mit Hunden\"\/>27 \/ 31Frau Luisa Tah, mit der der Innenverteidiger seit 2023 verheiratet ist, darf nat\u00fcrlich auch nicht fehlen. \u00a9\u00a0Instagram: Jonathan Tah<img decoding=\"async\" class=\"id-RatioPlaceholder-element wv_story_el_galleryImage\" src=\"https:\/\/www.europesays.com\/de\/wp-content\/uploads\/2025\/12\/40935089-thomas-mueller-QfBG.jpg\" loading=\"lazy\"   height=\"1453\" width=\"1100\" alt=\"Thomas M&#xFC;ller \"\/>28 \/ 31Ur-Bayer Thomas M\u00fcller zog es in der Weihnachtszeit von Kanada zur\u00fcck in die bayerische Heimat. Am Vorweihnachtsabend g\u00f6nnte er sich ein Spiel der Bayern-Basketballer.  \u00a9\u00a0Thomas M\u00fcller Instagram<img decoding=\"async\" class=\"id-RatioPlaceholder-element wv_story_el_galleryImage\" src=\"https:\/\/www.europesays.com\/de\/wp-content\/uploads\/2025\/12\/40935087-bastian-schweinsteiger-QFBG.jpg\" loading=\"lazy\"   height=\"1373\" width=\"1100\" alt=\"Bastian Schweinsteiger\"\/>29 \/ 31Etwas weihnachtlicher ging es da bei Bayern-Legende Bastian Schweinsteiger zu, der von einem festlich dekorierten Weihnachtsbaum angestrahlt wird.  \u00a9\u00a0Bastian Schweinsteiger Instagram<img decoding=\"async\" class=\"id-RatioPlaceholder-element wv_story_el_galleryImage\" src=\"https:\/\/www.europesays.com\/de\/wp-content\/uploads\/2025\/12\/40935088-philipp-lahm-OOBG.jpg\" loading=\"lazy\"   height=\"1460\" width=\"1100\" alt=\"Philipp Lahm\"\/>30 \/ 31Auch FCB-Legende Philipp Lahm lie\u00df es sich nicht nehmen, mit seinen Fans einen famili\u00e4ren Weihnachts-Einblick zu teilen. Sein Sohn scheint dabei ein gro\u00dfer Fan von Luis Diaz zu sein.  \u00a9\u00a0Philipp Lahm Instagram<img decoding=\"async\" class=\"id-RatioPlaceholder-element wv_story_el_galleryImage\" src=\"https:\/\/www.europesays.com\/de\/wp-content\/uploads\/2025\/12\/40935573-familie-coman-in-rot-QtBG.jpg\" loading=\"lazy\"   height=\"619\" width=\"1100\" alt=\"Familie Coman in rot.\"\/>31 \/ 31Ex-Bayern-Star Kingsley Coman kann die Farbe rot offenbar einfach nicht vergessen. Nur sein Sohn zeigt sich in einem grauen Anzug. \u00a9\u00a0Instagram: Kingsley Coman<\/p>\n","protected":false},"excerpt":{"rendered":"Startseite Sport FC Bayern Stand: 27.12.2025, 19:02 Uhr Von: Philipp Kuserau DruckenTeilen Nach einer erfolgreichen ersten Saisonh\u00e4lfte k\u00f6nnen&hellip;\n","protected":false},"author":2,"featured_media":675631,"comment_status":"","ping_status":"","sticky":false,"template":"","format":"standard","meta":{"footnotes":""},"categories":[136],"tags":[29,30,265],"class_list":{"0":"post-675630","1":"post","2":"type-post","3":"status-publish","4":"format-standard","5":"has-post-thumbnail","7":"category-sport","8":"tag-deutschland","9":"tag-germany","10":"tag-sport"},"share_on_mastodon":{"url":"https:\/\/pubeurope.com\/@de\/115793287569971681","error":""},"_links":{"self":[{"href":"https:\/\/www.europesays.com\/de\/wp-json\/wp\/v2\/posts\/675630","targetHints":{"allow":["GET"]}}],"collection":[{"href":"https:\/\/www.europesays.com\/de\/wp-json\/wp\/v2\/posts"}],"about":[{"href":"https:\/\/www.europesays.com\/de\/wp-json\/wp\/v2\/types\/post"}],"author":[{"embeddable":true,"href":"https:\/\/www.europesays.com\/de\/wp-json\/wp\/v2\/users\/2"}],"replies":[{"embeddable":true,"href":"https:\/\/www.europesays.com\/de\/wp-json\/wp\/v2\/comments?post=675630"}],"version-history":[{"count":0,"href":"https:\/\/www.europesays.com\/de\/wp-json\/wp\/v2\/posts\/675630\/revisions"}],"wp:featuredmedia":[{"embeddable":true,"href":"https:\/\/www.europesays.com\/de\/wp-json\/wp\/v2\/media\/675631"}],"wp:attachment":[{"href":"https:\/\/www.europesays.com\/de\/wp-json\/wp\/v2\/media?parent=675630"}],"wp:term":[{"taxonomy":"category","embeddable":true,"href":"https:\/\/www.europesays.com\/de\/wp-json\/wp\/v2\/categories?post=675630"},{"taxonomy":"post_tag","embeddable":true,"href":"https:\/\/www.europesays.com\/de\/wp-json\/wp\/v2\/tags?post=675630"}],"curies":[{"name":"wp","href":"https:\/\/api.w.org\/{rel}","templated":true}]}}