{"id":675687,"date":"2025-12-27T20:30:27","date_gmt":"2025-12-27T20:30:27","guid":{"rendered":"https:\/\/www.europesays.com\/de\/675687\/"},"modified":"2025-12-27T20:30:27","modified_gmt":"2025-12-27T20:30:27","slug":"mann-nach-stalking-vorwurf-in-mansfeld-suedharz-in-u-haft","status":"publish","type":"post","link":"https:\/\/www.europesays.com\/de\/675687\/","title":{"rendered":"Mann nach Stalking-Vorwurf in Mansfeld-S\u00fcdharz in U-Haft"},"content":{"rendered":"<p class=\"text\">\nIm Landkreis <a href=\"https:\/\/www.mdr.de\/nachrichten\/sachsen-anhalt\/halle\/mansfeld\/mansfeld-108.html\" title=\"Mansfeld-S\u00fcdharz, Saalekreis und Harz | Nachrichten und aktuelle Informationen\" target=\"_blank\" rel=\"noopener\">Mansfeld-S\u00fcdharz<\/a> sitzt ein Mann wegen des Verdachts auf h\u00e4usliche Gewalt und Stalking in Untersuchungshaft. Das entschied ein Haftrichter, wie die Polizei mitteilte. Der Mann befindet sich demnach in der Justizvollzugsanstalt in Halle. Er soll am ersten Weihnachtsfeiertag mit seinem Auto mit hoher Geschwindigkeit auf mehrere Fu\u00dfg\u00e4nger zugefahren sein. Laut Polizei konnten die Betroffenen nur durch Ausweichen eine Kollision verhindern. Verletzt wurde niemand.\n<\/p>\n<p class=\"text\">\nNach dem Vorfall entfernte sich der Mann zun\u00e4chst vom Ort des Geschehens. Im Rahmen einer Fahndung wurde er wenig sp\u00e4ter gestellt. Bei der Festnahme stellten die Einsatzkr\u00e4fte Anzeichen f\u00fcr Alkoholkonsum fest. Zun\u00e4chst verbrachte der Mann die Nacht im Polizeigewahrsam, anschlie\u00dfend wurde er einem Haftrichter vorgef\u00fchrt, der Untersuchungshaft anordnete.<\/p>\n","protected":false},"excerpt":{"rendered":"Im Landkreis Mansfeld-S\u00fcdharz sitzt ein Mann wegen des Verdachts auf h\u00e4usliche Gewalt und Stalking in Untersuchungshaft. Das entschied&hellip;\n","protected":false},"author":2,"featured_media":675688,"comment_status":"","ping_status":"","sticky":false,"template":"","format":"standard","meta":{"footnotes":""},"categories":[5],"tags":[331,332,6789,3364,29,156898,156899,30,17164,6452,13,81,14,15,70856,121,6211,860,12,34266],"class_list":{"0":"post-675687","1":"post","2":"type-post","3":"status-publish","4":"format-standard","5":"has-post-thumbnail","7":"category-nachrichten","8":"tag-aktuelle-nachrichten","9":"tag-aktuelle-news","10":"tag-alkohol","11":"tag-de","12":"tag-deutschland","13":"tag-gefaehrderansprache","14":"tag-gefaehrdetenansprachen","15":"tag-germany","16":"tag-gewalt-gegen-frauen","17":"tag-haeusliche-gewalt","18":"tag-headlines","19":"tag-mdr","20":"tag-nachrichten","21":"tag-news","22":"tag-opferschutz","23":"tag-polizei","24":"tag-regionalportal","25":"tag-sachsen-anhalt","26":"tag-schlagzeilen","27":"tag-stalking"},"share_on_mastodon":{"url":"https:\/\/pubeurope.com\/@de\/115793430011654095","error":""},"_links":{"self":[{"href":"https:\/\/www.europesays.com\/de\/wp-json\/wp\/v2\/posts\/675687","targetHints":{"allow":["GET"]}}],"collection":[{"href":"https:\/\/www.europesays.com\/de\/wp-json\/wp\/v2\/posts"}],"about":[{"href":"https:\/\/www.europesays.com\/de\/wp-json\/wp\/v2\/types\/post"}],"author":[{"embeddable":true,"href":"https:\/\/www.europesays.com\/de\/wp-json\/wp\/v2\/users\/2"}],"replies":[{"embeddable":true,"href":"https:\/\/www.europesays.com\/de\/wp-json\/wp\/v2\/comments?post=675687"}],"version-history":[{"count":0,"href":"https:\/\/www.europesays.com\/de\/wp-json\/wp\/v2\/posts\/675687\/revisions"}],"wp:featuredmedia":[{"embeddable":true,"href":"https:\/\/www.europesays.com\/de\/wp-json\/wp\/v2\/media\/675688"}],"wp:attachment":[{"href":"https:\/\/www.europesays.com\/de\/wp-json\/wp\/v2\/media?parent=675687"}],"wp:term":[{"taxonomy":"category","embeddable":true,"href":"https:\/\/www.europesays.com\/de\/wp-json\/wp\/v2\/categories?post=675687"},{"taxonomy":"post_tag","embeddable":true,"href":"https:\/\/www.europesays.com\/de\/wp-json\/wp\/v2\/tags?post=675687"}],"curies":[{"name":"wp","href":"https:\/\/api.w.org\/{rel}","templated":true}]}}