{"id":675698,"date":"2025-12-27T20:39:28","date_gmt":"2025-12-27T20:39:28","guid":{"rendered":"https:\/\/www.europesays.com\/de\/675698\/"},"modified":"2025-12-27T20:39:28","modified_gmt":"2025-12-27T20:39:28","slug":"dwd-veroeffentlicht-warnung-vor-frost-und-glaette","status":"publish","type":"post","link":"https:\/\/www.europesays.com\/de\/675698\/","title":{"rendered":"DWD ver\u00f6ffentlicht Warnung vor Frost und Gl\u00e4tte"},"content":{"rendered":"<p>Frost und Gl\u00e4tte <\/p>\n<p>Eiskalte Nacht: Amtliche Warnung f\u00fcr N\u00fcrnberg ver\u00f6ffentlicht<\/p>\n<p>Aktualisiert am 21.11.2025Lesedauer: 1 Min.<\/p>\n<p><a href=\"#focus-0\" class=\"transition-colors duration-200 block text-current relative\" data-sctrack=\"FocusGalleryImage.Reference\"><img fetchpriority=\"high\" data-testid=\"Opener.Image\" style=\"--lqipURL:url('https:\/\/images.t-online.de\/2025\/09\/KkzK1CXEwFSG\/0x210:4000x2250\/fit-in\/150x0\/filters:blur(25)\/frostiger-morgen-am-2-weihnachtsfeiertag-nuernberg-26-122024-wintermorgen-am-woehrder-see-in-nuernberg-mit-leichtem-frost-auf-den-holzplanken-des-gehwegs-der-sandstrand-erstreckt-sich-entlang-des-sees-der-ruhig-die-umgebung-spiegelt-im-hintergrund-ist-der-markante-business-tower-zu-sehen-umgeben-von-kahlen-baeumen-nuernberg-bayern-deutschland-frosty-morning-on-boxing-day-nuremberg-26-12-2024-winter-morning-at-woehrder-see-in-nuremberg-with-light-frost-on-the-wooden-planks-of-the-sidewalk-the-sandy.jpg')\"   loading=\"eager\" src=\"https:\/\/www.europesays.com\/de\/wp-content\/uploads\/2025\/11\/frostiger-morgen-am-2-weihnachtsfeiertag-nuernberg-26-122024-wintermorgen-am-woehrder-see-in-nuernbe.jpeg\" alt=\"imago images 0788853357\" title=\"imago images 0788853357\" width=\"4000\" height=\"2250\" class=\"bg-[url:var(--lqipURL)] bg-cover bg-center flex h-full w-full max-w-full\" decoding=\"async\"\/><img style=\"--width:32;--height:32\" loading=\"lazy\" src=\"https:\/\/nuernberg.t-online.de\/s\/paper\/_next\/static\/media\/zoom-in.f7dae02f.svg\" alt=\"Vergr\u00f6\u00dfern des Bildes\" title=\"Vergr\u00f6\u00dfern des Bildes\" class=\"block h-[calc(var(--height)_\/_16_*_1rem)] w-[calc(var(--width)_\/_16_*_1rem)] max-w-none absolute bottom-8 right-8 rounded-4 bg-snow p-8\" decoding=\"async\"\/><\/a><\/p>\n<p>Frostiger Morgen am W\u00f6hrder See (Archivbild): Meteorologen warnen in Franken vor Gl\u00e4tte (Quelle: IMAGO\/Ardan Fuessmann\/imago)<\/p>\n<p class=\"font-bold text-18 leading-17\">Die Temperaturen fallen in der Nacht weit unter den Gefrierpunkt. Der Wetterdienst reagiert \u2013 und hat eine Warnung f\u00fcr das N\u00fcrnberger Stadtgebiet herausgegeben.<\/p>\n<p class=\"text-18 leading-17\">Der Deutsche Wetterdienst (DWD) warnt f\u00fcr N\u00fcrnberg vor Frost und Gl\u00e4tte. Die amtliche Frostwarnung gilt von Samstag, 17 Uhr, bis Sonntag, 10 Uhr. In diesem Zeitraum werden Temperaturen zwischen minus ein und minus f\u00fcnf Grad erwartet.<\/p>\n<p class=\"text-18 leading-17\">Zus\u00e4tzlich besteht von Samstag, 22 Uhr, bis Sonntagvormittag vereinzelt Gl\u00e4ttegefahr, etwa durch Reif oder gefrierende N\u00e4sse.<\/p>\n<p class=\"text-18 leading-17\">Der Temperaturausblick zeigt: Der Samstag startet mit minus vier Grad, tags\u00fcber steigen die Werte auf bis zu f\u00fcnf Grad. In der Nacht zum Sonntag sinkt die Temperatur erneut auf minus zwei bis minus drei Grad. Besonders kalt wird es in der Nacht zum Montag, dann sind in N\u00fcrnberg bis zu minus neun Grad m\u00f6glich.<\/p>\n","protected":false},"excerpt":{"rendered":"Frost und Gl\u00e4tte Eiskalte Nacht: Amtliche Warnung f\u00fcr N\u00fcrnberg ver\u00f6ffentlicht Aktualisiert am 21.11.2025Lesedauer: 1 Min. Frostiger Morgen am&hellip;\n","protected":false},"author":2,"featured_media":675699,"comment_status":"","ping_status":"","sticky":false,"template":"","format":"standard","meta":{"footnotes":"","_share_on_mastodon":"0"},"categories":[1837],"tags":[772,3364,29,4906,4348,141740,30,42751,3783,6848,19288],"class_list":["post-675698","post","type-post","status-publish","format-standard","has-post-thumbnail","category-nuernberg","tag-bayern","tag-de","tag-deutschland","tag-dwd","tag-franken","tag-gefrierpunkt","tag-germany","tag-glaette","tag-nuernberg","tag-temperatur","tag-woehrder-see"],"share_on_mastodon":{"url":"https:\/\/pubeurope.com\/@de\/115793466228217900","error":""},"_links":{"self":[{"href":"https:\/\/www.europesays.com\/de\/wp-json\/wp\/v2\/posts\/675698","targetHints":{"allow":["GET"]}}],"collection":[{"href":"https:\/\/www.europesays.com\/de\/wp-json\/wp\/v2\/posts"}],"about":[{"href":"https:\/\/www.europesays.com\/de\/wp-json\/wp\/v2\/types\/post"}],"author":[{"embeddable":true,"href":"https:\/\/www.europesays.com\/de\/wp-json\/wp\/v2\/users\/2"}],"replies":[{"embeddable":true,"href":"https:\/\/www.europesays.com\/de\/wp-json\/wp\/v2\/comments?post=675698"}],"version-history":[{"count":0,"href":"https:\/\/www.europesays.com\/de\/wp-json\/wp\/v2\/posts\/675698\/revisions"}],"wp:featuredmedia":[{"embeddable":true,"href":"https:\/\/www.europesays.com\/de\/wp-json\/wp\/v2\/media\/675699"}],"wp:attachment":[{"href":"https:\/\/www.europesays.com\/de\/wp-json\/wp\/v2\/media?parent=675698"}],"wp:term":[{"taxonomy":"category","embeddable":true,"href":"https:\/\/www.europesays.com\/de\/wp-json\/wp\/v2\/categories?post=675698"},{"taxonomy":"post_tag","embeddable":true,"href":"https:\/\/www.europesays.com\/de\/wp-json\/wp\/v2\/tags?post=675698"}],"curies":[{"name":"wp","href":"https:\/\/api.w.org\/{rel}","templated":true}]}}