{"id":675761,"date":"2025-12-27T21:38:19","date_gmt":"2025-12-27T21:38:19","guid":{"rendered":"https:\/\/www.europesays.com\/de\/675761\/"},"modified":"2025-12-27T21:38:19","modified_gmt":"2025-12-27T21:38:19","slug":"darts-wm-zwei-deutsche-nationalspieler-ploetzlich-co-kommentator-sport","status":"publish","type":"post","link":"https:\/\/www.europesays.com\/de\/675761\/","title":{"rendered":"Darts-WM: Zwei deutsche Nationalspieler pl\u00f6tzlich Co-Kommentator | Sport"},"content":{"rendered":"<p><b>\u00dcberraschung bei der <\/b><a href=\"https:\/\/www.bild.de\/sport\/mehr-sport\/darts\/startseite-darts-49279462.bild.html\" class=\"text-link\" target=\"_blank\" rel=\"noopener\"><b>Darts-WM<\/b><\/a><b>!<\/b><\/p>\n<p>W\u00e4hrend Ricardo \u201ePikachu\u201c Pietreczko gegen Andreas Harryson ums WM-Achtelfinale k\u00e4mpft, gibt es an den TV-Ger\u00e4ten eine \u00dcberraschung.<\/p>\n<p><b>Nationalspieler Tim Kleindienst ist f\u00fcr die ersten zwei S\u00e4tze als Co-Kommentator am Start! Sp\u00e4ter kommentiert mit Maximilian Beier der zweite Nationalspieler.<\/b><\/p>\n<p>Spannender geht es nicht: DIESES Darts-Match ist der blanke Wahnsinn!<a class=\"anchor video-teaser__anchor\" href=\"https:\/\/www.bild.de\/sport\/mehr-sport\/spannender-geht-es-nicht-dieses-match-ist-der-blanke-wahnsinn-694b92c0f6fc544dba9b2a79\" target=\"_blank\" rel=\"noopener\"><img decoding=\"async\" width=\"992\" height=\"558\" alt=\"\" src=\"https:\/\/www.europesays.com\/de\/wp-content\/uploads\/2025\/12\/ba10c622de5131a1b285ee9f05310274,d28218b1\"   class=\"landscape teaser__image\" loading=\"lazy\"\/><\/a><\/p>\n<p>Quelle: DAZN24.12.2025<\/p>\n<p>Zun\u00e4chst durfte aber Kleindienst ran. Der St\u00fcrmer von Borussia M\u00f6nchengladbach ist seit Jahren gro\u00dfer Darts-Fan. Nun ist er zum ersten Mal im Ally Pally und erf\u00fcllt sich einen Kindheitstraum.<\/p>\n<p>Als er mit Kommentator Elmar Paulke gerade \u00fcber die Partie von Pikachu spricht, huscht Weltmeister <a href=\"https:\/\/www.bild.de\/sport\/mehr-sport\/darts-wm-nach-wie-vor-betrug-joe-cullen-legt-gegen-den-boesi-nach-694fac5bf6fc544dba9b49a2\" class=\"text-link\" target=\"_blank\" rel=\"noopener\">Luke Littler<\/a> an beiden vorbei. Kleindienst ist begeistert und winkt.<\/p>\n<p><b>Da wurde gleich ein weiterer Traum wahr\u00a0\u2026<\/b><\/p>\n<p>Mehr zum Thema<\/p>\n<p>Kleindienst ist derzeit verletzt, erlitt einen R\u00fcckschlag nach einer bereits \u00fcberstandenen, langwierigen Knieverletzung. Am DAZN-Mikro verr\u00e4t er seinen Comeback-Plan. Der Kapit\u00e4n von Borussia M\u00f6nchengladbach: \u201eAls ich etwas von Saisonaus gelesen habe, wollte ich sagen: Um Gottes Willen! Nein, so schlimm ist es nicht. Es ist ungl\u00fccklich gelaufen, gerade nachdem ich zuvor sechs Monate ausgefallen bin. Dann kommt wieder etwas, zwar nichts Gro\u00dfes, aber was trotzdem bereinigt werden muss.\u201c<\/p>\n<p>Und weiter: \u201eEs bringt aber trotzdem eine gewisse Ausfallzeit mit sich. (&#8230;) Ich hoffe, dass es gegen Ende Januar, Mitte Februar so weit wird, dass ich wieder dabei sein kann.\u201c<\/p>\n<p><b>F\u00fcr die Partie von Stephen Bunting gegen James Hurrell gesellte sich dann noch ein zweiter Nationalspieler dazu: Maximilian Beier von Borussia Dortmund!<\/b><\/p>\n<p><img decoding=\"async\" width=\"992\" height=\"558\" alt=\"Maxi Beier im Ally Pally\" src=\"https:\/\/www.europesays.com\/de\/wp-content\/uploads\/2025\/12\/a9857fbcf66071db2474cc3f48c06be4,7c71972\"   class=\"landscape\" loading=\"lazy\"\/><\/p>\n<p class=\"fig__caption__text\">Maxi Beier im Ally Pally<\/p>\n<p>Foto: DAZN<\/p>\n<p>Auch er ist gro\u00dfer Dart-Fan, hat sogar einen werfenden Dartpfeil als Jubel. \u201eWenn ich dran denk, dann mache ich ihn auch\u201c, scherzt er. Beier verr\u00e4t, dass er nahezu jeden Tag selbst spielt. Sein Average: knapp 60 Punkte.<\/p>\n<p>Somit war auch er ein gern gesehener Experte bei DAZN.<\/p>\n<p>Darts-WM: Die Ergebnisse des Tages<\/p>\n<p>Nachmittags:<\/p>\n<p>Wesley Plaisier (NED) \u2013 Krzysztof Ratajski (POL) 3:4<\/p>\n<p>Andrew Gilding (ENG) \u2013 Luke Woodhouse (ENG\/25) 1:4<\/p>\n<p>Jonny Clayton (WAL\/5) \u2014 Niels Zonneveld (NED) 4:3<\/p>\n<p>Abends:<\/p>\n<p>Andreas Harrysson (SWE) \u2013 Ricardo Pietreczko (D) 4:2<\/p>\n<p>Stephen Bunting (ENG\/4) \u2013 James Hurrell<\/p>\n<p>Luke Littler (ENG\/1) \u2013 Mensur Suljovic (AUT)<\/p>\n","protected":false},"excerpt":{"rendered":"\u00dcberraschung bei der Darts-WM! W\u00e4hrend Ricardo \u201ePikachu\u201c Pietreczko gegen Andreas Harryson ums WM-Achtelfinale k\u00e4mpft, gibt es an den&hellip;\n","protected":false},"author":2,"featured_media":675762,"comment_status":"","ping_status":"","sticky":false,"template":"","format":"standard","meta":{"footnotes":""},"categories":[136],"tags":[1263,5500,3867,5498,5499,29,30,265,45,1261,5501],"class_list":{"0":"post-675761","1":"post","2":"type-post","3":"status-publish","4":"format-standard","5":"has-post-thumbnail","7":"category-sport","8":"tag-aufmacher-bereich","9":"tag-dart-sportler","10":"tag-darts","11":"tag-darts-ereignisse","12":"tag-darts-wm","13":"tag-deutschland","14":"tag-germany","15":"tag-sport","16":"tag-texttospeech","17":"tag-toralarm-top-news","18":"tag-van-gerwen-michael"},"share_on_mastodon":{"url":"https:\/\/pubeurope.com\/@de\/115793700097725792","error":""},"_links":{"self":[{"href":"https:\/\/www.europesays.com\/de\/wp-json\/wp\/v2\/posts\/675761","targetHints":{"allow":["GET"]}}],"collection":[{"href":"https:\/\/www.europesays.com\/de\/wp-json\/wp\/v2\/posts"}],"about":[{"href":"https:\/\/www.europesays.com\/de\/wp-json\/wp\/v2\/types\/post"}],"author":[{"embeddable":true,"href":"https:\/\/www.europesays.com\/de\/wp-json\/wp\/v2\/users\/2"}],"replies":[{"embeddable":true,"href":"https:\/\/www.europesays.com\/de\/wp-json\/wp\/v2\/comments?post=675761"}],"version-history":[{"count":0,"href":"https:\/\/www.europesays.com\/de\/wp-json\/wp\/v2\/posts\/675761\/revisions"}],"wp:featuredmedia":[{"embeddable":true,"href":"https:\/\/www.europesays.com\/de\/wp-json\/wp\/v2\/media\/675762"}],"wp:attachment":[{"href":"https:\/\/www.europesays.com\/de\/wp-json\/wp\/v2\/media?parent=675761"}],"wp:term":[{"taxonomy":"category","embeddable":true,"href":"https:\/\/www.europesays.com\/de\/wp-json\/wp\/v2\/categories?post=675761"},{"taxonomy":"post_tag","embeddable":true,"href":"https:\/\/www.europesays.com\/de\/wp-json\/wp\/v2\/tags?post=675761"}],"curies":[{"name":"wp","href":"https:\/\/api.w.org\/{rel}","templated":true}]}}