{"id":675767,"date":"2025-12-27T21:41:13","date_gmt":"2025-12-27T21:41:13","guid":{"rendered":"https:\/\/www.europesays.com\/de\/675767\/"},"modified":"2025-12-27T21:41:13","modified_gmt":"2025-12-27T21:41:13","slug":"manche-teile-sind-200-prozent-teurer-geworden-caravan-firma-geht-in-die-insolvenz","status":"publish","type":"post","link":"https:\/\/www.europesays.com\/de\/675767\/","title":{"rendered":"\u201eManche Teile sind 200 Prozent teurer geworden\u201c \u2013 Caravan-Firma geht in die Insolvenz"},"content":{"rendered":"<ol class=\"id-DonaldBreadcrumb lp_west_breadcrumb id-DonaldBreadcrumb--default\" data-k5a-pos=\"west_breadcrumb\">\n<li class=\"id-Breadcrumb-item\"><a href=\"https:\/\/www.merkur.de\/\" class=\"id-Breadcrumb-link\" data-id-ec=\"{\" shn=\"\" textlink=\"\" data-k5a-pos=\"1_startseite\" target=\"_blank\" rel=\"noopener\">Startseite<\/a><\/li>\n<li class=\"id-Breadcrumb-item\"><a href=\"https:\/\/www.merkur.de\/wirtschaft\/\" class=\"id-Breadcrumb-link\" data-id-ec=\"{\" shn=\"\" textlink=\"\" data-k5a-pos=\"2_wirtschaft\" target=\"_blank\" rel=\"noopener\">Wirtschaft<\/a><\/li>\n<\/ol>\n<p class=\"id-Story-timestamp id-Story-timestamp--default\">Stand: 27.12.2025, 17:59 Uhr<\/p>\n<p class=\"id-Story-authors id-Story-authors--default\">Von: <a class=\"id-Story-authors-link lp_west_author\" href=\"https:\/\/www.merkur.de\/autor\/lisa-mayerhofer-n8ikbmg12.html\" title=\"Zur Autorenseite von Lisa Mayerhofer\" data-id-ec=\"{\" shn=\"\" author-link=\"\" mayerhofer=\"\" data-k5a-pos=\"west_author\" target=\"_blank\" rel=\"noopener\">Lisa Mayerhofer<\/a><\/p>\n<p class=\"id-Story-interactionBar id-Story-interactionBar--default\">DruckenTeilen<\/p>\n<p class=\"id-StoryElement-leadText\">Bekannte Caravan-Firma wird insolvent: Die Pleitewelle ebbt zum Jahresende nicht ab. Das Unternehmen ist branchenweit anerkannt.<\/p>\n<p class=\"id-StoryElement-paragraph\">Hamburg \u2013 Jeden Monat geraten Unternehmen in Zahlungsschwierigkeiten. Auch zum Jahresende zeichnet sich kein Ende der Pleitewelle in der deutschen Wirtschaft ab.\u00a0So musste nun die Caravan-Firma Salty Blue GmbH\u00a0aus Bargteheide (Schleswig-Holstein) nahe Hamburg <a href=\"https:\/\/www.merkur.de\/wirtschaft\/insolvenz-sti1525342\/\" class=\"id-import-Link\" title=\"Insolvenz\" data-id-ec=\"{&quot;sht&quot;:&quot;Container&quot;,&quot;shn&quot;:&quot;Story&quot;,&quot;p&quot;:{&quot;containerType&quot;:&quot;Paragraph&quot;,&quot;displayType&quot;:&quot;Paragraph InlineLink&quot;,&quot;type&quot;:&quot;INLINE_LINK&quot;,&quot;value&quot;:&quot;Insolvenz&quot;,&quot;variant&quot;:&quot;standardLink&quot;,&quot;sponsored&quot;:false,&quot;linkHref&quot;:&quot;https:\/\/www.merkur.de\/wirtschaft\/insolvenz-sti1525342\/&quot;,&quot;storyElementPosition&quot;:8,&quot;storyElementCount&quot;:22}}\" target=\"_blank\" rel=\"noopener\">Insolvenz<\/a> anmelden.<\/p>\n<p class=\"id-StoryElement-paragraph\">Das Unternehmen reichte am 17. Dezember <a href=\"https:\/\/www.merkur.de\/wirtschaft\/heftiger-niedergang-nach-corona-hoch-deutsches-unternehmen-muss-insolvenz-anmelden-zr-93616780.html\" class=\"id-import-Link\" data-id-ec=\"{&quot;sht&quot;:&quot;Container&quot;,&quot;shn&quot;:&quot;Story&quot;,&quot;p&quot;:{&quot;containerType&quot;:&quot;Paragraph&quot;,&quot;displayType&quot;:&quot;Paragraph InlineLink&quot;,&quot;type&quot;:&quot;INLINE_LINK&quot;,&quot;value&quot;:&quot;einen vorl&#xE4;ufigen&#xA0;Insolvenzantrag&#xA0;am Reinbeker Amtsgericht ein&quot;,&quot;variant&quot;:&quot;standardLink&quot;,&quot;sponsored&quot;:false,&quot;linkHref&quot;:&quot;https:\/\/www.merkur.de\/wirtschaft\/heftiger-niedergang-nach-corona-hoch-deutsches-unternehmen-muss-insolvenz-anmelden-zr-93616780.html&quot;,&quot;storyElementPosition&quot;:10,&quot;storyElementCount&quot;:22}}\" target=\"_blank\" rel=\"noopener\">einen vorl\u00e4ufigen\u00a0Insolvenzantrag\u00a0am Reinbeker Amtsgericht ein<\/a>, wie der Hamburger Insolvenzverwalter Torben Langhinrichs gegen\u00fcber dem Hamburger Abendblatt best\u00e4tigte. Starttermin f\u00fcr die Regelinsolvenz solle demnach der 1. M\u00e4rz sein.\u00a0<\/p>\n<p><img decoding=\"async\" class=\"id-RatioPlaceholder-element wv_story_el_image\" src=\"https:\/\/www.europesays.com\/de\/wp-content\/uploads\/2025\/12\/38900945-camping-urlauber-vor-ihren-campern-archivbild-332JCLSp5CBG.jpg\" loading=\"lazy\"   height=\"797\" width=\"1100\" alt=\"Camping-Urlauber vor ihren Campern. (Archivbild)\"\/>Die Branche rund um Wohnmobile, Caravans und Camping hat zwar w\u00e4hrend der Corona-Pandemie einen beispiellosen Boom erlebt, doch dieser ebbt gerade ab. (Symbolbild) \u00a9\u00a0Jan-Philipp Strobel\/dpaSalty Blue insolvent: \u201eWir arbeiten aber weiter!\u201c<\/p>\n<p class=\"id-StoryElement-paragraph\">Salty Blue Campers ist laut dem Fachmagazin Explorer Magazin vor allem f\u00fcr Ausbauten von Vans bekannt, die sowohl in Neu- als auch Gebrauchtwagen angeboten werden. Das Unternehmen installierte seinem Instagram-Profil zufolge in Fahrzeuge wie den Ford Transit oder VW Transporter neue Sitzgelegenheiten und K\u00fcchenzeilen oder montierte Dachzelte.<\/p>\n<p class=\"id-StoryElement-paragraph\">Auf der Website von Salty Blue ist zu lesen: \u201eWie Ihr wahrscheinlich schon alle geh\u00f6rt habt, <a href=\"https:\/\/www.kreiszeitung.de\/lokales\/niedersachsen\/insolvenz-dicht-hoffnung-zerschlagen-camping-firma-in-niedersachsen-macht-wegen-93689444.html\" class=\"id-import-Link id-pageApi-Link--externalDomain\" data-id-ec=\"{&quot;sht&quot;:&quot;Container&quot;,&quot;shn&quot;:&quot;Story&quot;,&quot;p&quot;:{&quot;containerType&quot;:&quot;Paragraph&quot;,&quot;displayType&quot;:&quot;Paragraph InlineLink&quot;,&quot;type&quot;:&quot;INLINE_LINK&quot;,&quot;value&quot;:&quot;mussten wir einen Insolvenzantrag stellen&quot;,&quot;variant&quot;:&quot;standardLink&quot;,&quot;sponsored&quot;:false,&quot;linkHref&quot;:&quot;https:\/\/www.kreiszeitung.de\/lokales\/niedersachsen\/insolvenz-dicht-hoffnung-zerschlagen-camping-firma-in-niedersachsen-macht-wegen-93689444.html&quot;,&quot;storyElementPosition&quot;:15,&quot;storyElementCount&quot;:22}}\" target=\"_blank\" rel=\"noopener\">mussten wir einen Insolvenzantrag stellen<\/a>. Das Insolvenzgericht hat ein vorl\u00e4ufiges Insolvenzverfahren angeordnet. Wir arbeiten aber weiter! Zwischen Weihnachten und Neujahr arbeiten wir jetzt alles auf und kommen nach R\u00fccksprache mit dem vorl\u00e4ufigen Insolvenzverwalter kurzfristig auf Euch zu!\u201c<\/p>\n<p>Geringere Nachfrage, h\u00f6here Kosten: Caravan-Experte insolvent<\/p>\n<p class=\"id-StoryElement-paragraph\">Grund f\u00fcr die Insolvenz sei die geringere Nachfrage gewesen, so der Insolvenzverwalter gegen\u00fcber dem Hamburger Abendblatt. Zudem seien die Kosten explodiert. \u201eManche Teile sind in den vergangenen Jahren um 200 Prozent teurer geworden\u201c, so Langhinrichs.<\/p>\n<p class=\"id-StoryElement-paragraph\">Nun versuche man, mit allen Beteiligten eine L\u00f6sung zu finden. So frage man laut dem Insolvenzverwalter bei Kunden an, ob es f\u00fcr sie m\u00f6glich sei, in Vorkasse zu gehen und die geleisteten Zahlungen dann mit dem Gesamtpreis zu verrechnen. Denn so k\u00f6nnten die Bauteile finanziert werden. Aktuell habe das Unternehmen noch 60 Bestellungen. Und die 18 <a href=\"https:\/\/www.merkur.de\/wirtschaft\/altgedientes-unternehmen-ist-insolvent-wirtschaftskrise-trifft-zentrale-branche-zr-93597497.html\" class=\"id-import-Link\" data-id-ec=\"{&quot;sht&quot;:&quot;Container&quot;,&quot;shn&quot;:&quot;Story&quot;,&quot;p&quot;:{&quot;containerType&quot;:&quot;Paragraph&quot;,&quot;displayType&quot;:&quot;Paragraph InlineLink&quot;,&quot;type&quot;:&quot;INLINE_LINK&quot;,&quot;value&quot;:&quot;Mitarbeiter wollen ihren Arbeitgeber weiter unterst&#xFC;tzen&quot;,&quot;variant&quot;:&quot;standardLink&quot;,&quot;sponsored&quot;:false,&quot;linkHref&quot;:&quot;https:\/\/www.merkur.de\/wirtschaft\/altgedientes-unternehmen-ist-insolvent-wirtschaftskrise-trifft-zentrale-branche-zr-93597497.html&quot;,&quot;storyElementPosition&quot;:20,&quot;storyElementCount&quot;:22}}\" target=\"_blank\" rel=\"noopener\">Mitarbeiter wollen ihren Arbeitgeber weiter unterst\u00fctzen<\/a>, so der Insolvenzverwalter gegen\u00fcber der Zeitung. Salty Blue sei eine \u201equalitativ hochwertige Marke\u201c, auf Instagram hat das Unternehmen 135.000 Follower. Es gebe auch Investoren, die perspektivisch Interesse angemeldet haben.<\/p>\n<p>Caravan-Boom ebbt ab \u2013 Branche leidet an \u00dcberangebot<\/p>\n<p class=\"id-StoryElement-paragraph\">Die Branche rund um Wohnmobile, Caravans und Camping hat zwar w\u00e4hrend der Corona-Pandemie einen beispiellosen Boom erlebt, doch dieser ebbt gerade ab. Die Hersteller haben 2024 rund 16,4 Prozent <a href=\"https:\/\/www.merkur.de\/wirtschaft\/spannungen-in-der-caravan-branche-weiteres-traditionsunternehmen-ist-insolvent-zr-93537073.html\" class=\"id-import-Link\" data-id-ec=\"{&quot;sht&quot;:&quot;Container&quot;,&quot;shn&quot;:&quot;Story&quot;,&quot;p&quot;:{&quot;containerType&quot;:&quot;Paragraph&quot;,&quot;displayType&quot;:&quot;Paragraph InlineLink&quot;,&quot;type&quot;:&quot;INLINE_LINK&quot;,&quot;value&quot;:&quot;weniger Wohnmobile und Caravans abgesetzt&quot;,&quot;variant&quot;:&quot;standardLink&quot;,&quot;sponsored&quot;:false,&quot;linkHref&quot;:&quot;https:\/\/www.merkur.de\/wirtschaft\/spannungen-in-der-caravan-branche-weiteres-traditionsunternehmen-ist-insolvent-zr-93537073.html&quot;,&quot;storyElementPosition&quot;:22,&quot;storyElementCount&quot;:22}}\" target=\"_blank\" rel=\"noopener\">weniger Wohnmobile und Caravans abgesetzt<\/a>, berichtet das Manager Magazin.\u00a0Die Branche leide an einem \u00dcberangebot an Fahrzeugen und einer geringeren Nachfrage. Diese Entwicklung hat nun unter anderem die Caravan-Firma Salty Blue zahlungsunf\u00e4hig gemacht. Quellen: Hamburger Abendblatt, Explorer Magazin, Manager Magazin, Website und Social Media des Unternehmens<\/p>\n","protected":false},"excerpt":{"rendered":"Startseite Wirtschaft Stand: 27.12.2025, 17:59 Uhr Von: Lisa Mayerhofer DruckenTeilen Bekannte Caravan-Firma wird insolvent: Die Pleitewelle ebbt zum&hellip;\n","protected":false},"author":2,"featured_media":675768,"comment_status":"","ping_status":"","sticky":false,"template":"","format":"standard","meta":{"footnotes":""},"categories":[134],"tags":[175,170,169,29,30,171,174,173,172],"class_list":{"0":"post-675767","1":"post","2":"type-post","3":"status-publish","4":"format-standard","5":"has-post-thumbnail","7":"category-unternehmen-maerkte","8":"tag-business","9":"tag-companies","10":"tag-companies-markets","11":"tag-deutschland","12":"tag-germany","13":"tag-markets","14":"tag-maerkte","15":"tag-unternehmen","16":"tag-unternehmen-maerkte"},"share_on_mastodon":{"url":"https:\/\/pubeurope.com\/@de\/115793710118118254","error":""},"_links":{"self":[{"href":"https:\/\/www.europesays.com\/de\/wp-json\/wp\/v2\/posts\/675767","targetHints":{"allow":["GET"]}}],"collection":[{"href":"https:\/\/www.europesays.com\/de\/wp-json\/wp\/v2\/posts"}],"about":[{"href":"https:\/\/www.europesays.com\/de\/wp-json\/wp\/v2\/types\/post"}],"author":[{"embeddable":true,"href":"https:\/\/www.europesays.com\/de\/wp-json\/wp\/v2\/users\/2"}],"replies":[{"embeddable":true,"href":"https:\/\/www.europesays.com\/de\/wp-json\/wp\/v2\/comments?post=675767"}],"version-history":[{"count":0,"href":"https:\/\/www.europesays.com\/de\/wp-json\/wp\/v2\/posts\/675767\/revisions"}],"wp:featuredmedia":[{"embeddable":true,"href":"https:\/\/www.europesays.com\/de\/wp-json\/wp\/v2\/media\/675768"}],"wp:attachment":[{"href":"https:\/\/www.europesays.com\/de\/wp-json\/wp\/v2\/media?parent=675767"}],"wp:term":[{"taxonomy":"category","embeddable":true,"href":"https:\/\/www.europesays.com\/de\/wp-json\/wp\/v2\/categories?post=675767"},{"taxonomy":"post_tag","embeddable":true,"href":"https:\/\/www.europesays.com\/de\/wp-json\/wp\/v2\/tags?post=675767"}],"curies":[{"name":"wp","href":"https:\/\/api.w.org\/{rel}","templated":true}]}}