{"id":675771,"date":"2025-12-27T21:43:14","date_gmt":"2025-12-27T21:43:14","guid":{"rendered":"https:\/\/www.europesays.com\/de\/675771\/"},"modified":"2025-12-27T21:43:14","modified_gmt":"2025-12-27T21:43:14","slug":"finanzierung-italiens-justiz-deckt-geldstroeme-an-hamas-auf","status":"publish","type":"post","link":"https:\/\/www.europesays.com\/de\/675771\/","title":{"rendered":"Finanzierung &#8211; Italiens Justiz deckt Geldstr\u00f6me an Hamas auf"},"content":{"rendered":"<p>                    <img decoding=\"async\" loading=\"lazy\" class=\"internal-image\" title=\"Terroristen der Hamas\" alt=\"Terroristen der Hamas\" src=\"https:\/\/www.europesays.com\/de\/wp-content\/uploads\/2025\/12\/hamas-114-1920x1080.jpg\" \/><\/p>\n<p>                  Terroristen der Hamas (picture alliance \/ ZUMAPRESS.com \/ Yousef Masoud)<\/p>\n<p>Nach Angaben der Staatsanwaltschaft Genua wurden Verm\u00f6genswerte von acht Millionen Euro beschlagnahmt. Neun Menschen seien wegen des Verdachts auf Terrorismusfinanzierung festgenommen worden. Zu den Tatverd\u00e4chtigen z\u00e4hlt auch der Pr\u00e4sident der Vereinigung der Pal\u00e4stinenser in Italien.<\/p>\n<p>Nach Angaben der Ermittler soll das Netzwerk in den vergangenen Jahren rund sieben Millionen Euro an die Hamas im Gazastreifen weitergeleitet haben. Als Tarnung sei das Geld als Spenden f\u00fcr die pal\u00e4stinensische Zivilbev\u00f6lkerung deklariert worden. Die italienische Finanzpolizei ermittelt in diesem Zusammenhang auch gegen drei Wohlt\u00e4tigkeitsvereine, die \u00fcber Jahrzehnte von Anh\u00e4ngern der Hamas betrieben worden sein sollen.<\/p>\n<p>                Aus dem Deutschlandfunk-Programm<br \/>\n                <a title=\"Link auf: Italien: Schlag gegen die Hamas-Finanzierung\" target=\"_blank\" href=\"https:\/\/www.deutschlandfunk.de\/italien-schlag-gegen-die-hamas-finanzierung-100.html\" class=\"click-tracking-paragraph\" data-tracking=\"{&quot;name&quot;:&quot;Link in Beitrag&quot;,&quot;chapter1&quot;:&quot;https:\/\/www.deutschlandfunk.de\/italien-schlag-gegen-die-hamas-finanzierung-100.html&quot;,&quot;chapter2&quot;:&quot;Italien: Schlag gegen die Hamas-Finanzierung&quot;,&quot;chapter3&quot;:&quot;Terror-Finanzierung - Italiens Justiz deckt Geldstr\u00f6me an Hamas auf&quot;,&quot;level2&quot;:2}\" rel=\"nofollow noopener\">Italien: Schlag gegen die Hamas-Finanzierung<\/a><\/p>\n<p>Diese Nachricht wurde am 27.12.2025 im Programm Deutschlandfunk gesendet.<\/p>\n","protected":false},"excerpt":{"rendered":"Terroristen der Hamas (picture alliance \/ ZUMAPRESS.com \/ Yousef Masoud) Nach Angaben der Staatsanwaltschaft Genua wurden Verm\u00f6genswerte von&hellip;\n","protected":false},"author":2,"featured_media":675772,"comment_status":"","ping_status":"","sticky":false,"template":"","format":"standard","meta":{"footnotes":""},"categories":[2],"tags":[29,30,13,14,15,12,10,8,9,11],"class_list":{"0":"post-675771","1":"post","2":"type-post","3":"status-publish","4":"format-standard","5":"has-post-thumbnail","7":"category-deutschland","8":"tag-deutschland","9":"tag-germany","10":"tag-headlines","11":"tag-nachrichten","12":"tag-news","13":"tag-schlagzeilen","14":"tag-top-news","15":"tag-top-meldungen","16":"tag-topmeldungen","17":"tag-topnews"},"share_on_mastodon":{"url":"https:\/\/pubeurope.com\/@de\/115793717418239110","error":""},"_links":{"self":[{"href":"https:\/\/www.europesays.com\/de\/wp-json\/wp\/v2\/posts\/675771","targetHints":{"allow":["GET"]}}],"collection":[{"href":"https:\/\/www.europesays.com\/de\/wp-json\/wp\/v2\/posts"}],"about":[{"href":"https:\/\/www.europesays.com\/de\/wp-json\/wp\/v2\/types\/post"}],"author":[{"embeddable":true,"href":"https:\/\/www.europesays.com\/de\/wp-json\/wp\/v2\/users\/2"}],"replies":[{"embeddable":true,"href":"https:\/\/www.europesays.com\/de\/wp-json\/wp\/v2\/comments?post=675771"}],"version-history":[{"count":0,"href":"https:\/\/www.europesays.com\/de\/wp-json\/wp\/v2\/posts\/675771\/revisions"}],"wp:featuredmedia":[{"embeddable":true,"href":"https:\/\/www.europesays.com\/de\/wp-json\/wp\/v2\/media\/675772"}],"wp:attachment":[{"href":"https:\/\/www.europesays.com\/de\/wp-json\/wp\/v2\/media?parent=675771"}],"wp:term":[{"taxonomy":"category","embeddable":true,"href":"https:\/\/www.europesays.com\/de\/wp-json\/wp\/v2\/categories?post=675771"},{"taxonomy":"post_tag","embeddable":true,"href":"https:\/\/www.europesays.com\/de\/wp-json\/wp\/v2\/tags?post=675771"}],"curies":[{"name":"wp","href":"https:\/\/api.w.org\/{rel}","templated":true}]}}