{"id":675790,"date":"2025-12-27T21:54:11","date_gmt":"2025-12-27T21:54:11","guid":{"rendered":"https:\/\/www.europesays.com\/de\/675790\/"},"modified":"2025-12-27T21:54:11","modified_gmt":"2025-12-27T21:54:11","slug":"haus-brennt-ab-vater-schwer-verletzt","status":"publish","type":"post","link":"https:\/\/www.europesays.com\/de\/675790\/","title":{"rendered":"Haus brennt ab, Vater schwer verletzt"},"content":{"rendered":"<p>Bad D\u00fcrkheim. Am Samstagabend, dem 27.12.2025, gegen 19:15 Uhr wurde \u00fcber die Integrierte Leitstelle (ILS) Ludwigshafen ein Hausbrand in der Sonnenwendstra\u00dfe in Bad D\u00fcrkheim gemeldet. <\/p>\n<p>Vor Ort stellte die Polizei einen Brand im Erdgeschoss eines Wohnhauses fest. Die im Haus lebende Familie hatte das Geb\u00e4ude bereits verlassen. Nach Angaben des Sohnes entz\u00fcndete sich der Weihnachtsbaum, an dem echte Kerzen angebracht waren. Der Vater versuchte, den Brand selbst zu l\u00f6schen, und erlitt dabei schwere Verbrennungen. Er wurde zur weiteren medizinischen Behandlung in ein Krankenhaus gebracht. <\/p>\n<p>Die Feuerwehr l\u00f6schte den Brand. Der entstandene Sachschaden wird derzeit auf etwa 250.000 Euro gesch\u00e4tzt. Die Kriminalpolizei hat die Ermittlungen zur Brandursache aufgenommen. <\/p>\n<p>Das Geb\u00e4ude ist infolge des Brandes nicht mehr bewohnbar. Die Familie ist vor\u00fcbergehend bei Angeh\u00f6rigen untergebracht. <\/p>\n<p>Hinweis: Der Einsatz echter Kerzen an Weihnachtsb\u00e4umen birgt ein erh\u00f6htes Brandrisiko. Elektrische Lichterketten stellen eine sicherere Alternative dar. <\/p>\n","protected":false},"excerpt":{"rendered":"Bad D\u00fcrkheim. Am Samstagabend, dem 27.12.2025, gegen 19:15 Uhr wurde \u00fcber die Integrierte Leitstelle (ILS) Ludwigshafen ein Hausbrand&hellip;\n","protected":false},"author":2,"featured_media":675791,"comment_status":"","ping_status":"","sticky":false,"template":"","format":"standard","meta":{"footnotes":""},"categories":[1845],"tags":[156921,1634,3364,29,548,663,3934,30,13,2096,14,15,121,12],"class_list":{"0":"post-675790","1":"post","2":"type-post","3":"status-publish","4":"format-standard","5":"has-post-thumbnail","7":"category-mannheim","8":"tag-bad-drkheim","9":"tag-baden-wuerttemberg","10":"tag-de","11":"tag-deutschland","12":"tag-eu","13":"tag-europa","14":"tag-europe","15":"tag-germany","16":"tag-headlines","17":"tag-mannheim","18":"tag-nachrichten","19":"tag-news","20":"tag-polizei","21":"tag-schlagzeilen"},"share_on_mastodon":{"url":"https:\/\/pubeurope.com\/@de\/115793760331516835","error":""},"_links":{"self":[{"href":"https:\/\/www.europesays.com\/de\/wp-json\/wp\/v2\/posts\/675790","targetHints":{"allow":["GET"]}}],"collection":[{"href":"https:\/\/www.europesays.com\/de\/wp-json\/wp\/v2\/posts"}],"about":[{"href":"https:\/\/www.europesays.com\/de\/wp-json\/wp\/v2\/types\/post"}],"author":[{"embeddable":true,"href":"https:\/\/www.europesays.com\/de\/wp-json\/wp\/v2\/users\/2"}],"replies":[{"embeddable":true,"href":"https:\/\/www.europesays.com\/de\/wp-json\/wp\/v2\/comments?post=675790"}],"version-history":[{"count":0,"href":"https:\/\/www.europesays.com\/de\/wp-json\/wp\/v2\/posts\/675790\/revisions"}],"wp:featuredmedia":[{"embeddable":true,"href":"https:\/\/www.europesays.com\/de\/wp-json\/wp\/v2\/media\/675791"}],"wp:attachment":[{"href":"https:\/\/www.europesays.com\/de\/wp-json\/wp\/v2\/media?parent=675790"}],"wp:term":[{"taxonomy":"category","embeddable":true,"href":"https:\/\/www.europesays.com\/de\/wp-json\/wp\/v2\/categories?post=675790"},{"taxonomy":"post_tag","embeddable":true,"href":"https:\/\/www.europesays.com\/de\/wp-json\/wp\/v2\/tags?post=675790"}],"curies":[{"name":"wp","href":"https:\/\/api.w.org\/{rel}","templated":true}]}}