{"id":675886,"date":"2025-12-27T22:57:15","date_gmt":"2025-12-27T22:57:15","guid":{"rendered":"https:\/\/www.europesays.com\/de\/675886\/"},"modified":"2025-12-27T22:57:15","modified_gmt":"2025-12-27T22:57:15","slug":"der-89-jaehrige-rudolf-klink-zeichnet-walstedde-mit-der-feder","status":"publish","type":"post","link":"https:\/\/www.europesays.com\/de\/675886\/","title":{"rendered":"Der 89-j\u00e4hrige Rudolf Klink zeichnet Walstedde mit der Feder"},"content":{"rendered":"<ol class=\"id-DonaldBreadcrumb lp_west_breadcrumb id-DonaldBreadcrumb--default\" data-k5a-pos=\"west_breadcrumb\">\n<li class=\"id-Breadcrumb-item\"><a href=\"https:\/\/www.wa.de\/\" class=\"id-Breadcrumb-link\" data-id-ec=\"{\" shn=\"\" textlink=\"\" data-k5a-pos=\"1_waDe\" rel=\"nofollow noopener\" target=\"_blank\">wa.de<\/a><\/li>\n<li class=\"id-Breadcrumb-item\"><a href=\"https:\/\/www.wa.de\/lokales\/\" class=\"id-Breadcrumb-link\" data-id-ec=\"{\" shn=\"\" textlink=\"\" data-k5a-pos=\"2_lokales\" rel=\"nofollow noopener\" target=\"_blank\">Lokales<\/a><\/li>\n<li class=\"id-Breadcrumb-item\"><a href=\"https:\/\/www.wa.de\/lokales\/drensteinfurt\/\" class=\"id-Breadcrumb-link\" data-id-ec=\"{\" shn=\"\" textlink=\"\" data-k5a-pos=\"3_drensteinfurt\" rel=\"nofollow noopener\" target=\"_blank\">Drensteinfurt<\/a><\/li>\n<\/ol>\n<p class=\"id-Story-timestamp id-Story-timestamp--default\">Stand: 27.12.2025, 12:00 Uhr<\/p>\n<p class=\"id-Story-authors id-Story-authors--default\">Von: <a class=\"id-Story-authors-link lp_west_author\" href=\"https:\/\/www.wa.de\/autor\/mechthild-wiesrecker-w1enjbo0k.html\" title=\"Zur Autorenseite von Mechthild Wiesrecker\" data-id-ec=\"{\" shn=\"\" author-link=\"\" wiesrecker=\"\" data-k5a-pos=\"west_author\" rel=\"nofollow noopener\" target=\"_blank\">Mechthild Wiesrecker<\/a><\/p>\n<p class=\"id-Story-interactionBar id-Story-interactionBar--default\">DruckenTeilen<\/p>\n<p><img decoding=\"async\" class=\"id-RatioPlaceholder-element wv_story_el_image\" src=\"https:\/\/www.europesays.com\/de\/wp-content\/uploads\/2025\/12\/40925357-rudolf-klink-hat-nach-langer-zeit-wieder-gemalt-seine-werke-koennen-im-neuen-kalender-von-f.jpeg\" loading=\"eager\" fetchpriority=\"high\"   height=\"792\" width=\"1408\" alt=\"Rudolf Klink hat nach langer Zeit wieder gemalt. Seine Werke k&#xF6;nnen im neuen  Kalender von Fortuna Walstedde bestaunt werden.\"\/>Rudolf Klink hat nach langer Zeit wieder gemalt. Seine Werke k\u00f6nnen im neuen Kalender von Fortuna Walstedde bestaunt werden. \u00a9\u00a0Mechthild Wiesrecker<\/p>\n<p class=\"id-StoryElement-leadText\">Rudolf Klink hat nach langer Pause wieder gemalt. F\u00fcr den Fortuna-Kalender hat er Dorfansichten angefertigt. <\/p>\n<p class=\"id-StoryElement-paragraph\">Rudolf Klink ist ein Multitalent: Schriftsteller, Glaser, K\u00fcnstler und Maler. F\u00fcr den Fortuna-Kalender 2026 hat der 89-J\u00e4hrige nun Federzeichnungen mit Motiven aus Walstedde angefertigt.<\/p>\n<p class=\"id-StoryElement-paragraph\">Walstedde &#8211; Schon beim Betreten seines Wohnzimmers wird deutlich, wie kreativ der Walstedder ist. Kunstobjekte stehen und h\u00e4ngen \u00fcberall: farbenfrohe Tiffanylampen mit filigranen Mustern, \u00d6lgem\u00e4lde, Kunstdrucke. <\/p>\n<p class=\"id-StoryElement-paragraph\">Im B\u00fccherregal reiht sich eine beeindruckende Zahl selbst verfasster Werke aneinander. Ruhestand bedeutet f\u00fcr Rudolf Klink keineswegs Stillstand. \u201eIch f\u00fchle mich kr\u00e4ftig und fit genug, weiter aktiv zu sein\u201c, sagt er schlicht.<\/p>\n<p>Die alten Meister studiert<\/p>\n<p class=\"id-StoryElement-paragraph\">Der Malerei wandte er sich fr\u00fch zu. W\u00e4hrend seiner Arbeit als Glaser studierte er Kunst im Fernstudium, an den Wochenenden fuhr er zum praktischen Unterricht nach Amsterdam. \u201eDas Handwerk habe ich dort gelernt, ge\u00fcbt wurde zu Hause\u201c, erz\u00e4hlt er. Viele alte Meister malte er nach und entwickelte dabei seine eigene Technik. <\/p>\n<p class=\"id-StoryElement-paragraph\">Er arbeitete mit \u00d6lfarben, verwischte die Farbe bewusst, sodass die Werke fast aquarellartig wirkten. Seine Bilder stellte er in zahlreichen Ausstellungen aus, unter anderem in der Alten Post in Drensteinfurt sowie in Hamm, Menden und Soest \u2013 und verkaufte sie erfolgreich. Sp\u00e4ter experimentierte er mit Kreistechniken und Federzeichnungen.<\/p>\n<p><img decoding=\"async\" class=\"id-RatioPlaceholder-element wv_story_el_image\" src=\"https:\/\/www.europesays.com\/de\/wp-content\/uploads\/2025\/12\/40925366-ein-oelgemaelde-gemalt-und-bearbeitet-mit-der-von-rudolf-klink-entwickelten-eigenen-technik.jpeg\" loading=\"lazy\"   height=\"1323\" width=\"1100\" alt=\"Ein &#xD6;lgem&#xE4;lde gemalt und bearbeitet, mit der von Rudolf Klink entwickelten eigenen Technik.\"\/>Ein \u00d6lgem\u00e4lde gemalt und bearbeitet, mit der von Rudolf Klink entwickelten eigenen Technik. \u00a9\u00a0Mechthild WiesreckerAls Glaser leichter Zugang zur Tiffany-Glaskunst<\/p>\n<p class=\"id-StoryElement-paragraph\">Als das Interesse an der Malerei nachlie\u00df, entdeckte Klink die Tiffany-Glaskunst f\u00fcr sich. Dabei kam ihm seine Ausbildung zum Glaser zugute, die er bereits mit 14 Jahren begonnen hatte. \u201eIch wusste, wie man Glas bearbeitet, und hatte sogar noch Werkzeug von fr\u00fcher\u201c, sagt er.<\/p>\n<p class=\"id-StoryElement-paragraph\">In geduldiger Handarbeit entstanden zahlreiche Lampen und Dekorationsobjekte, viele davon als Auftragsarbeiten. Die sch\u00f6nsten Unikate behielt er selbst. \u201eEs war intensiv \u2013 und auch materialintensiv. Aber es hat immer Spa\u00df gemacht.\u201c <\/p>\n<p class=\"id-StoryElement-paragraph\">\u201eMeine Frau sagt immer: Wenn du etwas machst, dann bist du richtig besessen davon\u201c, erz\u00e4hlt Klink schmunzelnd. Tats\u00e4chlich habe er jede freie Minute genutzt. Abends geh\u00f6rte seine Zeit der Kunst, tags\u00fcber war er beruflich eingespannt \u2013 zun\u00e4chst als Glaser, sp\u00e4ter nach einer Umschulung als Mess- und Regelelektroniker und ab 1981 bis zur Rente als selbstst\u00e4ndiger Kundendiensttechniker f\u00fcr Haushaltsger\u00e4te.<\/p>\n<p><img decoding=\"async\" class=\"id-RatioPlaceholder-element wv_story_el_image\" src=\"https:\/\/www.europesays.com\/de\/wp-content\/uploads\/2025\/12\/40925362-mit-den-jahren-hat-der-walstedder-seine-freude-an-tiffany-glaskunst-entdeckt-QKBG.jpg\" loading=\"lazy\"   height=\"729\" width=\"1100\" alt=\"Mit den Jahren hat der Walstedder seine Freude an Tiffany-Glaskunst entdeckt.\"\/>Mit den Jahren hat der Walstedder seine Freude an Tiffany-Glaskunst entdeckt. \u00a9\u00a0Mechthild WiesreckerDank eines Geistesblitzes zur\u00fcck zur Malerei<\/p>\n<p class=\"id-StoryElement-paragraph\">Auf die Malerei folgte schlie\u00dflich das Schreiben. Seit 2010 erz\u00e4hlt Rudolf <a href=\"https:\/\/www.wa.de\/lokales\/drensteinfurt\/walstedder-autor-rudolf-klink-schreibt-ersten-krimi-spielt-hamm-9796178.html\" class=\"id-import-Link\" data-id-ec=\"{&quot;sht&quot;:&quot;Container&quot;,&quot;shn&quot;:&quot;Story&quot;,&quot;p&quot;:{&quot;containerType&quot;:&quot;Paragraph&quot;,&quot;displayType&quot;:&quot;Paragraph InlineLink&quot;,&quot;type&quot;:&quot;INLINE_LINK&quot;,&quot;value&quot;:&quot;eine Geschichte&quot;,&quot;variant&quot;:&quot;standardLink&quot;,&quot;sponsored&quot;:false,&quot;linkHref&quot;:&quot;https:\/\/www.wa.de\/lokales\/drensteinfurt\/walstedder-autor-rudolf-klink-schreibt-ersten-krimi-spielt-hamm-9796178.html&quot;,&quot;storyElementPosition&quot;:25,&quot;storyElementCount&quot;:27}}\" rel=\"nofollow noopener\" target=\"_blank\">eine Geschichte<\/a>, die im Krieg beginnt. Inzwischen sind zahlreiche B\u00e4nde entstanden \u2013 ein Ende ist nicht in Sicht. . Gemalt hat er lange Zeit nicht mehr. Bis jetzt. \u201eDie Idee, einen Kalender f\u00fcr Fortuna zu gestalten, war ein spontaner Geistesblitz\u201c, beschreibt er.<\/p>\n<p class=\"id-StoryElement-paragraph\">Alte und neue Dorfansichten setzte er als Federzeichnungen um und bot sie dem Sportverein an, der das kostenlose Angebot gern annahm. Sollte Fortuna erneut Interesse haben, k\u00f6nnte es auch 2027 einen Kalender von Rudolf Klink geben. \u201eDann aber als farbigen Kunstkalender\u201c, stellt der K\u00fcnstler in Aussicht. Der Kalender kann zum Preis von 10 Euro bei Fortuna erworben werden.<\/p>\n","protected":false},"excerpt":{"rendered":"wa.de Lokales Drensteinfurt Stand: 27.12.2025, 12:00 Uhr Von: Mechthild Wiesrecker DruckenTeilen Rudolf Klink hat nach langer Zeit wieder&hellip;\n","protected":false},"author":2,"featured_media":675887,"comment_status":"","ping_status":"","sticky":false,"template":"","format":"standard","meta":{"footnotes":""},"categories":[1775],"tags":[1793,29,214,30,1794,215],"class_list":{"0":"post-675886","1":"post","2":"type-post","3":"status-publish","4":"format-standard","5":"has-post-thumbnail","7":"category-kunst-und-design","8":"tag-art-and-design","9":"tag-deutschland","10":"tag-entertainment","11":"tag-germany","12":"tag-kunst-und-design","13":"tag-unterhaltung"},"share_on_mastodon":{"url":"https:\/\/pubeurope.com\/@de\/115794008729264484","error":""},"_links":{"self":[{"href":"https:\/\/www.europesays.com\/de\/wp-json\/wp\/v2\/posts\/675886","targetHints":{"allow":["GET"]}}],"collection":[{"href":"https:\/\/www.europesays.com\/de\/wp-json\/wp\/v2\/posts"}],"about":[{"href":"https:\/\/www.europesays.com\/de\/wp-json\/wp\/v2\/types\/post"}],"author":[{"embeddable":true,"href":"https:\/\/www.europesays.com\/de\/wp-json\/wp\/v2\/users\/2"}],"replies":[{"embeddable":true,"href":"https:\/\/www.europesays.com\/de\/wp-json\/wp\/v2\/comments?post=675886"}],"version-history":[{"count":0,"href":"https:\/\/www.europesays.com\/de\/wp-json\/wp\/v2\/posts\/675886\/revisions"}],"wp:featuredmedia":[{"embeddable":true,"href":"https:\/\/www.europesays.com\/de\/wp-json\/wp\/v2\/media\/675887"}],"wp:attachment":[{"href":"https:\/\/www.europesays.com\/de\/wp-json\/wp\/v2\/media?parent=675886"}],"wp:term":[{"taxonomy":"category","embeddable":true,"href":"https:\/\/www.europesays.com\/de\/wp-json\/wp\/v2\/categories?post=675886"},{"taxonomy":"post_tag","embeddable":true,"href":"https:\/\/www.europesays.com\/de\/wp-json\/wp\/v2\/tags?post=675886"}],"curies":[{"name":"wp","href":"https:\/\/api.w.org\/{rel}","templated":true}]}}